{"id":13206,"date":"2021-02-16T12:23:34","date_gmt":"2021-02-16T15:23:34","guid":{"rendered":"https:\/\/abrelivros.org.br\/site\/?p=13206"},"modified":"2021-02-16T12:23:34","modified_gmt":"2021-02-16T15:23:34","slug":"lira-diz-que-ouvira-todas-as-opinioes-sobre-programa-do-livro-didatico","status":"publish","type":"post","link":"https:\/\/abrelivros.org.br\/site\/lira-diz-que-ouvira-todas-as-opinioes-sobre-programa-do-livro-didatico\/","title":{"rendered":"Lira diz que ouvir\u00e1 todas as opini\u00f5es sobre programa do livro did\u00e1tico"},"content":{"rendered":"<p>Em meio \u00e0 press\u00e3o de bolsonaristas para aprova\u00e7\u00e3o do Programa Nacional do Livro Did\u00e1tico (PNLD), o presidente da C\u00e2mara dos Deputados, Arthur Lira (PP-AL), afirmou, nesta segunda-feira (15\/2), que \u201cracismo, preconceito e viol\u00eancia contra a mulher s\u00e3o abomin\u00e1veis\u201d e acrescentou que ouvir\u00e1 todas as manifesta\u00e7\u00f5es.<!--more--><\/p>\n<p>\u201cSou nordestino antes de tudo e penso tamb\u00e9m que o racismo, o preconceito e a viol\u00eancia contra a mulher s\u00e3o abomin\u00e1veis e devem ser combatidos desde cedo\u201d, escreveu Lira.<\/p>\n<p>Aqui na C\u00e2mara a hora \u00e9 do n\u00f3s \u2013 e vamos ouvir e acolher todas as manifesta\u00e7\u00f5es. A maioria prevalecer\u00e1 como acontece na democracia. E o povo tem legitimidade de manifestar -se e mobilizar seus representantes.<\/p>\n<p>\u2014 Arthur Lira (@ArthurLira_) February 15, 2021<\/p>\n<p>\u201cAqui na C\u00e2mara a hora \u00e9 do n\u00f3s \u2014 e vamos ouvir e acolher todas as manifesta\u00e7\u00f5es. A maioria prevalecer\u00e1 como acontece na democracia. E o povo tem legitimidade de manifestar-se e mobilizar seus representantes\u201d, acrescentou.<\/p>\n<p>A hastag #LiraAprovaPNLD ficou em primeiro lugar nos trends topics do Twitter durante a manh\u00e3 desta segunda-feira, com cerca de 19 mil men\u00e7\u00f5es at\u00e9 pr\u00f3ximo ao meio-dia.<\/p>\n<p>Weintraub diz que novos livros did\u00e1ticos n\u00e3o ter\u00e3o \u201cideologia\u201d<br \/>\nA deputada Tabata Amaral (PDT-SP) criticou, na \u00faltima sexta-feira (12\/2), o edital do PNLD, que tirou dos crit\u00e9rios para a escolha das obras did\u00e1ticas temas como viol\u00eancia contra mulher, racismo e preconceito regional.<\/p>\n<p>A pedetista anunciou tamb\u00e9m que apresentou um Projeto de Decreto Legislativo (PDL) para suspender o edital. \u201cPluralismo de ideias e respeito \u00e0 diversidade s\u00e3o base da educa\u00e7\u00e3o!\u201d, escreveu a deputada.<\/p>\n<p>O edital do Programa Nacional do Livro Did\u00e1tico tirou dos crit\u00e9rios p\/ a escolha das obras temas como viol\u00eancia contra mulher, racismo e preconceito regional. Protocolei h\u00e1 pouco um PDL p\/ suspender esse absurdo. Pluralismo de ideias e respeito \u00e0 diversidade s\u00e3o base da educa\u00e7\u00e3o!<\/p>\n<p>\u2014 Tabata Amaral (@tabataamaralsp) February 13, 2021<\/p>\n<p>Nesta segunda-feira, bolsonaristas resgataram a publica\u00e7\u00e3o da pedetista e come\u00e7aram um movimento para pressionar o presidente da C\u00e2mara nas redes sociais. Lira foi eleito ao cargo com apoio do presidente Jair Bolsonaro (sem partido).<\/p>\n<p>\u201cO projeto do MEC para os livros did\u00e1ticos \u00e9 baseado em evid\u00eancias cient\u00edficas e por isso deixou de fora baboseiras ideol\u00f3gicas como a ideologia de g\u00eanero. A esquerda n\u00e3o gostou. Tabata e sua turma querem mudar. Precisamos reagir! #LiraAprovaPNLD\u201d, escreveu Rodrigo Constantino.<\/p>\n<p>O projeto do MEC para os livros did\u00e1ticos \u00e9 baseado em evid\u00eancias cient\u00edficas e por isso deixou de fora baboseiras ideol\u00f3gicas como a ideologia de g\u00eanero. A esquerda n\u00e3o gostou. Tabata e sua turma querem mudar. Precisamos reagir! #LiraAprovaPNLD<\/p>\n<p>\u2014 Rodrigo Constantino (@Rconstantino) February 15, 2021<\/p>\n<p>O presidente nacional do PTB, Roberto Jefferson, alinhado a Bolsonaro, tamb\u00e9m se manifestou. \u201cChega de doutrina\u00e7\u00e3o esquerdista nas escolas e nos livros did\u00e1ticos. Se deixarmos, v\u00e3o colocar at\u00e9 a tal da linguagem neutra nos livros escolares\u201d, disse o petebista.<\/p>\n<p>Essa tag tem que ficar o dia inteiro no topo. Chega de doutrina\u00e7\u00e3o esquerdista nas escolas e nos livros did\u00e1ticos. Se deixarmos, v\u00e3o colocar at\u00e9 a tal da linguagem neutra nos livros escolares. Estamos juntos nesta luta.#LiraAprovaPNLD<\/p>\n<p>\u2014 Roberto Jefferson (@BobjeffHD) February 15, 2021<\/p>\n<p>O PNLD \u00e9 um programa do Minist\u00e9rio da Educa\u00e7\u00e3o, junto ao Fundo Nacional de Desenvolvimento da Educa\u00e7\u00e3o (FNDE), para a compra e distribui\u00e7\u00e3o de livros e materiais did\u00e1ticos para professores e estudantes de escolas p\u00fablicas de todo o pa\u00eds.<\/p>\n","protected":false},"excerpt":{"rendered":"<p>Em meio \u00e0 press\u00e3o de bolsonaristas para aprova\u00e7\u00e3o do Programa Nacional do Livro Did\u00e1tico (PNLD), o presidente da C\u00e2mara dos Deputados, Arthur Lira (PP-AL), afirmou, nesta segunda-feira (15\/2), que \u201cracismo, preconceito e viol\u00eancia contra a mulher s\u00e3o abomin\u00e1veis\u201d e acrescentou que ouvir\u00e1 todas as manifesta\u00e7\u00f5es.<\/p>\n","protected":false},"author":4,"featured_media":0,"comment_status":"closed","ping_status":"closed","sticky":false,"template":"","format":"standard","meta":{"footnotes":"","_links_to":"","_links_to_target":""},"categories":[9,10],"tags":[],"class_list":["post-13206","post","type-post","status-publish","format-standard","hentry","category-noticias-da-imprensa","category-pnld-programa-nacional-do-livro-e-do-material-didatico"],"yoast_head":"<!-- This site is optimized with the Yoast SEO plugin v15.1 - https:\/\/yoast.com\/wordpress\/plugins\/seo\/ -->\n<title>Lira diz que ouvir\u00e1 todas as opini\u00f5es sobre programa do livro did\u00e1tico &raquo; Abrelivros<\/title>\n<meta name=\"robots\" content=\"index, follow, max-snippet:-1, max-image-preview:large, max-video-preview:-1\" \/>\n<link rel=\"canonical\" href=\"https:\/\/abrelivros.org.br\/site\/lira-diz-que-ouvira-todas-as-opinioes-sobre-programa-do-livro-didatico\/\" \/>\n<meta property=\"og:locale\" content=\"pt_BR\" \/>\n<meta property=\"og:type\" content=\"article\" \/>\n<meta property=\"og:title\" content=\"Lira diz que ouvir\u00e1 todas as opini\u00f5es sobre programa do livro did\u00e1tico &raquo; Abrelivros\" \/>\n<meta property=\"og:description\" content=\"Em meio \u00e0 press\u00e3o de bolsonaristas para aprova\u00e7\u00e3o do Programa Nacional do Livro Did\u00e1tico (PNLD), o presidente da C\u00e2mara dos Deputados, Arthur Lira (PP-AL), afirmou, nesta segunda-feira (15\/2), que \u201cracismo, preconceito e viol\u00eancia contra a mulher s\u00e3o abomin\u00e1veis\u201d e acrescentou que ouvir\u00e1 todas as manifesta\u00e7\u00f5es.\" \/>\n<meta property=\"og:url\" content=\"https:\/\/abrelivros.org.br\/site\/lira-diz-que-ouvira-todas-as-opinioes-sobre-programa-do-livro-didatico\/\" \/>\n<meta property=\"og:site_name\" content=\"Abrelivros\" \/>\n<meta property=\"article:published_time\" content=\"2021-02-16T15:23:34+00:00\" \/>\n<meta name=\"twitter:card\" content=\"summary_large_image\" \/>\n<script type=\"application\/ld+json\" class=\"yoast-schema-graph\">{\"@context\":\"https:\/\/schema.org\",\"@graph\":[{\"@type\":\"WebSite\",\"@id\":\"https:\/\/abrelivros.org.br\/site\/#website\",\"url\":\"https:\/\/abrelivros.org.br\/site\/\",\"name\":\"Abrelivros\",\"description\":\"\",\"potentialAction\":[{\"@type\":\"SearchAction\",\"target\":\"https:\/\/abrelivros.org.br\/site\/?s={search_term_string}\",\"query-input\":\"required name=search_term_string\"}],\"inLanguage\":\"pt-BR\"},{\"@type\":\"WebPage\",\"@id\":\"https:\/\/abrelivros.org.br\/site\/lira-diz-que-ouvira-todas-as-opinioes-sobre-programa-do-livro-didatico\/#webpage\",\"url\":\"https:\/\/abrelivros.org.br\/site\/lira-diz-que-ouvira-todas-as-opinioes-sobre-programa-do-livro-didatico\/\",\"name\":\"Lira diz que ouvir\\u00e1 todas as opini\\u00f5es sobre programa do livro did\\u00e1tico &raquo; Abrelivros\",\"isPartOf\":{\"@id\":\"https:\/\/abrelivros.org.br\/site\/#website\"},\"datePublished\":\"2021-02-16T15:23:34+00:00\",\"dateModified\":\"2021-02-16T15:23:34+00:00\",\"author\":{\"@id\":\"https:\/\/abrelivros.org.br\/site\/#\/schema\/person\/65db80e26409802ce15ac5feec6a15fd\"},\"breadcrumb\":{\"@id\":\"https:\/\/abrelivros.org.br\/site\/lira-diz-que-ouvira-todas-as-opinioes-sobre-programa-do-livro-didatico\/#breadcrumb\"},\"inLanguage\":\"pt-BR\",\"potentialAction\":[{\"@type\":\"ReadAction\",\"target\":[\"https:\/\/abrelivros.org.br\/site\/lira-diz-que-ouvira-todas-as-opinioes-sobre-programa-do-livro-didatico\/\"]}]},{\"@type\":\"BreadcrumbList\",\"@id\":\"https:\/\/abrelivros.org.br\/site\/lira-diz-que-ouvira-todas-as-opinioes-sobre-programa-do-livro-didatico\/#breadcrumb\",\"itemListElement\":[{\"@type\":\"ListItem\",\"position\":1,\"item\":{\"@type\":\"WebPage\",\"@id\":\"https:\/\/abrelivros.org.br\/site\/\",\"url\":\"https:\/\/abrelivros.org.br\/site\/\",\"name\":\"In\\u00edcio\"}},{\"@type\":\"ListItem\",\"position\":2,\"item\":{\"@type\":\"WebPage\",\"@id\":\"https:\/\/abrelivros.org.br\/site\/category\/noticias\/\",\"url\":\"https:\/\/abrelivros.org.br\/site\/category\/noticias\/\",\"name\":\"Not\\u00edcias\"}},{\"@type\":\"ListItem\",\"position\":3,\"item\":{\"@type\":\"WebPage\",\"@id\":\"https:\/\/abrelivros.org.br\/site\/category\/noticias\/noticias-da-imprensa\/\",\"url\":\"https:\/\/abrelivros.org.br\/site\/category\/noticias\/noticias-da-imprensa\/\",\"name\":\"Not\\u00edcias da imprensa\"}},{\"@type\":\"ListItem\",\"position\":4,\"item\":{\"@type\":\"WebPage\",\"@id\":\"https:\/\/abrelivros.org.br\/site\/lira-diz-que-ouvira-todas-as-opinioes-sobre-programa-do-livro-didatico\/\",\"url\":\"https:\/\/abrelivros.org.br\/site\/lira-diz-que-ouvira-todas-as-opinioes-sobre-programa-do-livro-didatico\/\",\"name\":\"Lira diz que ouvir\\u00e1 todas as opini\\u00f5es sobre programa do livro did\\u00e1tico\"}}]},{\"@type\":\"Person\",\"@id\":\"https:\/\/abrelivros.org.br\/site\/#\/schema\/person\/65db80e26409802ce15ac5feec6a15fd\",\"name\":\"Reda\\u00e7\\u00e3o Abrelivros\",\"image\":{\"@type\":\"ImageObject\",\"@id\":\"https:\/\/abrelivros.org.br\/site\/#personlogo\",\"inLanguage\":\"pt-BR\",\"url\":\"https:\/\/secure.gravatar.com\/avatar\/c4e57f9c7e3482965bd428192061218520756c39080b1d1820b679fa5e9af192?s=96&d=mm&r=g\",\"caption\":\"Reda\\u00e7\\u00e3o Abrelivros\"}}]}<\/script>\n<!-- \/ Yoast SEO plugin. -->","_links":{"self":[{"href":"https:\/\/abrelivros.org.br\/site\/wp-json\/wp\/v2\/posts\/13206","targetHints":{"allow":["GET"]}}],"collection":[{"href":"https:\/\/abrelivros.org.br\/site\/wp-json\/wp\/v2\/posts"}],"about":[{"href":"https:\/\/abrelivros.org.br\/site\/wp-json\/wp\/v2\/types\/post"}],"author":[{"embeddable":true,"href":"https:\/\/abrelivros.org.br\/site\/wp-json\/wp\/v2\/users\/4"}],"replies":[{"embeddable":true,"href":"https:\/\/abrelivros.org.br\/site\/wp-json\/wp\/v2\/comments?post=13206"}],"version-history":[{"count":1,"href":"https:\/\/abrelivros.org.br\/site\/wp-json\/wp\/v2\/posts\/13206\/revisions"}],"predecessor-version":[{"id":13207,"href":"https:\/\/abrelivros.org.br\/site\/wp-json\/wp\/v2\/posts\/13206\/revisions\/13207"}],"wp:attachment":[{"href":"https:\/\/abrelivros.org.br\/site\/wp-json\/wp\/v2\/media?parent=13206"}],"wp:term":[{"taxonomy":"category","embeddable":true,"href":"https:\/\/abrelivros.org.br\/site\/wp-json\/wp\/v2\/categories?post=13206"},{"taxonomy":"post_tag","embeddable":true,"href":"https:\/\/abrelivros.org.br\/site\/wp-json\/wp\/v2\/tags?post=13206"}],"curies":[{"name":"wp","href":"https:\/\/api.w.org\/{rel}","templated":true}]}}