{"id":13202,"date":"2021-02-15T14:02:42","date_gmt":"2021-02-15T17:02:42","guid":{"rendered":"https:\/\/abrelivros.org.br\/site\/?p=13202"},"modified":"2021-02-15T14:02:42","modified_gmt":"2021-02-15T17:02:42","slug":"pesquisa-producao-e-vendas-do-setor-editorial-brasileiro-e-prorrogada","status":"publish","type":"post","link":"https:\/\/abrelivros.org.br\/site\/pesquisa-producao-e-vendas-do-setor-editorial-brasileiro-e-prorrogada\/","title":{"rendered":"Pesquisa Produ\u00e7\u00e3o e Vendas do Setor Editorial Brasileiro \u00e9 Prorrogada"},"content":{"rendered":"<p>O prazo de encerramento da Pesquisa Produ\u00e7\u00e3o e Vendas do Setor Editorial Brasileiro (ano-base 2020) foi ampliado para que mais editoras possam participar e responder com tranquilidade o question\u00e1rio do principal estudo sobre o mercado editorial brasileiro.<!--more--><\/p>\n<p>A pesquisa, que \u00e9 feita pela Nielsen Book sob a coordena\u00e7\u00e3o da C\u00e2mara Brasileira do Livro (CBL) e Sindicato Nacional dos Editores de Livros (SNEL), foi lan\u00e7ada no dia 15 de janeiro.<\/p>\n<p>Aten\u00e7\u00e3o, o question\u00e1rio n\u00e3o precisa ser respondido de uma \u00fanica vez, os dados j\u00e1 inseridos s\u00e3o salvos automaticamente e o usu\u00e1rio pode retomar de onde parou.<\/p>\n<p>Qualquer d\u00favida entre em contato com Mariana Bueno, preferencialmente pelo e-mail <a href=\"producao.vendas@nielsen.com\" target=\"_blank\" rel=\"noopener noreferrer\">producao.vendas@nielsen.com<\/a> ou pelo telefone (11) 99123-5722.<\/p>\n<p>Participe, sua contribui\u00e7\u00e3o \u00e9 imprescind\u00edvel para o sucesso desse trabalho.<\/p>\n<p>&nbsp;<\/p>\n","protected":false},"excerpt":{"rendered":"<p>O prazo de encerramento da Pesquisa Produ\u00e7\u00e3o e Vendas do Setor Editorial Brasileiro (ano-base 2020) foi ampliado para que mais editoras possam participar e responder com tranquilidade o question\u00e1rio do principal estudo sobre o mercado editorial brasileiro.<\/p>\n","protected":false},"author":4,"featured_media":0,"comment_status":"closed","ping_status":"closed","sticky":false,"template":"","format":"standard","meta":{"footnotes":"","_links_to":"","_links_to_target":""},"categories":[9],"tags":[],"class_list":["post-13202","post","type-post","status-publish","format-standard","hentry","category-noticias-da-imprensa"],"yoast_head":"<!-- This site is optimized with the Yoast SEO plugin v15.1 - https:\/\/yoast.com\/wordpress\/plugins\/seo\/ -->\n<title>Pesquisa Produ\u00e7\u00e3o e Vendas do Setor Editorial Brasileiro \u00e9 Prorrogada &raquo; Abrelivros<\/title>\n<meta name=\"robots\" content=\"index, follow, max-snippet:-1, max-image-preview:large, max-video-preview:-1\" \/>\n<link rel=\"canonical\" href=\"https:\/\/abrelivros.org.br\/site\/pesquisa-producao-e-vendas-do-setor-editorial-brasileiro-e-prorrogada\/\" \/>\n<meta property=\"og:locale\" content=\"pt_BR\" \/>\n<meta property=\"og:type\" content=\"article\" \/>\n<meta property=\"og:title\" content=\"Pesquisa Produ\u00e7\u00e3o e Vendas do Setor Editorial Brasileiro \u00e9 Prorrogada &raquo; Abrelivros\" \/>\n<meta property=\"og:description\" content=\"O prazo de encerramento da Pesquisa Produ\u00e7\u00e3o e Vendas do Setor Editorial Brasileiro (ano-base 2020) foi ampliado para que mais editoras possam participar e responder com tranquilidade o question\u00e1rio do principal estudo sobre o mercado editorial brasileiro.\" \/>\n<meta property=\"og:url\" content=\"https:\/\/abrelivros.org.br\/site\/pesquisa-producao-e-vendas-do-setor-editorial-brasileiro-e-prorrogada\/\" \/>\n<meta property=\"og:site_name\" content=\"Abrelivros\" \/>\n<meta property=\"article:published_time\" content=\"2021-02-15T17:02:42+00:00\" \/>\n<meta name=\"twitter:card\" content=\"summary_large_image\" \/>\n<script type=\"application\/ld+json\" class=\"yoast-schema-graph\">{\"@context\":\"https:\/\/schema.org\",\"@graph\":[{\"@type\":\"WebSite\",\"@id\":\"https:\/\/abrelivros.org.br\/site\/#website\",\"url\":\"https:\/\/abrelivros.org.br\/site\/\",\"name\":\"Abrelivros\",\"description\":\"\",\"potentialAction\":[{\"@type\":\"SearchAction\",\"target\":\"https:\/\/abrelivros.org.br\/site\/?s={search_term_string}\",\"query-input\":\"required name=search_term_string\"}],\"inLanguage\":\"pt-BR\"},{\"@type\":\"WebPage\",\"@id\":\"https:\/\/abrelivros.org.br\/site\/pesquisa-producao-e-vendas-do-setor-editorial-brasileiro-e-prorrogada\/#webpage\",\"url\":\"https:\/\/abrelivros.org.br\/site\/pesquisa-producao-e-vendas-do-setor-editorial-brasileiro-e-prorrogada\/\",\"name\":\"Pesquisa Produ\\u00e7\\u00e3o e Vendas do Setor Editorial Brasileiro \\u00e9 Prorrogada &raquo; Abrelivros\",\"isPartOf\":{\"@id\":\"https:\/\/abrelivros.org.br\/site\/#website\"},\"datePublished\":\"2021-02-15T17:02:42+00:00\",\"dateModified\":\"2021-02-15T17:02:42+00:00\",\"author\":{\"@id\":\"https:\/\/abrelivros.org.br\/site\/#\/schema\/person\/65db80e26409802ce15ac5feec6a15fd\"},\"breadcrumb\":{\"@id\":\"https:\/\/abrelivros.org.br\/site\/pesquisa-producao-e-vendas-do-setor-editorial-brasileiro-e-prorrogada\/#breadcrumb\"},\"inLanguage\":\"pt-BR\",\"potentialAction\":[{\"@type\":\"ReadAction\",\"target\":[\"https:\/\/abrelivros.org.br\/site\/pesquisa-producao-e-vendas-do-setor-editorial-brasileiro-e-prorrogada\/\"]}]},{\"@type\":\"BreadcrumbList\",\"@id\":\"https:\/\/abrelivros.org.br\/site\/pesquisa-producao-e-vendas-do-setor-editorial-brasileiro-e-prorrogada\/#breadcrumb\",\"itemListElement\":[{\"@type\":\"ListItem\",\"position\":1,\"item\":{\"@type\":\"WebPage\",\"@id\":\"https:\/\/abrelivros.org.br\/site\/\",\"url\":\"https:\/\/abrelivros.org.br\/site\/\",\"name\":\"In\\u00edcio\"}},{\"@type\":\"ListItem\",\"position\":2,\"item\":{\"@type\":\"WebPage\",\"@id\":\"https:\/\/abrelivros.org.br\/site\/category\/noticias\/\",\"url\":\"https:\/\/abrelivros.org.br\/site\/category\/noticias\/\",\"name\":\"Not\\u00edcias\"}},{\"@type\":\"ListItem\",\"position\":3,\"item\":{\"@type\":\"WebPage\",\"@id\":\"https:\/\/abrelivros.org.br\/site\/category\/noticias\/noticias-da-imprensa\/\",\"url\":\"https:\/\/abrelivros.org.br\/site\/category\/noticias\/noticias-da-imprensa\/\",\"name\":\"Not\\u00edcias da imprensa\"}},{\"@type\":\"ListItem\",\"position\":4,\"item\":{\"@type\":\"WebPage\",\"@id\":\"https:\/\/abrelivros.org.br\/site\/pesquisa-producao-e-vendas-do-setor-editorial-brasileiro-e-prorrogada\/\",\"url\":\"https:\/\/abrelivros.org.br\/site\/pesquisa-producao-e-vendas-do-setor-editorial-brasileiro-e-prorrogada\/\",\"name\":\"Pesquisa Produ\\u00e7\\u00e3o e Vendas do Setor Editorial Brasileiro \\u00e9 Prorrogada\"}}]},{\"@type\":\"Person\",\"@id\":\"https:\/\/abrelivros.org.br\/site\/#\/schema\/person\/65db80e26409802ce15ac5feec6a15fd\",\"name\":\"Reda\\u00e7\\u00e3o Abrelivros\",\"image\":{\"@type\":\"ImageObject\",\"@id\":\"https:\/\/abrelivros.org.br\/site\/#personlogo\",\"inLanguage\":\"pt-BR\",\"url\":\"https:\/\/secure.gravatar.com\/avatar\/c4e57f9c7e3482965bd428192061218520756c39080b1d1820b679fa5e9af192?s=96&d=mm&r=g\",\"caption\":\"Reda\\u00e7\\u00e3o Abrelivros\"}}]}<\/script>\n<!-- \/ Yoast SEO plugin. -->","_links":{"self":[{"href":"https:\/\/abrelivros.org.br\/site\/wp-json\/wp\/v2\/posts\/13202","targetHints":{"allow":["GET"]}}],"collection":[{"href":"https:\/\/abrelivros.org.br\/site\/wp-json\/wp\/v2\/posts"}],"about":[{"href":"https:\/\/abrelivros.org.br\/site\/wp-json\/wp\/v2\/types\/post"}],"author":[{"embeddable":true,"href":"https:\/\/abrelivros.org.br\/site\/wp-json\/wp\/v2\/users\/4"}],"replies":[{"embeddable":true,"href":"https:\/\/abrelivros.org.br\/site\/wp-json\/wp\/v2\/comments?post=13202"}],"version-history":[{"count":1,"href":"https:\/\/abrelivros.org.br\/site\/wp-json\/wp\/v2\/posts\/13202\/revisions"}],"predecessor-version":[{"id":13203,"href":"https:\/\/abrelivros.org.br\/site\/wp-json\/wp\/v2\/posts\/13202\/revisions\/13203"}],"wp:attachment":[{"href":"https:\/\/abrelivros.org.br\/site\/wp-json\/wp\/v2\/media?parent=13202"}],"wp:term":[{"taxonomy":"category","embeddable":true,"href":"https:\/\/abrelivros.org.br\/site\/wp-json\/wp\/v2\/categories?post=13202"},{"taxonomy":"post_tag","embeddable":true,"href":"https:\/\/abrelivros.org.br\/site\/wp-json\/wp\/v2\/tags?post=13202"}],"curies":[{"name":"wp","href":"https:\/\/api.w.org\/{rel}","templated":true}]}}