{"id":13194,"date":"2021-02-12T13:50:22","date_gmt":"2021-02-12T16:50:22","guid":{"rendered":"https:\/\/abrelivros.org.br\/site\/?p=13194"},"modified":"2021-02-12T13:50:22","modified_gmt":"2021-02-12T16:50:22","slug":"pnld-2023-deixa-de-exigir-itens-de-observancia-a-principios-eticos-e-democraticos","status":"publish","type":"post","link":"https:\/\/abrelivros.org.br\/site\/pnld-2023-deixa-de-exigir-itens-de-observancia-a-principios-eticos-e-democraticos\/","title":{"rendered":"PNLD 2023 deixa de exigir itens de observ\u00e2ncia a princ\u00edpios \u00e9ticos e democr\u00e1ticos"},"content":{"rendered":"<p>O Fundo Nacional de Desenvolvimento da Educa\u00e7\u00e3o (FNDE) publicou, nesta sexta-feira (12), o edital para o Programa Nacional do Livro e do Material Did\u00e1tico (PNLD) 2023. O edital prev\u00ea a compra de livros did\u00e1ticos e liter\u00e1rios voltados para alunos e professores dos anos iniciais do ensino fundamental (1\u00ba ao 5\u00ba ano).<!--more--><\/p>\n<p>Chama a aten\u00e7\u00e3o o Anexo III do edital, onde est\u00e3o listados os crit\u00e9rios gerais para avalia\u00e7\u00e3o pedag\u00f3gica das obras, em especial no item 2.3 &#8211; \u201cAs obras observar\u00e3o os princ\u00edpios \u00e9ticos necess\u00e1rios \u00e0 constru\u00e7\u00e3o da cidadania e ao conv\u00edvio social republicano\u201d. E a\u00ed vale comparar com o edital do PNLD 2019, pelo qual o governo federal comprou obras destinadas \u00e0 mesma faixa et\u00e1ria do PNLD 2023.<\/p>\n<p>Enquanto o certame de 2019 listava uma s\u00e9rie de observ\u00e2ncias de princ\u00edpios \u00e9ticos \u2013 incluindo itens como a proibi\u00e7\u00e3o de veicular estere\u00f3tipos e preconceitos de condi\u00e7\u00e3o socioecon\u00f4mica, regional, \u00e9tnico racial, de g\u00eanero e de orienta\u00e7\u00e3o sexual e ainda de abordar a tem\u00e1tica de g\u00eanero segundo uma perspectiva sexista, n\u00e3o igualit\u00e1ria, inclusive no que diz respeito \u00e0 homo e transfobia ou de desconsiderar o debate acerca do compromisso educacional com a agenda de n\u00e3o-viol\u00eancia contra a mulher \u2013 o edital de 2023 apresenta deveres, como promover positivamente a imagem do Brasil e a amizade entre os povos e os valores c\u00edvicos, como respeito, patriotismo, cidadania, solidariedade, responsabilidade, urbanidade, coopera\u00e7\u00e3o e honestidade.<\/p>\n<p>As mudan\u00e7as podem ser consideradas retrocessos por grupos identit\u00e1rios. Fonte ouvida pelo PublishNews informou que o pr\u00f3prio MEC emitiu parecer jur\u00eddico apontando problemas com a supress\u00e3o dos itens, mas o documento n\u00e3o foi levado em considera\u00e7\u00e3o na elabora\u00e7\u00e3o do edital.<\/p>\n<p>O cadastramento dos editores e de obras did\u00e1ticas come\u00e7a \u00e0s 9h do dia 28 de julho de 2021 e o processo dever\u00e1 seguir at\u00e9 05 de agosto. J\u00e1 para as obras liter\u00e1rias, o cadastro de editores e obras come\u00e7a no dia 22 de novembro e segue at\u00e9 o dia 26 do mesmo m\u00eas.<\/p>\n<p>Para acessar a \u00edntegra do edital publicado nessa sexta-feira, <a href=\"https:\/\/www.publishnews.com.br\/estaticos\/uploads\/2021\/02\/fKNFSNyjpSOoAmcWhcj3SBMr4pyUzBaVkBXnwM5AVtT4ZLFCam7Im5aOKTXbIb4JpnAdnnJFu2OyYOjw.pdf\" target=\"_blank\" rel=\"noopener noreferrer\">clique aqui<\/a> ou v\u00e1 diretamente \u00e0<a href=\"https:\/\/www.fnde.gov.br\/index.php\/programas\/programas-do-livro\/consultas\/editais-programas-livro\/item\/14094-edital-pnld-2023\" target=\"_blank\" rel=\"noopener noreferrer\"> p\u00e1gina do FNDE<\/a>.<\/p>\n<p>O PublishNews procurou o FNDE, via assessoria de imprensa, pedindo esclarecimentos sobre as mudan\u00e7as, mas at\u00e9 o fechamento da edi\u00e7\u00e3o, n\u00e3o obteve resposta.<\/p>\n","protected":false},"excerpt":{"rendered":"<p>O Fundo Nacional de Desenvolvimento da Educa\u00e7\u00e3o (FNDE) publicou, nesta sexta-feira (12), o edital para o Programa Nacional do Livro e do Material Did\u00e1tico (PNLD) 2023. O edital prev\u00ea a compra de livros did\u00e1ticos e liter\u00e1rios voltados para alunos e professores dos anos iniciais do ensino fundamental (1\u00ba ao 5\u00ba ano).<\/p>\n","protected":false},"author":4,"featured_media":0,"comment_status":"closed","ping_status":"closed","sticky":false,"template":"","format":"standard","meta":{"footnotes":"","_links_to":"","_links_to_target":""},"categories":[9,10],"tags":[],"class_list":["post-13194","post","type-post","status-publish","format-standard","hentry","category-noticias-da-imprensa","category-pnld-programa-nacional-do-livro-e-do-material-didatico"],"yoast_head":"<!-- This site is optimized with the Yoast SEO plugin v15.1 - https:\/\/yoast.com\/wordpress\/plugins\/seo\/ -->\n<title>PNLD 2023 deixa de exigir itens de observ\u00e2ncia a princ\u00edpios \u00e9ticos e democr\u00e1ticos &raquo; Abrelivros<\/title>\n<meta name=\"robots\" content=\"index, follow, max-snippet:-1, max-image-preview:large, max-video-preview:-1\" \/>\n<link rel=\"canonical\" href=\"https:\/\/abrelivros.org.br\/site\/pnld-2023-deixa-de-exigir-itens-de-observancia-a-principios-eticos-e-democraticos\/\" \/>\n<meta property=\"og:locale\" content=\"pt_BR\" \/>\n<meta property=\"og:type\" content=\"article\" \/>\n<meta property=\"og:title\" content=\"PNLD 2023 deixa de exigir itens de observ\u00e2ncia a princ\u00edpios \u00e9ticos e democr\u00e1ticos &raquo; Abrelivros\" \/>\n<meta property=\"og:description\" content=\"O Fundo Nacional de Desenvolvimento da Educa\u00e7\u00e3o (FNDE) publicou, nesta sexta-feira (12), o edital para o Programa Nacional do Livro e do Material Did\u00e1tico (PNLD) 2023. O edital prev\u00ea a compra de livros did\u00e1ticos e liter\u00e1rios voltados para alunos e professores dos anos iniciais do ensino fundamental (1\u00ba ao 5\u00ba ano).\" \/>\n<meta property=\"og:url\" content=\"https:\/\/abrelivros.org.br\/site\/pnld-2023-deixa-de-exigir-itens-de-observancia-a-principios-eticos-e-democraticos\/\" \/>\n<meta property=\"og:site_name\" content=\"Abrelivros\" \/>\n<meta property=\"article:published_time\" content=\"2021-02-12T16:50:22+00:00\" \/>\n<meta name=\"twitter:card\" content=\"summary_large_image\" \/>\n<script type=\"application\/ld+json\" class=\"yoast-schema-graph\">{\"@context\":\"https:\/\/schema.org\",\"@graph\":[{\"@type\":\"WebSite\",\"@id\":\"https:\/\/abrelivros.org.br\/site\/#website\",\"url\":\"https:\/\/abrelivros.org.br\/site\/\",\"name\":\"Abrelivros\",\"description\":\"\",\"potentialAction\":[{\"@type\":\"SearchAction\",\"target\":\"https:\/\/abrelivros.org.br\/site\/?s={search_term_string}\",\"query-input\":\"required name=search_term_string\"}],\"inLanguage\":\"pt-BR\"},{\"@type\":\"WebPage\",\"@id\":\"https:\/\/abrelivros.org.br\/site\/pnld-2023-deixa-de-exigir-itens-de-observancia-a-principios-eticos-e-democraticos\/#webpage\",\"url\":\"https:\/\/abrelivros.org.br\/site\/pnld-2023-deixa-de-exigir-itens-de-observancia-a-principios-eticos-e-democraticos\/\",\"name\":\"PNLD 2023 deixa de exigir itens de observ\\u00e2ncia a princ\\u00edpios \\u00e9ticos e democr\\u00e1ticos &raquo; Abrelivros\",\"isPartOf\":{\"@id\":\"https:\/\/abrelivros.org.br\/site\/#website\"},\"datePublished\":\"2021-02-12T16:50:22+00:00\",\"dateModified\":\"2021-02-12T16:50:22+00:00\",\"author\":{\"@id\":\"https:\/\/abrelivros.org.br\/site\/#\/schema\/person\/65db80e26409802ce15ac5feec6a15fd\"},\"breadcrumb\":{\"@id\":\"https:\/\/abrelivros.org.br\/site\/pnld-2023-deixa-de-exigir-itens-de-observancia-a-principios-eticos-e-democraticos\/#breadcrumb\"},\"inLanguage\":\"pt-BR\",\"potentialAction\":[{\"@type\":\"ReadAction\",\"target\":[\"https:\/\/abrelivros.org.br\/site\/pnld-2023-deixa-de-exigir-itens-de-observancia-a-principios-eticos-e-democraticos\/\"]}]},{\"@type\":\"BreadcrumbList\",\"@id\":\"https:\/\/abrelivros.org.br\/site\/pnld-2023-deixa-de-exigir-itens-de-observancia-a-principios-eticos-e-democraticos\/#breadcrumb\",\"itemListElement\":[{\"@type\":\"ListItem\",\"position\":1,\"item\":{\"@type\":\"WebPage\",\"@id\":\"https:\/\/abrelivros.org.br\/site\/\",\"url\":\"https:\/\/abrelivros.org.br\/site\/\",\"name\":\"In\\u00edcio\"}},{\"@type\":\"ListItem\",\"position\":2,\"item\":{\"@type\":\"WebPage\",\"@id\":\"https:\/\/abrelivros.org.br\/site\/category\/noticias\/\",\"url\":\"https:\/\/abrelivros.org.br\/site\/category\/noticias\/\",\"name\":\"Not\\u00edcias\"}},{\"@type\":\"ListItem\",\"position\":3,\"item\":{\"@type\":\"WebPage\",\"@id\":\"https:\/\/abrelivros.org.br\/site\/category\/noticias\/noticias-da-imprensa\/\",\"url\":\"https:\/\/abrelivros.org.br\/site\/category\/noticias\/noticias-da-imprensa\/\",\"name\":\"Not\\u00edcias da imprensa\"}},{\"@type\":\"ListItem\",\"position\":4,\"item\":{\"@type\":\"WebPage\",\"@id\":\"https:\/\/abrelivros.org.br\/site\/pnld-2023-deixa-de-exigir-itens-de-observancia-a-principios-eticos-e-democraticos\/\",\"url\":\"https:\/\/abrelivros.org.br\/site\/pnld-2023-deixa-de-exigir-itens-de-observancia-a-principios-eticos-e-democraticos\/\",\"name\":\"PNLD 2023 deixa de exigir itens de observ\\u00e2ncia a princ\\u00edpios \\u00e9ticos e democr\\u00e1ticos\"}}]},{\"@type\":\"Person\",\"@id\":\"https:\/\/abrelivros.org.br\/site\/#\/schema\/person\/65db80e26409802ce15ac5feec6a15fd\",\"name\":\"Reda\\u00e7\\u00e3o Abrelivros\",\"image\":{\"@type\":\"ImageObject\",\"@id\":\"https:\/\/abrelivros.org.br\/site\/#personlogo\",\"inLanguage\":\"pt-BR\",\"url\":\"https:\/\/secure.gravatar.com\/avatar\/c4e57f9c7e3482965bd428192061218520756c39080b1d1820b679fa5e9af192?s=96&d=mm&r=g\",\"caption\":\"Reda\\u00e7\\u00e3o Abrelivros\"}}]}<\/script>\n<!-- \/ Yoast SEO plugin. -->","_links":{"self":[{"href":"https:\/\/abrelivros.org.br\/site\/wp-json\/wp\/v2\/posts\/13194","targetHints":{"allow":["GET"]}}],"collection":[{"href":"https:\/\/abrelivros.org.br\/site\/wp-json\/wp\/v2\/posts"}],"about":[{"href":"https:\/\/abrelivros.org.br\/site\/wp-json\/wp\/v2\/types\/post"}],"author":[{"embeddable":true,"href":"https:\/\/abrelivros.org.br\/site\/wp-json\/wp\/v2\/users\/4"}],"replies":[{"embeddable":true,"href":"https:\/\/abrelivros.org.br\/site\/wp-json\/wp\/v2\/comments?post=13194"}],"version-history":[{"count":1,"href":"https:\/\/abrelivros.org.br\/site\/wp-json\/wp\/v2\/posts\/13194\/revisions"}],"predecessor-version":[{"id":13195,"href":"https:\/\/abrelivros.org.br\/site\/wp-json\/wp\/v2\/posts\/13194\/revisions\/13195"}],"wp:attachment":[{"href":"https:\/\/abrelivros.org.br\/site\/wp-json\/wp\/v2\/media?parent=13194"}],"wp:term":[{"taxonomy":"category","embeddable":true,"href":"https:\/\/abrelivros.org.br\/site\/wp-json\/wp\/v2\/categories?post=13194"},{"taxonomy":"post_tag","embeddable":true,"href":"https:\/\/abrelivros.org.br\/site\/wp-json\/wp\/v2\/tags?post=13194"}],"curies":[{"name":"wp","href":"https:\/\/api.w.org\/{rel}","templated":true}]}}