{"id":13192,"date":"2021-02-12T13:40:09","date_gmt":"2021-02-12T16:40:09","guid":{"rendered":"https:\/\/abrelivros.org.br\/site\/?p=13192"},"modified":"2021-02-12T13:40:09","modified_gmt":"2021-02-12T16:40:09","slug":"para-alem-da-pedagogia-a-importancia-da-logistica-na-educacao-publica","status":"publish","type":"post","link":"https:\/\/abrelivros.org.br\/site\/para-alem-da-pedagogia-a-importancia-da-logistica-na-educacao-publica\/","title":{"rendered":"Para al\u00e9m da pedagogia: a import\u00e2ncia da log\u00edstica na educa\u00e7\u00e3o p\u00fablica"},"content":{"rendered":"<p>&nbsp;<\/p>\n<p>De fato, obter os insumos necess\u00e1rios para a prepara\u00e7\u00e3o e a aplica\u00e7\u00e3o de vacinas, inclusive ampolas e agulhas, a sua complexa distribui\u00e7\u00e3o num pa\u00eds t\u00e3o vasto, a opera\u00e7\u00e3o de hospitais de campanha e os contratos com profissionais de sa\u00fade n\u00e3o se resolve com guerras ideol\u00f3gicas ou diatribes proferidas contra governos de quem dependemos.<!--more--> Trata-se de uma opera\u00e7\u00e3o global, que demanda coordena\u00e7\u00e3o entre pa\u00edses e efici\u00eancia dentro de cada um deles, como nos lembra Fareed Zakaria em seu recente `Post Pandemic World`.<\/p>\n<p>Mas, se isso \u00e9 verdade em sa\u00fade, \u00e9 ainda mais necess\u00e1rio em educa\u00e7\u00e3o. O ensino p\u00fablico, em condi\u00e7\u00f5es normais, demanda mais do que assegurar que, para cada aula, haja um professor preparado, uma infraestrutura adequada e os materiais necess\u00e1rios. H\u00e1 a merenda escolar que precisa chegar a cada escola, a limpeza dos ambientes, o atendimento das fam\u00edlias, o contato com a rede de prote\u00e7\u00e3o \u00e0 inf\u00e2ncia e a gest\u00e3o de espa\u00e7os adicionais, como salas de leitura escolares, quadras para educa\u00e7\u00e3o f\u00edsica, salas de artes e laborat\u00f3rios de ci\u00eancias.<\/p>\n<p>Tudo isso se torna mais s\u00e9rio quando h\u00e1 uma crise. Neste contexto, apelar para usos e costumes, no estilo `sempre fizemos assim`, j\u00e1 n\u00e3o \u00e9 suficiente, e a log\u00edstica necess\u00e1ria envolve uma organiza\u00e7\u00e3o de processos que n\u00e3o dialoga com o calend\u00e1rio escolar.<\/p>\n<p>Dois exemplos evidenciam a import\u00e2ncia de compet\u00eancias log\u00edsticas entre gestores educacionais. O primeiro foi a import\u00e2ncia de se fazerem pequenas obras nas escolas, aproveitando a aus\u00eancia das crian\u00e7as, para torn\u00e1-las mais seguras para o retorno \u00e0s aulas presenciais. Era importante tornar as salas mais ventiladas, aumentar o n\u00famero de pias, rever encanamentos ou a conex\u00e3o com o sistema de esgoto.<\/p>\n<p>Um segundo \u00e9 a aprendizagem remota e a alimenta\u00e7\u00e3o em casa. Foi necess\u00e1rio enviar cadernos autoinstrucionais \u00e0s resid\u00eancias, adquirir chips para celulares, contratar aulas na TV ou no r\u00e1dio e providenciar caixas com mantimentos para os mais vulner\u00e1veis. Cerca de 83% dos alunos de redes p\u00fablicas s\u00e3o de fam\u00edlias que recebem at\u00e9 um sal\u00e1rio m\u00ednimo per capita.<\/p>\n<p>E agora, com a volta \u00e0s aulas come\u00e7ando a acontecer, o desafio log\u00edstico torna-se maior, frente a um calend\u00e1rio de vacina\u00e7\u00f5es que n\u00e3o deu prioridade a professores. Nesse sentido, ser\u00e1 urgente o exerc\u00edcio de lideran\u00e7a por parte de gestores. Afinal, algu\u00e9m ter\u00e1 que ser a voz das crian\u00e7as e jovens menos afluentes e defender que educa\u00e7\u00e3o \u00e9 atividade essencial. Sem isso, n\u00e3o haver\u00e1 futuro para o Brasil!<\/p>\n","protected":false},"excerpt":{"rendered":"<p>&nbsp; De fato, obter os insumos necess\u00e1rios para a prepara\u00e7\u00e3o e a aplica\u00e7\u00e3o de vacinas, inclusive ampolas e agulhas, a sua complexa distribui\u00e7\u00e3o num pa\u00eds t\u00e3o vasto, a opera\u00e7\u00e3o de hospitais de campanha e os contratos com profissionais de sa\u00fade n\u00e3o se resolve com guerras ideol\u00f3gicas ou diatribes proferidas contra governos de quem dependemos.<\/p>\n","protected":false},"author":4,"featured_media":0,"comment_status":"closed","ping_status":"closed","sticky":false,"template":"","format":"standard","meta":{"footnotes":"","_links_to":"","_links_to_target":""},"categories":[9],"tags":[],"class_list":["post-13192","post","type-post","status-publish","format-standard","hentry","category-noticias-da-imprensa"],"yoast_head":"<!-- This site is optimized with the Yoast SEO plugin v15.1 - https:\/\/yoast.com\/wordpress\/plugins\/seo\/ -->\n<title>Para al\u00e9m da pedagogia: a import\u00e2ncia da log\u00edstica na educa\u00e7\u00e3o p\u00fablica &raquo; Abrelivros<\/title>\n<meta name=\"robots\" content=\"index, follow, max-snippet:-1, max-image-preview:large, max-video-preview:-1\" \/>\n<link rel=\"canonical\" href=\"https:\/\/abrelivros.org.br\/site\/para-alem-da-pedagogia-a-importancia-da-logistica-na-educacao-publica\/\" \/>\n<meta property=\"og:locale\" content=\"pt_BR\" \/>\n<meta property=\"og:type\" content=\"article\" \/>\n<meta property=\"og:title\" content=\"Para al\u00e9m da pedagogia: a import\u00e2ncia da log\u00edstica na educa\u00e7\u00e3o p\u00fablica &raquo; Abrelivros\" \/>\n<meta property=\"og:description\" content=\"&nbsp; De fato, obter os insumos necess\u00e1rios para a prepara\u00e7\u00e3o e a aplica\u00e7\u00e3o de vacinas, inclusive ampolas e agulhas, a sua complexa distribui\u00e7\u00e3o num pa\u00eds t\u00e3o vasto, a opera\u00e7\u00e3o de hospitais de campanha e os contratos com profissionais de sa\u00fade n\u00e3o se resolve com guerras ideol\u00f3gicas ou diatribes proferidas contra governos de quem dependemos.\" \/>\n<meta property=\"og:url\" content=\"https:\/\/abrelivros.org.br\/site\/para-alem-da-pedagogia-a-importancia-da-logistica-na-educacao-publica\/\" \/>\n<meta property=\"og:site_name\" content=\"Abrelivros\" \/>\n<meta property=\"article:published_time\" content=\"2021-02-12T16:40:09+00:00\" \/>\n<meta name=\"twitter:card\" content=\"summary_large_image\" \/>\n<script type=\"application\/ld+json\" class=\"yoast-schema-graph\">{\"@context\":\"https:\/\/schema.org\",\"@graph\":[{\"@type\":\"WebSite\",\"@id\":\"https:\/\/abrelivros.org.br\/site\/#website\",\"url\":\"https:\/\/abrelivros.org.br\/site\/\",\"name\":\"Abrelivros\",\"description\":\"\",\"potentialAction\":[{\"@type\":\"SearchAction\",\"target\":\"https:\/\/abrelivros.org.br\/site\/?s={search_term_string}\",\"query-input\":\"required name=search_term_string\"}],\"inLanguage\":\"pt-BR\"},{\"@type\":\"WebPage\",\"@id\":\"https:\/\/abrelivros.org.br\/site\/para-alem-da-pedagogia-a-importancia-da-logistica-na-educacao-publica\/#webpage\",\"url\":\"https:\/\/abrelivros.org.br\/site\/para-alem-da-pedagogia-a-importancia-da-logistica-na-educacao-publica\/\",\"name\":\"Para al\\u00e9m da pedagogia: a import\\u00e2ncia da log\\u00edstica na educa\\u00e7\\u00e3o p\\u00fablica &raquo; Abrelivros\",\"isPartOf\":{\"@id\":\"https:\/\/abrelivros.org.br\/site\/#website\"},\"datePublished\":\"2021-02-12T16:40:09+00:00\",\"dateModified\":\"2021-02-12T16:40:09+00:00\",\"author\":{\"@id\":\"https:\/\/abrelivros.org.br\/site\/#\/schema\/person\/65db80e26409802ce15ac5feec6a15fd\"},\"breadcrumb\":{\"@id\":\"https:\/\/abrelivros.org.br\/site\/para-alem-da-pedagogia-a-importancia-da-logistica-na-educacao-publica\/#breadcrumb\"},\"inLanguage\":\"pt-BR\",\"potentialAction\":[{\"@type\":\"ReadAction\",\"target\":[\"https:\/\/abrelivros.org.br\/site\/para-alem-da-pedagogia-a-importancia-da-logistica-na-educacao-publica\/\"]}]},{\"@type\":\"BreadcrumbList\",\"@id\":\"https:\/\/abrelivros.org.br\/site\/para-alem-da-pedagogia-a-importancia-da-logistica-na-educacao-publica\/#breadcrumb\",\"itemListElement\":[{\"@type\":\"ListItem\",\"position\":1,\"item\":{\"@type\":\"WebPage\",\"@id\":\"https:\/\/abrelivros.org.br\/site\/\",\"url\":\"https:\/\/abrelivros.org.br\/site\/\",\"name\":\"In\\u00edcio\"}},{\"@type\":\"ListItem\",\"position\":2,\"item\":{\"@type\":\"WebPage\",\"@id\":\"https:\/\/abrelivros.org.br\/site\/category\/noticias\/\",\"url\":\"https:\/\/abrelivros.org.br\/site\/category\/noticias\/\",\"name\":\"Not\\u00edcias\"}},{\"@type\":\"ListItem\",\"position\":3,\"item\":{\"@type\":\"WebPage\",\"@id\":\"https:\/\/abrelivros.org.br\/site\/category\/noticias\/noticias-da-imprensa\/\",\"url\":\"https:\/\/abrelivros.org.br\/site\/category\/noticias\/noticias-da-imprensa\/\",\"name\":\"Not\\u00edcias da imprensa\"}},{\"@type\":\"ListItem\",\"position\":4,\"item\":{\"@type\":\"WebPage\",\"@id\":\"https:\/\/abrelivros.org.br\/site\/para-alem-da-pedagogia-a-importancia-da-logistica-na-educacao-publica\/\",\"url\":\"https:\/\/abrelivros.org.br\/site\/para-alem-da-pedagogia-a-importancia-da-logistica-na-educacao-publica\/\",\"name\":\"Para al\\u00e9m da pedagogia: a import\\u00e2ncia da log\\u00edstica na educa\\u00e7\\u00e3o p\\u00fablica\"}}]},{\"@type\":\"Person\",\"@id\":\"https:\/\/abrelivros.org.br\/site\/#\/schema\/person\/65db80e26409802ce15ac5feec6a15fd\",\"name\":\"Reda\\u00e7\\u00e3o Abrelivros\",\"image\":{\"@type\":\"ImageObject\",\"@id\":\"https:\/\/abrelivros.org.br\/site\/#personlogo\",\"inLanguage\":\"pt-BR\",\"url\":\"https:\/\/secure.gravatar.com\/avatar\/c4e57f9c7e3482965bd428192061218520756c39080b1d1820b679fa5e9af192?s=96&d=mm&r=g\",\"caption\":\"Reda\\u00e7\\u00e3o Abrelivros\"}}]}<\/script>\n<!-- \/ Yoast SEO plugin. -->","_links":{"self":[{"href":"https:\/\/abrelivros.org.br\/site\/wp-json\/wp\/v2\/posts\/13192","targetHints":{"allow":["GET"]}}],"collection":[{"href":"https:\/\/abrelivros.org.br\/site\/wp-json\/wp\/v2\/posts"}],"about":[{"href":"https:\/\/abrelivros.org.br\/site\/wp-json\/wp\/v2\/types\/post"}],"author":[{"embeddable":true,"href":"https:\/\/abrelivros.org.br\/site\/wp-json\/wp\/v2\/users\/4"}],"replies":[{"embeddable":true,"href":"https:\/\/abrelivros.org.br\/site\/wp-json\/wp\/v2\/comments?post=13192"}],"version-history":[{"count":1,"href":"https:\/\/abrelivros.org.br\/site\/wp-json\/wp\/v2\/posts\/13192\/revisions"}],"predecessor-version":[{"id":13193,"href":"https:\/\/abrelivros.org.br\/site\/wp-json\/wp\/v2\/posts\/13192\/revisions\/13193"}],"wp:attachment":[{"href":"https:\/\/abrelivros.org.br\/site\/wp-json\/wp\/v2\/media?parent=13192"}],"wp:term":[{"taxonomy":"category","embeddable":true,"href":"https:\/\/abrelivros.org.br\/site\/wp-json\/wp\/v2\/categories?post=13192"},{"taxonomy":"post_tag","embeddable":true,"href":"https:\/\/abrelivros.org.br\/site\/wp-json\/wp\/v2\/tags?post=13192"}],"curies":[{"name":"wp","href":"https:\/\/api.w.org\/{rel}","templated":true}]}}