{"id":13190,"date":"2021-02-12T13:36:48","date_gmt":"2021-02-12T16:36:48","guid":{"rendered":"https:\/\/abrelivros.org.br\/site\/?p=13190"},"modified":"2021-02-12T13:36:48","modified_gmt":"2021-02-12T16:36:48","slug":"mblended-learning-ou-ensino-hibrido","status":"publish","type":"post","link":"https:\/\/abrelivros.org.br\/site\/mblended-learning-ou-ensino-hibrido\/","title":{"rendered":"MBlended Learning ou Ensino H\u00edbrido"},"content":{"rendered":"<p>Nos tempos de pandemia e isolamento, a educa\u00e7\u00e3o precisa se abster de velhos h\u00e1bitos como sua metodologia tradicional que segundo Aranha em seu livro Filosofia da Educa\u00e7\u00e3o, publicado pela Moderna em 1996, \u00e9 uma metodologia que valoriza a transmiss\u00e3o da cultura geral e sua atividade escolar \u00e9 centrada na figura do professor que \u00e9 o transmissor do conhecimento.<!--more--><\/p>\n<p>Tais falas acima s\u00e3o corroboradas por Valente em seu artigo Blended learning e as mudan\u00e7as no ensino superior: a proposta da sala de aula invertida, publicado pela Educ. rev., em 2014[1]. Segundo o autor, a metodologia tradicional foca a transmiss\u00e3o de informa\u00e7\u00e3o, ignorando assim as singularidades de seus educandos bem como suas especificidades.<\/p>\n<p>Por se tratar de uma metodologia focada em uma aprendiizagem passiva e banc\u00e1ria, a mesma pressup\u00f5e que todos aprendem no mesmo ritmo al\u00e9m de absorver as informa\u00e7\u00f5es oriundas do professor.<\/p>\n<p>Interessante perceber que nesta metodologia as salas de aulas s\u00e3o vistas como um subproduto do industrialismo, o mesmo aplicado nas linhas de montagens.<\/p>\n<p>Freire em seu livro Pedagogia da Autonomia: Saberes Necess\u00e1rios \u00e0 Pr\u00e1tica Educativa, publicado pela Paz e Terra em 1996, \u00e9 enf\u00e1tico ao alertar que as falas acima, trabalha com um m\u00e9todo que deforma a necess\u00e1ria criatividade do educando e do educador.<\/p>\n<p>Dito isso, n\u00f3s educadores precisamos n\u00e3o s\u00f3 vislumbrar novas metodologias como tamb\u00e9m efetiv\u00e1-las no processo ensino-aprendizagem e temos ent\u00e3o como suporte a isso as metodologias ativas, que s\u00e3o centradas no aluno e no processo ensino aprendizagem, sendo esta significativa, o que para Aranha supracitada, um ensino voltado para a exist\u00eancia e para a vida cheia de significado e relev\u00e2ncia.<\/p>\n<p>Vale ressaltar que a metodologia ativa trabalha a autonomia, a proatividade do educando, a empatia, coletividade e coopera\u00e7\u00e3o, e segundo Valente, \u00e9 uma aprendizagem ativa, pois se baseia em pesquisa, no uso de jogos, na solu\u00e7\u00e3o de Problemas e em projetos, tudo isso de forma contextualizada no mundo real do educando.<\/p>\n<p>Uma forma de se trabalhar com a metodologia ativa \u00e9 atrav\u00e9s do blended learning ou ensino h\u00edbrido, o que para Valente, tal ensino faz com que a sala de aula deixe de ser visto como modo de produ\u00e7\u00e3o em massa usado nas linhas de montagens, passando a ser conhecida como sala de aula invertida.<\/p>\n<p>De acordo com Moran no seu artigo intitulado Metodologias ativas e modelos h\u00edbridos na educa\u00e7\u00e3o, publicado em 2017[2], a flexibilidade \u00e9 algo que deve ser destacada na aprendizagem h\u00edbrida.<\/p>\n<p>Nela \u00e9 levada em considera\u00e7\u00e3o tamb\u00e9m a `mistura e o compartilhamento de espa\u00e7os, tempo, atividades, materiais, t\u00e9cnicas e tecnologias` que fazem parte deste processo ativo.<\/p>\n<p>Barcelos e Batista, no artigo intitulado Ensino H\u00edbrido: aspectos te\u00f3ricos e an\u00e1lise de duas experi\u00eancias pedag\u00f3gicas com Sala de Aula Invertida[3], elucidam que ensino h\u00edbrido \u00e9 uma modalidade do ensino formal, que \u00e9 considerado um sistema de educa\u00e7\u00e3o institucionalizado pelo Minist\u00e9rio de Educa\u00e7\u00e3o e Cultura &#8211; MEC.<\/p>\n<p>Para as autoras, nesta modalidade de ensino, as atividades ocorrer\u00e3o de forma presencial e remota, integrada e personalizada, buscando melhorar a constru\u00e7\u00e3o do conhecimento em rela\u00e7\u00e3o ao tema em estudo.<\/p>\n<p>Vale ressaltar nas falas das autoras que o educando \u00e9 trabalhado de forma a ter que fazer escolhas, observe que ele deixa o papel de passividade e passa a assumir uma proatividade, desenvolvendo assim a sua autonomia no processo ensino aprendizagem, dito isso, as autoras ressaltam que o ensino h\u00edbrido \u00e9 muito al\u00e9m de uma aula enriquecida com tecnologias da Informa\u00e7\u00e3o e Comunica\u00e7\u00e3o &#8211; TICs.<\/p>\n<p>Com base no que foi dito pelos autores, cabe aqui o seguinte questionamento: o que diferencia o ensino presencial, h\u00edbrido e a dist\u00e2ncia?<\/p>\n<p>Segundo Barcelos e Batista supracitadas, no ensino presencial, a quantidade de aulas on-line pode variar entre 0 (zero) a 29%. J\u00e1 no ensino h\u00edbrido \u00e9 considerado uma propor\u00e7\u00e3o substancial do conte\u00fado e este deve ficar entre 30% a 79%, e o que passar deste \u00faltimo valor, deve ser considerado on-line.<\/p>\n<p>Barcelos e Batista deixam evidenciados que quando o ensino h\u00edbrido consegue ser aplicado sem provocar bruscas mudan\u00e7as no cen\u00e1rio educacional tradicional, este modelo de ensino tende a ter melhor receptividade.<\/p>\n<p>Dito isso, cabe ressaltar que independente as modalidades (presencial, h\u00edbrido ou remota) caber\u00e1 ao professor dar o seu melhor e trabalhar em seu educando a sua criticidade e o seu protagonismo cognoscente.<\/p>\n<p>________________________________________<\/p>\n<p>[1] VALENTE, Jos\u00e9 Armando. Blended learning e as mudan\u00e7as no ensino superior: a proposta da sala de aula invertida. Educ. rev., Curitiba , n. spe4, p. 79-97, 2014 . Available from . access on 11 Feb. 2021. https:\/\/doi.org\/10.1590\/0104-4060.38645.<\/p>\n<p>[2] Para mais informa\u00e7\u00f5es vide http:\/\/www2.eca.usp.br\/moran\/wp-content\/uploads\/2018\/03\/Metodologias_Ativas.pdf<\/p>\n<p>[3] Para mais informa\u00e7\u00f5es vide https:\/\/www.seer.ufrgs.br\/renote\/article\/viewFile\/96587\/54187<\/p>\n","protected":false},"excerpt":{"rendered":"<p>Nos tempos de pandemia e isolamento, a educa\u00e7\u00e3o precisa se abster de velhos h\u00e1bitos como sua metodologia tradicional que segundo Aranha em seu livro Filosofia da Educa\u00e7\u00e3o, publicado pela Moderna em 1996, \u00e9 uma metodologia que valoriza a transmiss\u00e3o da cultura geral e sua atividade escolar \u00e9 centrada na figura do professor que \u00e9 o [&hellip;]<\/p>\n","protected":false},"author":4,"featured_media":0,"comment_status":"closed","ping_status":"closed","sticky":false,"template":"","format":"standard","meta":{"footnotes":"","_links_to":"","_links_to_target":""},"categories":[9],"tags":[],"class_list":["post-13190","post","type-post","status-publish","format-standard","hentry","category-noticias-da-imprensa"],"yoast_head":"<!-- This site is optimized with the Yoast SEO plugin v15.1 - https:\/\/yoast.com\/wordpress\/plugins\/seo\/ -->\n<title>MBlended Learning ou Ensino H\u00edbrido &raquo; Abrelivros<\/title>\n<meta name=\"robots\" content=\"index, follow, max-snippet:-1, max-image-preview:large, max-video-preview:-1\" \/>\n<link rel=\"canonical\" href=\"https:\/\/abrelivros.org.br\/site\/mblended-learning-ou-ensino-hibrido\/\" \/>\n<meta property=\"og:locale\" content=\"pt_BR\" \/>\n<meta property=\"og:type\" content=\"article\" \/>\n<meta property=\"og:title\" content=\"MBlended Learning ou Ensino H\u00edbrido &raquo; Abrelivros\" \/>\n<meta property=\"og:description\" content=\"Nos tempos de pandemia e isolamento, a educa\u00e7\u00e3o precisa se abster de velhos h\u00e1bitos como sua metodologia tradicional que segundo Aranha em seu livro Filosofia da Educa\u00e7\u00e3o, publicado pela Moderna em 1996, \u00e9 uma metodologia que valoriza a transmiss\u00e3o da cultura geral e sua atividade escolar \u00e9 centrada na figura do professor que \u00e9 o [&hellip;]\" \/>\n<meta property=\"og:url\" content=\"https:\/\/abrelivros.org.br\/site\/mblended-learning-ou-ensino-hibrido\/\" \/>\n<meta property=\"og:site_name\" content=\"Abrelivros\" \/>\n<meta property=\"article:published_time\" content=\"2021-02-12T16:36:48+00:00\" \/>\n<meta name=\"twitter:card\" content=\"summary_large_image\" \/>\n<script type=\"application\/ld+json\" class=\"yoast-schema-graph\">{\"@context\":\"https:\/\/schema.org\",\"@graph\":[{\"@type\":\"WebSite\",\"@id\":\"https:\/\/abrelivros.org.br\/site\/#website\",\"url\":\"https:\/\/abrelivros.org.br\/site\/\",\"name\":\"Abrelivros\",\"description\":\"\",\"potentialAction\":[{\"@type\":\"SearchAction\",\"target\":\"https:\/\/abrelivros.org.br\/site\/?s={search_term_string}\",\"query-input\":\"required name=search_term_string\"}],\"inLanguage\":\"pt-BR\"},{\"@type\":\"WebPage\",\"@id\":\"https:\/\/abrelivros.org.br\/site\/mblended-learning-ou-ensino-hibrido\/#webpage\",\"url\":\"https:\/\/abrelivros.org.br\/site\/mblended-learning-ou-ensino-hibrido\/\",\"name\":\"MBlended Learning ou Ensino H\\u00edbrido &raquo; Abrelivros\",\"isPartOf\":{\"@id\":\"https:\/\/abrelivros.org.br\/site\/#website\"},\"datePublished\":\"2021-02-12T16:36:48+00:00\",\"dateModified\":\"2021-02-12T16:36:48+00:00\",\"author\":{\"@id\":\"https:\/\/abrelivros.org.br\/site\/#\/schema\/person\/65db80e26409802ce15ac5feec6a15fd\"},\"breadcrumb\":{\"@id\":\"https:\/\/abrelivros.org.br\/site\/mblended-learning-ou-ensino-hibrido\/#breadcrumb\"},\"inLanguage\":\"pt-BR\",\"potentialAction\":[{\"@type\":\"ReadAction\",\"target\":[\"https:\/\/abrelivros.org.br\/site\/mblended-learning-ou-ensino-hibrido\/\"]}]},{\"@type\":\"BreadcrumbList\",\"@id\":\"https:\/\/abrelivros.org.br\/site\/mblended-learning-ou-ensino-hibrido\/#breadcrumb\",\"itemListElement\":[{\"@type\":\"ListItem\",\"position\":1,\"item\":{\"@type\":\"WebPage\",\"@id\":\"https:\/\/abrelivros.org.br\/site\/\",\"url\":\"https:\/\/abrelivros.org.br\/site\/\",\"name\":\"In\\u00edcio\"}},{\"@type\":\"ListItem\",\"position\":2,\"item\":{\"@type\":\"WebPage\",\"@id\":\"https:\/\/abrelivros.org.br\/site\/category\/noticias\/\",\"url\":\"https:\/\/abrelivros.org.br\/site\/category\/noticias\/\",\"name\":\"Not\\u00edcias\"}},{\"@type\":\"ListItem\",\"position\":3,\"item\":{\"@type\":\"WebPage\",\"@id\":\"https:\/\/abrelivros.org.br\/site\/category\/noticias\/noticias-da-imprensa\/\",\"url\":\"https:\/\/abrelivros.org.br\/site\/category\/noticias\/noticias-da-imprensa\/\",\"name\":\"Not\\u00edcias da imprensa\"}},{\"@type\":\"ListItem\",\"position\":4,\"item\":{\"@type\":\"WebPage\",\"@id\":\"https:\/\/abrelivros.org.br\/site\/mblended-learning-ou-ensino-hibrido\/\",\"url\":\"https:\/\/abrelivros.org.br\/site\/mblended-learning-ou-ensino-hibrido\/\",\"name\":\"MBlended Learning ou Ensino H\\u00edbrido\"}}]},{\"@type\":\"Person\",\"@id\":\"https:\/\/abrelivros.org.br\/site\/#\/schema\/person\/65db80e26409802ce15ac5feec6a15fd\",\"name\":\"Reda\\u00e7\\u00e3o Abrelivros\",\"image\":{\"@type\":\"ImageObject\",\"@id\":\"https:\/\/abrelivros.org.br\/site\/#personlogo\",\"inLanguage\":\"pt-BR\",\"url\":\"https:\/\/secure.gravatar.com\/avatar\/c4e57f9c7e3482965bd428192061218520756c39080b1d1820b679fa5e9af192?s=96&d=mm&r=g\",\"caption\":\"Reda\\u00e7\\u00e3o Abrelivros\"}}]}<\/script>\n<!-- \/ Yoast SEO plugin. -->","_links":{"self":[{"href":"https:\/\/abrelivros.org.br\/site\/wp-json\/wp\/v2\/posts\/13190","targetHints":{"allow":["GET"]}}],"collection":[{"href":"https:\/\/abrelivros.org.br\/site\/wp-json\/wp\/v2\/posts"}],"about":[{"href":"https:\/\/abrelivros.org.br\/site\/wp-json\/wp\/v2\/types\/post"}],"author":[{"embeddable":true,"href":"https:\/\/abrelivros.org.br\/site\/wp-json\/wp\/v2\/users\/4"}],"replies":[{"embeddable":true,"href":"https:\/\/abrelivros.org.br\/site\/wp-json\/wp\/v2\/comments?post=13190"}],"version-history":[{"count":1,"href":"https:\/\/abrelivros.org.br\/site\/wp-json\/wp\/v2\/posts\/13190\/revisions"}],"predecessor-version":[{"id":13191,"href":"https:\/\/abrelivros.org.br\/site\/wp-json\/wp\/v2\/posts\/13190\/revisions\/13191"}],"wp:attachment":[{"href":"https:\/\/abrelivros.org.br\/site\/wp-json\/wp\/v2\/media?parent=13190"}],"wp:term":[{"taxonomy":"category","embeddable":true,"href":"https:\/\/abrelivros.org.br\/site\/wp-json\/wp\/v2\/categories?post=13190"},{"taxonomy":"post_tag","embeddable":true,"href":"https:\/\/abrelivros.org.br\/site\/wp-json\/wp\/v2\/tags?post=13190"}],"curies":[{"name":"wp","href":"https:\/\/api.w.org\/{rel}","templated":true}]}}