{"id":13183,"date":"2021-02-11T15:45:56","date_gmt":"2021-02-11T18:45:56","guid":{"rendered":"https:\/\/abrelivros.org.br\/site\/?p=13183"},"modified":"2021-02-11T15:45:56","modified_gmt":"2021-02-11T18:45:56","slug":"varejo-de-livros-jornais-revistas-e-papelaria-cai-306-em-2020-aponta-ibge","status":"publish","type":"post","link":"https:\/\/abrelivros.org.br\/site\/varejo-de-livros-jornais-revistas-e-papelaria-cai-306-em-2020-aponta-ibge\/","title":{"rendered":"Varejo de livros, jornais, revistas e papelaria cai 30,6% em 2020, aponta IBGE"},"content":{"rendered":"<p>O Instituto Brasileiro de Geografia e Estat\u00edstica (IBGE) divulgou, nesta quarta-feira (10), os resultados da sua Pesquisa Mensal de Com\u00e9rcio (PMC) referente ao m\u00eas de dezembro de 2020. No per\u00edodo, o volume de vendas do com\u00e9rcio varejista caiu 6,1% em dezembro na compara\u00e7\u00e3o com novembro. <!--more-->\u00c9 a queda mais intensa para um m\u00eas de dezembro de toda a s\u00e9rie hist\u00f3rica da PMC, iniciada em 2000.<\/p>\n<p>Apesar dos resultados negativos nos \u00faltimos dois meses do ano, o acumulado de 2020 fechou com alta de 1,2%. \u00c9 a quarta vez consecutiva que o com\u00e9rcio apresenta alta anual: 2,1% em 2017; 2,3% em 2018 e 1,8% em 2019. Com o recuo de dezembro, as vendas do varejo se igualaram ao patamar de fevereiro, per\u00edodo pr\u00e9-pandemia.<\/p>\n<p>Em dezembro, o segmento de Livros, jornais, revistas e papelaria apresentou queda de 37,4% na compara\u00e7\u00e3o com igual m\u00eas do ano anterior. No acumulado do ano, a categoria sofreu queda de 30,6%. Dos oito segmentos analisados pelo IBGE, o de Livros, jornais, revistas e papelaria foi o que apresentou maior queda em 2020.<\/p>\n<p>De acordo com o IBGE, o fechamento de lojas e a substitui\u00e7\u00e3o dos produtos impressos pelos de meio digital afetaram o segmento.<\/p>\n<p>Pela metodologia, a PMC n\u00e3o separa livros das demais subcategorias (jornais, revistas e papelaria).<\/p>\n<p><a href=\"https:\/\/agenciadenoticias.ibge.gov.br\/media\/com_mediaibge\/arquivos\/6c5fd885970d8e327f769dab9fb7326a.pdf\" target=\"_blank\" rel=\"noopener noreferrer\">Clique aqui<\/a> para baixar a \u00edntegra da apresenta\u00e7\u00e3o da PMC.<\/p>\n","protected":false},"excerpt":{"rendered":"<p>O Instituto Brasileiro de Geografia e Estat\u00edstica (IBGE) divulgou, nesta quarta-feira (10), os resultados da sua Pesquisa Mensal de Com\u00e9rcio (PMC) referente ao m\u00eas de dezembro de 2020. No per\u00edodo, o volume de vendas do com\u00e9rcio varejista caiu 6,1% em dezembro na compara\u00e7\u00e3o com novembro.<\/p>\n","protected":false},"author":4,"featured_media":0,"comment_status":"closed","ping_status":"closed","sticky":false,"template":"","format":"standard","meta":{"footnotes":"","_links_to":"","_links_to_target":""},"categories":[9],"tags":[],"class_list":["post-13183","post","type-post","status-publish","format-standard","hentry","category-noticias-da-imprensa"],"yoast_head":"<!-- This site is optimized with the Yoast SEO plugin v15.1 - https:\/\/yoast.com\/wordpress\/plugins\/seo\/ -->\n<title>Varejo de livros, jornais, revistas e papelaria cai 30,6% em 2020, aponta IBGE &raquo; Abrelivros<\/title>\n<meta name=\"robots\" content=\"index, follow, max-snippet:-1, max-image-preview:large, max-video-preview:-1\" \/>\n<link rel=\"canonical\" href=\"https:\/\/abrelivros.org.br\/site\/varejo-de-livros-jornais-revistas-e-papelaria-cai-306-em-2020-aponta-ibge\/\" \/>\n<meta property=\"og:locale\" content=\"pt_BR\" \/>\n<meta property=\"og:type\" content=\"article\" \/>\n<meta property=\"og:title\" content=\"Varejo de livros, jornais, revistas e papelaria cai 30,6% em 2020, aponta IBGE &raquo; Abrelivros\" \/>\n<meta property=\"og:description\" content=\"O Instituto Brasileiro de Geografia e Estat\u00edstica (IBGE) divulgou, nesta quarta-feira (10), os resultados da sua Pesquisa Mensal de Com\u00e9rcio (PMC) referente ao m\u00eas de dezembro de 2020. No per\u00edodo, o volume de vendas do com\u00e9rcio varejista caiu 6,1% em dezembro na compara\u00e7\u00e3o com novembro.\" \/>\n<meta property=\"og:url\" content=\"https:\/\/abrelivros.org.br\/site\/varejo-de-livros-jornais-revistas-e-papelaria-cai-306-em-2020-aponta-ibge\/\" \/>\n<meta property=\"og:site_name\" content=\"Abrelivros\" \/>\n<meta property=\"article:published_time\" content=\"2021-02-11T18:45:56+00:00\" \/>\n<meta name=\"twitter:card\" content=\"summary_large_image\" \/>\n<script type=\"application\/ld+json\" class=\"yoast-schema-graph\">{\"@context\":\"https:\/\/schema.org\",\"@graph\":[{\"@type\":\"WebSite\",\"@id\":\"https:\/\/abrelivros.org.br\/site\/#website\",\"url\":\"https:\/\/abrelivros.org.br\/site\/\",\"name\":\"Abrelivros\",\"description\":\"\",\"potentialAction\":[{\"@type\":\"SearchAction\",\"target\":\"https:\/\/abrelivros.org.br\/site\/?s={search_term_string}\",\"query-input\":\"required name=search_term_string\"}],\"inLanguage\":\"pt-BR\"},{\"@type\":\"WebPage\",\"@id\":\"https:\/\/abrelivros.org.br\/site\/varejo-de-livros-jornais-revistas-e-papelaria-cai-306-em-2020-aponta-ibge\/#webpage\",\"url\":\"https:\/\/abrelivros.org.br\/site\/varejo-de-livros-jornais-revistas-e-papelaria-cai-306-em-2020-aponta-ibge\/\",\"name\":\"Varejo de livros, jornais, revistas e papelaria cai 30,6% em 2020, aponta IBGE &raquo; Abrelivros\",\"isPartOf\":{\"@id\":\"https:\/\/abrelivros.org.br\/site\/#website\"},\"datePublished\":\"2021-02-11T18:45:56+00:00\",\"dateModified\":\"2021-02-11T18:45:56+00:00\",\"author\":{\"@id\":\"https:\/\/abrelivros.org.br\/site\/#\/schema\/person\/65db80e26409802ce15ac5feec6a15fd\"},\"breadcrumb\":{\"@id\":\"https:\/\/abrelivros.org.br\/site\/varejo-de-livros-jornais-revistas-e-papelaria-cai-306-em-2020-aponta-ibge\/#breadcrumb\"},\"inLanguage\":\"pt-BR\",\"potentialAction\":[{\"@type\":\"ReadAction\",\"target\":[\"https:\/\/abrelivros.org.br\/site\/varejo-de-livros-jornais-revistas-e-papelaria-cai-306-em-2020-aponta-ibge\/\"]}]},{\"@type\":\"BreadcrumbList\",\"@id\":\"https:\/\/abrelivros.org.br\/site\/varejo-de-livros-jornais-revistas-e-papelaria-cai-306-em-2020-aponta-ibge\/#breadcrumb\",\"itemListElement\":[{\"@type\":\"ListItem\",\"position\":1,\"item\":{\"@type\":\"WebPage\",\"@id\":\"https:\/\/abrelivros.org.br\/site\/\",\"url\":\"https:\/\/abrelivros.org.br\/site\/\",\"name\":\"In\\u00edcio\"}},{\"@type\":\"ListItem\",\"position\":2,\"item\":{\"@type\":\"WebPage\",\"@id\":\"https:\/\/abrelivros.org.br\/site\/category\/noticias\/\",\"url\":\"https:\/\/abrelivros.org.br\/site\/category\/noticias\/\",\"name\":\"Not\\u00edcias\"}},{\"@type\":\"ListItem\",\"position\":3,\"item\":{\"@type\":\"WebPage\",\"@id\":\"https:\/\/abrelivros.org.br\/site\/category\/noticias\/noticias-da-imprensa\/\",\"url\":\"https:\/\/abrelivros.org.br\/site\/category\/noticias\/noticias-da-imprensa\/\",\"name\":\"Not\\u00edcias da imprensa\"}},{\"@type\":\"ListItem\",\"position\":4,\"item\":{\"@type\":\"WebPage\",\"@id\":\"https:\/\/abrelivros.org.br\/site\/varejo-de-livros-jornais-revistas-e-papelaria-cai-306-em-2020-aponta-ibge\/\",\"url\":\"https:\/\/abrelivros.org.br\/site\/varejo-de-livros-jornais-revistas-e-papelaria-cai-306-em-2020-aponta-ibge\/\",\"name\":\"Varejo de livros, jornais, revistas e papelaria cai 30,6% em 2020, aponta IBGE\"}}]},{\"@type\":\"Person\",\"@id\":\"https:\/\/abrelivros.org.br\/site\/#\/schema\/person\/65db80e26409802ce15ac5feec6a15fd\",\"name\":\"Reda\\u00e7\\u00e3o Abrelivros\",\"image\":{\"@type\":\"ImageObject\",\"@id\":\"https:\/\/abrelivros.org.br\/site\/#personlogo\",\"inLanguage\":\"pt-BR\",\"url\":\"https:\/\/secure.gravatar.com\/avatar\/c4e57f9c7e3482965bd428192061218520756c39080b1d1820b679fa5e9af192?s=96&d=mm&r=g\",\"caption\":\"Reda\\u00e7\\u00e3o Abrelivros\"}}]}<\/script>\n<!-- \/ Yoast SEO plugin. -->","_links":{"self":[{"href":"https:\/\/abrelivros.org.br\/site\/wp-json\/wp\/v2\/posts\/13183","targetHints":{"allow":["GET"]}}],"collection":[{"href":"https:\/\/abrelivros.org.br\/site\/wp-json\/wp\/v2\/posts"}],"about":[{"href":"https:\/\/abrelivros.org.br\/site\/wp-json\/wp\/v2\/types\/post"}],"author":[{"embeddable":true,"href":"https:\/\/abrelivros.org.br\/site\/wp-json\/wp\/v2\/users\/4"}],"replies":[{"embeddable":true,"href":"https:\/\/abrelivros.org.br\/site\/wp-json\/wp\/v2\/comments?post=13183"}],"version-history":[{"count":1,"href":"https:\/\/abrelivros.org.br\/site\/wp-json\/wp\/v2\/posts\/13183\/revisions"}],"predecessor-version":[{"id":13184,"href":"https:\/\/abrelivros.org.br\/site\/wp-json\/wp\/v2\/posts\/13183\/revisions\/13184"}],"wp:attachment":[{"href":"https:\/\/abrelivros.org.br\/site\/wp-json\/wp\/v2\/media?parent=13183"}],"wp:term":[{"taxonomy":"category","embeddable":true,"href":"https:\/\/abrelivros.org.br\/site\/wp-json\/wp\/v2\/categories?post=13183"},{"taxonomy":"post_tag","embeddable":true,"href":"https:\/\/abrelivros.org.br\/site\/wp-json\/wp\/v2\/tags?post=13183"}],"curies":[{"name":"wp","href":"https:\/\/api.w.org\/{rel}","templated":true}]}}