{"id":13181,"date":"2021-02-11T15:41:38","date_gmt":"2021-02-11T18:41:38","guid":{"rendered":"https:\/\/abrelivros.org.br\/site\/?p=13181"},"modified":"2021-02-11T15:41:38","modified_gmt":"2021-02-11T18:41:38","slug":"enem-digital-2020-inep-divulga-gabarito-oficial","status":"publish","type":"post","link":"https:\/\/abrelivros.org.br\/site\/enem-digital-2020-inep-divulga-gabarito-oficial\/","title":{"rendered":"Enem digital 2020: Inep divulga gabarito oficial"},"content":{"rendered":"<p>O gabarito oficial da vers\u00e3o digital do Exame Nacional do Ensino M\u00e9dio (Enem) 2020 foi divulgado nesta quarta-feira no <a href=\"https:\/\/www.gov.br\/inep\/pt-br\/assuntos\/noticias\/enem\/divulgados-gabaritos-e-provas-do-enem-2020-digital\" target=\"_blank\" rel=\"noopener noreferrer\">site<\/a> do Instituto Nacional de Estudos e Pesquisas Educacionais An\u00edsio Teixeira (Inep), \u00e0s 17h21.<!--more--><\/p>\n<p>Um item da prova de matem\u00e1tica e suas tecnologias foi anulado, segundo informou o Inep. A anula\u00e7\u00e3o de uma quest\u00e3o n\u00e3o compromete a nota dos participantes, garante o instituto. Isso porque o c\u00e1lculo estat\u00edstico da nota do Enem, de acordo com a metodologia da Teoria da Resposta ao Item (TRI), considera a combina\u00e7\u00e3o da coer\u00eancia do padr\u00e3o de resposta com as caracter\u00edsticas de complexidade de cada item.<\/p>\n<p>O n\u00famero da quest\u00e3o anulada varia em fun\u00e7\u00e3o do tipo de caderno:<\/p>\n<p><strong>Matem\u00e1tica e suas tecnologias<\/strong><\/p>\n<p>Caderno 5 (Amarelo): Quest\u00e3o 140<\/p>\n<p>Caderno 6 (Cinza): Quest\u00e3o 148<\/p>\n<p>Caderno 7 (Azul): Quest\u00e3o 157<\/p>\n<p>Caderno 8 (Rosa): Quest\u00e3o 165<\/p>\n<p>O Inep identificou que a referida quest\u00e3o, que apresenta um gr\u00e1fico cartesiano com a trajet\u00f3ria de um rob\u00f4, fez parte da edi\u00e7\u00e3o de 2009 do Enem para Pessoas Privadas de Liberdade (Enem PPL)\/reaplica\u00e7\u00e3o.<\/p>\n<p>Para ajudar os candidatos a descobrirem que nota precisam ter para entrar nos cursos desejados, O GLOBO lan\u00e7ou uma plataforma interativa reunindo as notas de corte de todos os cursos dispon\u00edveis no \u00faltimo Sisu. <a href=\"https:\/\/infograficos.oglobo.globo.com\/sociedade\/nota-corte-cursos-enem-2020.html\" target=\"_blank\" rel=\"noopener noreferrer\">Teste aqui<\/a>.<\/p>\n<p>Embora j\u00e1 possa ter acesso ao gabarito, o estudante s\u00f3 saber\u00e1 sua nota final no dia 29 de mar\u00e7o, quando os resultados finais das provas objetivas e da reda\u00e7\u00e3o ser\u00e3o divulgadas pelo Inep. Os resultados de quem for fazer a <a href=\"https:\/\/oglobo.globo.com\/sociedade\/educacao\/enem-e-vestibular\/intervalo-de-um-mes-entre-enem-sua-reaplicacao-preocupa-candidatos-especialistas-24846079\" target=\"_blank\" rel=\"noopener noreferrer\">prova de reaplica\u00e7\u00e3o do Enem<\/a>, nos dias 23 e 24 de fevereiro, tamb\u00e9m sair\u00e3o nesta data.<\/p>\n","protected":false},"excerpt":{"rendered":"<p>O gabarito oficial da vers\u00e3o digital do Exame Nacional do Ensino M\u00e9dio (Enem) 2020 foi divulgado nesta quarta-feira no site do Instituto Nacional de Estudos e Pesquisas Educacionais An\u00edsio Teixeira (Inep), \u00e0s 17h21.<\/p>\n","protected":false},"author":4,"featured_media":0,"comment_status":"closed","ping_status":"closed","sticky":false,"template":"","format":"standard","meta":{"footnotes":"","_links_to":"","_links_to_target":""},"categories":[9],"tags":[],"class_list":["post-13181","post","type-post","status-publish","format-standard","hentry","category-noticias-da-imprensa"],"yoast_head":"<!-- This site is optimized with the Yoast SEO plugin v15.1 - https:\/\/yoast.com\/wordpress\/plugins\/seo\/ -->\n<title>Enem digital 2020: Inep divulga gabarito oficial &raquo; Abrelivros<\/title>\n<meta name=\"robots\" content=\"index, follow, max-snippet:-1, max-image-preview:large, max-video-preview:-1\" \/>\n<link rel=\"canonical\" href=\"https:\/\/abrelivros.org.br\/site\/enem-digital-2020-inep-divulga-gabarito-oficial\/\" \/>\n<meta property=\"og:locale\" content=\"pt_BR\" \/>\n<meta property=\"og:type\" content=\"article\" \/>\n<meta property=\"og:title\" content=\"Enem digital 2020: Inep divulga gabarito oficial &raquo; Abrelivros\" \/>\n<meta property=\"og:description\" content=\"O gabarito oficial da vers\u00e3o digital do Exame Nacional do Ensino M\u00e9dio (Enem) 2020 foi divulgado nesta quarta-feira no site do Instituto Nacional de Estudos e Pesquisas Educacionais An\u00edsio Teixeira (Inep), \u00e0s 17h21.\" \/>\n<meta property=\"og:url\" content=\"https:\/\/abrelivros.org.br\/site\/enem-digital-2020-inep-divulga-gabarito-oficial\/\" \/>\n<meta property=\"og:site_name\" content=\"Abrelivros\" \/>\n<meta property=\"article:published_time\" content=\"2021-02-11T18:41:38+00:00\" \/>\n<meta name=\"twitter:card\" content=\"summary_large_image\" \/>\n<script type=\"application\/ld+json\" class=\"yoast-schema-graph\">{\"@context\":\"https:\/\/schema.org\",\"@graph\":[{\"@type\":\"WebSite\",\"@id\":\"https:\/\/abrelivros.org.br\/site\/#website\",\"url\":\"https:\/\/abrelivros.org.br\/site\/\",\"name\":\"Abrelivros\",\"description\":\"\",\"potentialAction\":[{\"@type\":\"SearchAction\",\"target\":\"https:\/\/abrelivros.org.br\/site\/?s={search_term_string}\",\"query-input\":\"required name=search_term_string\"}],\"inLanguage\":\"pt-BR\"},{\"@type\":\"WebPage\",\"@id\":\"https:\/\/abrelivros.org.br\/site\/enem-digital-2020-inep-divulga-gabarito-oficial\/#webpage\",\"url\":\"https:\/\/abrelivros.org.br\/site\/enem-digital-2020-inep-divulga-gabarito-oficial\/\",\"name\":\"Enem digital 2020: Inep divulga gabarito oficial &raquo; Abrelivros\",\"isPartOf\":{\"@id\":\"https:\/\/abrelivros.org.br\/site\/#website\"},\"datePublished\":\"2021-02-11T18:41:38+00:00\",\"dateModified\":\"2021-02-11T18:41:38+00:00\",\"author\":{\"@id\":\"https:\/\/abrelivros.org.br\/site\/#\/schema\/person\/65db80e26409802ce15ac5feec6a15fd\"},\"breadcrumb\":{\"@id\":\"https:\/\/abrelivros.org.br\/site\/enem-digital-2020-inep-divulga-gabarito-oficial\/#breadcrumb\"},\"inLanguage\":\"pt-BR\",\"potentialAction\":[{\"@type\":\"ReadAction\",\"target\":[\"https:\/\/abrelivros.org.br\/site\/enem-digital-2020-inep-divulga-gabarito-oficial\/\"]}]},{\"@type\":\"BreadcrumbList\",\"@id\":\"https:\/\/abrelivros.org.br\/site\/enem-digital-2020-inep-divulga-gabarito-oficial\/#breadcrumb\",\"itemListElement\":[{\"@type\":\"ListItem\",\"position\":1,\"item\":{\"@type\":\"WebPage\",\"@id\":\"https:\/\/abrelivros.org.br\/site\/\",\"url\":\"https:\/\/abrelivros.org.br\/site\/\",\"name\":\"In\\u00edcio\"}},{\"@type\":\"ListItem\",\"position\":2,\"item\":{\"@type\":\"WebPage\",\"@id\":\"https:\/\/abrelivros.org.br\/site\/category\/noticias\/\",\"url\":\"https:\/\/abrelivros.org.br\/site\/category\/noticias\/\",\"name\":\"Not\\u00edcias\"}},{\"@type\":\"ListItem\",\"position\":3,\"item\":{\"@type\":\"WebPage\",\"@id\":\"https:\/\/abrelivros.org.br\/site\/category\/noticias\/noticias-da-imprensa\/\",\"url\":\"https:\/\/abrelivros.org.br\/site\/category\/noticias\/noticias-da-imprensa\/\",\"name\":\"Not\\u00edcias da imprensa\"}},{\"@type\":\"ListItem\",\"position\":4,\"item\":{\"@type\":\"WebPage\",\"@id\":\"https:\/\/abrelivros.org.br\/site\/enem-digital-2020-inep-divulga-gabarito-oficial\/\",\"url\":\"https:\/\/abrelivros.org.br\/site\/enem-digital-2020-inep-divulga-gabarito-oficial\/\",\"name\":\"Enem digital 2020: Inep divulga gabarito oficial\"}}]},{\"@type\":\"Person\",\"@id\":\"https:\/\/abrelivros.org.br\/site\/#\/schema\/person\/65db80e26409802ce15ac5feec6a15fd\",\"name\":\"Reda\\u00e7\\u00e3o Abrelivros\",\"image\":{\"@type\":\"ImageObject\",\"@id\":\"https:\/\/abrelivros.org.br\/site\/#personlogo\",\"inLanguage\":\"pt-BR\",\"url\":\"https:\/\/secure.gravatar.com\/avatar\/c4e57f9c7e3482965bd428192061218520756c39080b1d1820b679fa5e9af192?s=96&d=mm&r=g\",\"caption\":\"Reda\\u00e7\\u00e3o Abrelivros\"}}]}<\/script>\n<!-- \/ Yoast SEO plugin. -->","_links":{"self":[{"href":"https:\/\/abrelivros.org.br\/site\/wp-json\/wp\/v2\/posts\/13181","targetHints":{"allow":["GET"]}}],"collection":[{"href":"https:\/\/abrelivros.org.br\/site\/wp-json\/wp\/v2\/posts"}],"about":[{"href":"https:\/\/abrelivros.org.br\/site\/wp-json\/wp\/v2\/types\/post"}],"author":[{"embeddable":true,"href":"https:\/\/abrelivros.org.br\/site\/wp-json\/wp\/v2\/users\/4"}],"replies":[{"embeddable":true,"href":"https:\/\/abrelivros.org.br\/site\/wp-json\/wp\/v2\/comments?post=13181"}],"version-history":[{"count":1,"href":"https:\/\/abrelivros.org.br\/site\/wp-json\/wp\/v2\/posts\/13181\/revisions"}],"predecessor-version":[{"id":13182,"href":"https:\/\/abrelivros.org.br\/site\/wp-json\/wp\/v2\/posts\/13181\/revisions\/13182"}],"wp:attachment":[{"href":"https:\/\/abrelivros.org.br\/site\/wp-json\/wp\/v2\/media?parent=13181"}],"wp:term":[{"taxonomy":"category","embeddable":true,"href":"https:\/\/abrelivros.org.br\/site\/wp-json\/wp\/v2\/categories?post=13181"},{"taxonomy":"post_tag","embeddable":true,"href":"https:\/\/abrelivros.org.br\/site\/wp-json\/wp\/v2\/tags?post=13181"}],"curies":[{"name":"wp","href":"https:\/\/api.w.org\/{rel}","templated":true}]}}