{"id":13179,"date":"2021-02-11T15:36:05","date_gmt":"2021-02-11T18:36:05","guid":{"rendered":"https:\/\/abrelivros.org.br\/site\/?p=13179"},"modified":"2021-02-11T15:36:05","modified_gmt":"2021-02-11T18:36:05","slug":"escola-da-rede-municipal-nao-vai-abrir-de-qualquer-jeito-diz-secretario-de-educacao-de-covas","status":"publish","type":"post","link":"https:\/\/abrelivros.org.br\/site\/escola-da-rede-municipal-nao-vai-abrir-de-qualquer-jeito-diz-secretario-de-educacao-de-covas\/","title":{"rendered":"Escola da rede municipal n\u00e3o vai abrir de qualquer jeito, diz secret\u00e1rio de educa\u00e7\u00e3o de Covas"},"content":{"rendered":"<p>&nbsp;<\/p>\n<p>Nesta segunda (8), as aulas foram retomadas na rede estadual paulista, com a reabertura de 64 escolas com obras ainda em andamento. Al\u00e9m de ter registrado a volta do funcionamento em ao menos 49 unidades com n\u00famero insuficiente de faxineiros e em 177 sem merendeiras.<!--more--><\/p>\n<p>O secret\u00e1rio disse que gostaria de assegurar condi\u00e7\u00f5es adequadas em todas as escolas, mas diz que, pelo tamanho da rede, com cerca de 1 milh\u00e3o de alunos e 4.000 escolas, \u00e9 dif\u00edcil ter o controle de todas as situa\u00e7\u00f5es.<\/p>\n<p>&#8220;A volta \u00e0s aulas n\u00e3o deve ser uma queda de bra\u00e7o, n\u00e3o temos que abrir escola de qualquer jeito. Se n\u00e3o tiver condi\u00e7\u00f5es, a orienta\u00e7\u00e3o da secretaria \u00e9 para que a unidade permane\u00e7a fechada, seja identificado o problema e dado o encaminhamento correto&#8221;, afirmou.<\/p>\n<p>Padula assumiu o cargo h\u00e1 pouco mais de um m\u00eas e diz que tem mantido estreito di\u00e1logo com professores e sindicatos para entender os medos e inseguran\u00e7as em rela\u00e7\u00e3o a volta \u00e0s aulas.<\/p>\n<p>\u201c\u00c9 natural que tenham inseguran\u00e7a e medo. O processo, de ganhar a confian\u00e7a das pessoas, vai acontecer aos poucos conforme elas forem vendo e conhecendo os protocolos.\u201d<\/p>\n<p>Entre as principais preocupa\u00e7\u00f5es do munic\u00edpio na \u00e1rea da educa\u00e7\u00e3o est\u00e3o os 10% de alunos da rede que n\u00e3o conseguiram acompanhar nenhuma atividade letiva no ano passado. Segundo Padula, esses estudantes ter\u00e3o atendimento priorit\u00e1rio no retorno presencial e em outras a\u00e7\u00f5es, como a entrega de tablets.<\/p>\n<p><strong>A prefeitura e as escolas municipais est\u00e3o preparadas para o retorno das aulas no pr\u00f3ximo dia 15?<\/strong><\/p>\n<p>A prefeitura vem se preparando h\u00e1 muito tempo. Desde que as escolas fecharam em mar\u00e7o, 550 unidades passaram por obras que eram demandadas h\u00e1 muito tempo.<\/p>\n<p>Tamb\u00e9m garantimos a compra de todos os EPI [equipamentos de prote\u00e7\u00e3o individual] e transferimos R$ 280 milh\u00f5es para as escolas fazerem pequenas adapta\u00e7\u00f5es necess\u00e1rias para o retorno.<\/p>\n<p>Os professores fizeram dois cursos de forma\u00e7\u00e3o sobre os protocolos as serem seguidos e contratamos 4.000 professores tempor\u00e1rios para atuar presencialmente no lugar daqueles que s\u00e3o do grupo de risco.<\/p>\n<p><strong>A rede estadual retomou as aulas nesta segunda, com parte das escolas ainda em obras ou sem condi\u00e7\u00f5es adequadas. Reabrir as unidades municipais uma semana depois deu tempo para que a prefeitura se organizasse para n\u00e3o ter os mesmo problemas?<\/strong><\/p>\n<p>Tive uma reuni\u00e3o com todas as diretorias de ensino hoje e reforcei o que havia dito na minha primeira semana: escola que n\u00e3o tiver condi\u00e7\u00f5es n\u00e3o ser\u00e1 reaberta.<\/p>\n<p>Nesses casos, a gente vai declarar que a escola n\u00e3o pode abrir, dizer o motivo pelo qual n\u00e3o tem condi\u00e7\u00f5es e dar o encaminhamento correto para o problema. Vamos ter o levantamento completo at\u00e9 sexta-feira.<\/p>\n<p>Temos situa\u00e7\u00f5es diferentes na rede, por exemplo, uma unidade em que a obra n\u00e3o foi finalizada a tempo. Nesse caso, a escola permanecer\u00e1 fechada. Vamos avisar os pais e dar uma previs\u00e3o de retorno. Ou podemos tentar atender esses alunos em algum CEU [Centros Educacionais Unificados] da regi\u00e3o.<\/p>\n<p>A volta \u00e0s aulas n\u00e3o deve ser uma queda de bra\u00e7o , n\u00e3o temos que abrir escola de qualquer jeito. Se n\u00e3o tiver condi\u00e7\u00f5es, a orienta\u00e7\u00e3o da secretaria \u00e9 para que a unidade permane\u00e7a fechada, seja identificado o problema e dado o encaminhamento correto.<\/p>\n<p>Gostaria que a gente tivesse todas as escolas prontas, mas ouso a dizer que teremos casos pontuais.<\/p>\n<p><strong>Escolas estaduais tamb\u00e9m abriram com n\u00famero insuficiente de faxineiros ou sem merendeira. H\u00e1 o risco dessa situa\u00e7\u00e3o se repetir na rede municipal?<\/strong><\/p>\n<p>N\u00f3s temos uma situa\u00e7\u00e3o parecida com uma empresa da \u00e1rea de limpeza que faliu. Estamos fazendo todo o esfor\u00e7o poss\u00edvel para que, at\u00e9 o dia 15, essa situa\u00e7\u00e3o esteja resolvida e haja equipe de limpeza para essas unidades [o secret\u00e1rio n\u00e3o informou o n\u00famero de escolas que podem ser afetadas].<\/p>\n<p>Mas, se n\u00e3o conseguirmos resolver at\u00e9 o dia 15, vamos ter que adiar um pouquinho a abertura dessas escolas. N\u00e3o vamos abrir unidades sem equipe de limpeza. Higieniza\u00e7\u00e3o \u00e9 item b\u00e1sico.<\/p>\n<p><strong>Os sindicatos da rede municipal t\u00eam mobilizado protestos contra o retorno das aulas presenciais, o senhor teme a possibilidade de greve da categoria?<\/strong><\/p>\n<p>Tenho conversado muito com os professores e identifiquei que h\u00e1 um grupo inseguro sobre a volta e uma minoria politizando a situa\u00e7\u00e3o.<\/p>\n<p>\u00c9 natural que tenham inseguran\u00e7a e medo. O processo, de ganhar a confian\u00e7a das pessoas, vai acontecer aos poucos conforme elas forem vendo e conhecendo os protocolos.<\/p>\n<p>Eu, sinceramente, acredito e tor\u00e7o para que n\u00e3o haja greve. Os professores est\u00e3o com vontade de voltar para a sala de aula, de reencontrar seus alunos.<\/p>\n<p>Entendo tamb\u00e9m que \u00e9 papel do sindicato para se manter vivo tentar puxar uma greve. \u00c9 leg\u00edtimo, faz parte da democracia. Mas n\u00e3o acredito que haver\u00e1 greve.<\/p>\n<p><strong>A secretaria fez uma consulta com os pais de alunos da rede municipal sobre o retorno. Qual foi o resultado dessa pesquisa?<\/strong><\/p>\n<p>Na cidade de S\u00e3o Paulo temos uma lei que diz, enquanto durar a pandemia, o retorno dos alunos \u00e0s aulas presenciais n\u00e3o \u00e9 obrigat\u00f3rio. Por isso, para que as escolas pudessem organizar a reabertura dentro do limite de atendimento de 35% das matr\u00edculas, fizemos essa consulta aos pais.<\/p>\n<p>At\u00e9 o momento, 500 mil fam\u00edlias responderam, o que representa metade dos nossos alunos. O resultado preliminar mostra 66% dizendo que vai mandar os filhos para a escola, um n\u00famero que nos deixa muito felizes.<\/p>\n<p>A diretriz que demos a todas as escolas \u00e9 que atendam 100% dos que desejam retornar \u00e0s atividades presenciais, por isso, devem organizar algum tipo de rod\u00edzio aos alunos.<\/p>\n<p>As unidades t\u00eam autonomia para definir como ser\u00e1 essa divis\u00e3o, mas precisam atender prioritariamente os 10% de alunos que n\u00e3o acessaram nenhum atividade letiva no ano passado, os 20% que acessaram muito pouco e quem teve baixo desempenho na avalia\u00e7\u00e3o diagn\u00f3stica que aplicamos no fim do ano passado.<\/p>\n<p>Quem teve mais dificuldade de acompanhar as aulas no ano passado, ter\u00e1 prioridade e dever\u00e1 ir mais dias para a escola.<\/p>\n<p><strong>A prefeitura \u00e9 a principal respons\u00e1vel pela oferta do ensino infantil e fundamental no munic\u00edpio, que foram as etapas com maior dificuldade de adapta\u00e7\u00e3o ao ensino remoto. Ainda assim, o prefeito Bruno Covas (PSDB) demorou mais que o governo estadual para autorizar o retorno. A gest\u00e3o municipal n\u00e3o deveria ter mais pressa em reabrir as escolas?<\/strong><\/p>\n<p>Do ponto de vista educacional, n\u00e3o h\u00e1 a menor d\u00favida de que a gente precisa voltar o quanto antes pelas quest\u00f5es de aprendizagem, sociais, emocionais, psicol\u00f3gicas e at\u00e9 nutricionais dos alunos.<\/p>\n<p>Mas n\u00e3o \u00e9 voltar a qualquer pre\u00e7o. Essa n\u00e3o \u00e9 uma decis\u00e3o s\u00f3 da \u00e1rea da educa\u00e7\u00e3o, \u00e9 antes de tudo da sa\u00fade. N\u00e3o podemos pensar s\u00f3 na educa\u00e7\u00e3o e correr o risco de ter uma explos\u00e3o da pandemia.<\/p>\n<p>O prefeito sempre disse que n\u00e3o vai diferenciar escola p\u00fablica de privada e a libera\u00e7\u00e3o ser\u00e1 sempre igual para elas. At\u00e9 porque essa \u00e9 uma quest\u00e3o de sa\u00fade.<\/p>\n<p>Existe press\u00e3o? Existe, mas o prefeito tem muita seguran\u00e7a em sua decis\u00e3o porque est\u00e1 amparado na sa\u00fade. N\u00e3o \u00e9 uma decis\u00e3o pol\u00edtica.<\/p>\n<p><strong>O governo Doria (PSDB) tem sido precipitado na autoriza\u00e7\u00e3o para o retorno das escolas? Agora, por exemplo, a regra estadual permite que as escolas recebam at\u00e9 70% dos alunos, mas a prefeitura vetou a amplia\u00e7\u00e3o.<\/strong><\/p>\n<p>O pr\u00f3prio estado est\u00e1 trabalhando com apenas 35% dos alunos. O STF [Supremo Tribunal Federal] j\u00e1 disse que os munic\u00edpios podem ser mais restritivos que os outros entes na condu\u00e7\u00e3o da pandemia, at\u00e9 porque, quem administra o sistema de sa\u00fade, \u00e9 a gest\u00e3o municipal.<\/p>\n<p>Mas temos uma boa rela\u00e7\u00e3o com o governo estadual, estamos em conversa e com parceria. O retorno das atividades presenciais \u00e9 motivo de comemora\u00e7\u00e3o e gradativamente, se a sociedade se comportar, vamos conseguir ampliar o atendimento.<\/p>\n","protected":false},"excerpt":{"rendered":"<p>&nbsp; Nesta segunda (8), as aulas foram retomadas na rede estadual paulista, com a reabertura de 64 escolas com obras ainda em andamento. Al\u00e9m de ter registrado a volta do funcionamento em ao menos 49 unidades com n\u00famero insuficiente de faxineiros e em 177 sem merendeiras.<\/p>\n","protected":false},"author":4,"featured_media":0,"comment_status":"closed","ping_status":"closed","sticky":false,"template":"","format":"standard","meta":{"footnotes":"","_links_to":"","_links_to_target":""},"categories":[9],"tags":[],"class_list":["post-13179","post","type-post","status-publish","format-standard","hentry","category-noticias-da-imprensa"],"yoast_head":"<!-- This site is optimized with the Yoast SEO plugin v15.1 - https:\/\/yoast.com\/wordpress\/plugins\/seo\/ -->\n<title>Escola da rede municipal n\u00e3o vai abrir de qualquer jeito, diz secret\u00e1rio de educa\u00e7\u00e3o de Covas &raquo; Abrelivros<\/title>\n<meta name=\"robots\" content=\"index, follow, max-snippet:-1, max-image-preview:large, max-video-preview:-1\" \/>\n<link rel=\"canonical\" href=\"https:\/\/abrelivros.org.br\/site\/escola-da-rede-municipal-nao-vai-abrir-de-qualquer-jeito-diz-secretario-de-educacao-de-covas\/\" \/>\n<meta property=\"og:locale\" content=\"pt_BR\" \/>\n<meta property=\"og:type\" content=\"article\" \/>\n<meta property=\"og:title\" content=\"Escola da rede municipal n\u00e3o vai abrir de qualquer jeito, diz secret\u00e1rio de educa\u00e7\u00e3o de Covas &raquo; Abrelivros\" \/>\n<meta property=\"og:description\" content=\"&nbsp; Nesta segunda (8), as aulas foram retomadas na rede estadual paulista, com a reabertura de 64 escolas com obras ainda em andamento. Al\u00e9m de ter registrado a volta do funcionamento em ao menos 49 unidades com n\u00famero insuficiente de faxineiros e em 177 sem merendeiras.\" \/>\n<meta property=\"og:url\" content=\"https:\/\/abrelivros.org.br\/site\/escola-da-rede-municipal-nao-vai-abrir-de-qualquer-jeito-diz-secretario-de-educacao-de-covas\/\" \/>\n<meta property=\"og:site_name\" content=\"Abrelivros\" \/>\n<meta property=\"article:published_time\" content=\"2021-02-11T18:36:05+00:00\" \/>\n<meta name=\"twitter:card\" content=\"summary_large_image\" \/>\n<script type=\"application\/ld+json\" class=\"yoast-schema-graph\">{\"@context\":\"https:\/\/schema.org\",\"@graph\":[{\"@type\":\"WebSite\",\"@id\":\"https:\/\/abrelivros.org.br\/site\/#website\",\"url\":\"https:\/\/abrelivros.org.br\/site\/\",\"name\":\"Abrelivros\",\"description\":\"\",\"potentialAction\":[{\"@type\":\"SearchAction\",\"target\":\"https:\/\/abrelivros.org.br\/site\/?s={search_term_string}\",\"query-input\":\"required name=search_term_string\"}],\"inLanguage\":\"pt-BR\"},{\"@type\":\"WebPage\",\"@id\":\"https:\/\/abrelivros.org.br\/site\/escola-da-rede-municipal-nao-vai-abrir-de-qualquer-jeito-diz-secretario-de-educacao-de-covas\/#webpage\",\"url\":\"https:\/\/abrelivros.org.br\/site\/escola-da-rede-municipal-nao-vai-abrir-de-qualquer-jeito-diz-secretario-de-educacao-de-covas\/\",\"name\":\"Escola da rede municipal n\\u00e3o vai abrir de qualquer jeito, diz secret\\u00e1rio de educa\\u00e7\\u00e3o de Covas &raquo; Abrelivros\",\"isPartOf\":{\"@id\":\"https:\/\/abrelivros.org.br\/site\/#website\"},\"datePublished\":\"2021-02-11T18:36:05+00:00\",\"dateModified\":\"2021-02-11T18:36:05+00:00\",\"author\":{\"@id\":\"https:\/\/abrelivros.org.br\/site\/#\/schema\/person\/65db80e26409802ce15ac5feec6a15fd\"},\"breadcrumb\":{\"@id\":\"https:\/\/abrelivros.org.br\/site\/escola-da-rede-municipal-nao-vai-abrir-de-qualquer-jeito-diz-secretario-de-educacao-de-covas\/#breadcrumb\"},\"inLanguage\":\"pt-BR\",\"potentialAction\":[{\"@type\":\"ReadAction\",\"target\":[\"https:\/\/abrelivros.org.br\/site\/escola-da-rede-municipal-nao-vai-abrir-de-qualquer-jeito-diz-secretario-de-educacao-de-covas\/\"]}]},{\"@type\":\"BreadcrumbList\",\"@id\":\"https:\/\/abrelivros.org.br\/site\/escola-da-rede-municipal-nao-vai-abrir-de-qualquer-jeito-diz-secretario-de-educacao-de-covas\/#breadcrumb\",\"itemListElement\":[{\"@type\":\"ListItem\",\"position\":1,\"item\":{\"@type\":\"WebPage\",\"@id\":\"https:\/\/abrelivros.org.br\/site\/\",\"url\":\"https:\/\/abrelivros.org.br\/site\/\",\"name\":\"In\\u00edcio\"}},{\"@type\":\"ListItem\",\"position\":2,\"item\":{\"@type\":\"WebPage\",\"@id\":\"https:\/\/abrelivros.org.br\/site\/category\/noticias\/\",\"url\":\"https:\/\/abrelivros.org.br\/site\/category\/noticias\/\",\"name\":\"Not\\u00edcias\"}},{\"@type\":\"ListItem\",\"position\":3,\"item\":{\"@type\":\"WebPage\",\"@id\":\"https:\/\/abrelivros.org.br\/site\/category\/noticias\/noticias-da-imprensa\/\",\"url\":\"https:\/\/abrelivros.org.br\/site\/category\/noticias\/noticias-da-imprensa\/\",\"name\":\"Not\\u00edcias da imprensa\"}},{\"@type\":\"ListItem\",\"position\":4,\"item\":{\"@type\":\"WebPage\",\"@id\":\"https:\/\/abrelivros.org.br\/site\/escola-da-rede-municipal-nao-vai-abrir-de-qualquer-jeito-diz-secretario-de-educacao-de-covas\/\",\"url\":\"https:\/\/abrelivros.org.br\/site\/escola-da-rede-municipal-nao-vai-abrir-de-qualquer-jeito-diz-secretario-de-educacao-de-covas\/\",\"name\":\"Escola da rede municipal n\\u00e3o vai abrir de qualquer jeito, diz secret\\u00e1rio de educa\\u00e7\\u00e3o de Covas\"}}]},{\"@type\":\"Person\",\"@id\":\"https:\/\/abrelivros.org.br\/site\/#\/schema\/person\/65db80e26409802ce15ac5feec6a15fd\",\"name\":\"Reda\\u00e7\\u00e3o Abrelivros\",\"image\":{\"@type\":\"ImageObject\",\"@id\":\"https:\/\/abrelivros.org.br\/site\/#personlogo\",\"inLanguage\":\"pt-BR\",\"url\":\"https:\/\/secure.gravatar.com\/avatar\/c4e57f9c7e3482965bd428192061218520756c39080b1d1820b679fa5e9af192?s=96&d=mm&r=g\",\"caption\":\"Reda\\u00e7\\u00e3o Abrelivros\"}}]}<\/script>\n<!-- \/ Yoast SEO plugin. -->","_links":{"self":[{"href":"https:\/\/abrelivros.org.br\/site\/wp-json\/wp\/v2\/posts\/13179","targetHints":{"allow":["GET"]}}],"collection":[{"href":"https:\/\/abrelivros.org.br\/site\/wp-json\/wp\/v2\/posts"}],"about":[{"href":"https:\/\/abrelivros.org.br\/site\/wp-json\/wp\/v2\/types\/post"}],"author":[{"embeddable":true,"href":"https:\/\/abrelivros.org.br\/site\/wp-json\/wp\/v2\/users\/4"}],"replies":[{"embeddable":true,"href":"https:\/\/abrelivros.org.br\/site\/wp-json\/wp\/v2\/comments?post=13179"}],"version-history":[{"count":1,"href":"https:\/\/abrelivros.org.br\/site\/wp-json\/wp\/v2\/posts\/13179\/revisions"}],"predecessor-version":[{"id":13180,"href":"https:\/\/abrelivros.org.br\/site\/wp-json\/wp\/v2\/posts\/13179\/revisions\/13180"}],"wp:attachment":[{"href":"https:\/\/abrelivros.org.br\/site\/wp-json\/wp\/v2\/media?parent=13179"}],"wp:term":[{"taxonomy":"category","embeddable":true,"href":"https:\/\/abrelivros.org.br\/site\/wp-json\/wp\/v2\/categories?post=13179"},{"taxonomy":"post_tag","embeddable":true,"href":"https:\/\/abrelivros.org.br\/site\/wp-json\/wp\/v2\/tags?post=13179"}],"curies":[{"name":"wp","href":"https:\/\/api.w.org\/{rel}","templated":true}]}}