{"id":13177,"date":"2021-02-10T15:32:10","date_gmt":"2021-02-10T18:32:10","guid":{"rendered":"https:\/\/abrelivros.org.br\/site\/?p=13177"},"modified":"2021-02-10T15:32:10","modified_gmt":"2021-02-10T18:32:10","slug":"vitor-de-angelo-passa-a-liderar-o-conselho-nacional-dos-secretarios-de-educacao","status":"publish","type":"post","link":"https:\/\/abrelivros.org.br\/site\/vitor-de-angelo-passa-a-liderar-o-conselho-nacional-dos-secretarios-de-educacao\/","title":{"rendered":"Vitor de Angelo passa a liderar o Conselho Nacional dos Secret\u00e1rios de Educa\u00e7\u00e3o"},"content":{"rendered":"<p>O secret\u00e1rio de Educa\u00e7\u00e3o do Esp\u00edrito Santo, Vitor de Angelo, assumiu na tarde desta ter\u00e7a-feira (9) a presid\u00eancia do Conselho Nacional de Secret\u00e1rios de Educa\u00e7\u00e3o (Consed). A cerim\u00f4nia aconteceu em Bras\u00edlia. Uma das propostas dele \u00e9 criar um grupo especial para tratar o p\u00f3s-pandemia do novo coronav\u00edrus.<!--more--><\/p>\n<p>Vitor de Angelo foi eleito presidente da entidade para o bi\u00eanio 2021-2022 e vai suceder a atual presidente, a secret\u00e1ria de Educa\u00e7\u00e3o do Mato Grosso do Sul, Cecilia Motta. Ele \u00e9 o segundo capixaba a assumir a presid\u00eancia da entidade. O primeiro foi Joaquim Beato, em 1987.<\/p>\n<p>De acordo com informa\u00e7\u00f5es encaminhadas pela assessoria, entre as suas propostas, Vitor de Angelo quer o fortalecimento das frentes de trabalho do Consed e da Agenda da Aprendizagem, desenvolvida em conjunto com a Uni\u00e3o Nacional dos Dirigentes Municipais de Educa\u00e7\u00e3o (Undime), o Minist\u00e9rio da Educa\u00e7\u00e3o e parceiros da Sociedade Civil Organizada.<\/p>\n<p>\u201cDaremos ainda uma aten\u00e7\u00e3o especial ao Sistema Nacional de Educa\u00e7\u00e3o, \u00e0 colabora\u00e7\u00e3o com os munic\u00edpios e a Uni\u00e3o, e queremos nos aproximar mais das universidades, por meio da Associa\u00e7\u00e3o Nacional dos Dirigentes das Institui\u00e7\u00f5es Federais de Ensino Superior (Andifes)\u201d, declarou.<\/p>\n<p>Vitor de Angelo tamb\u00e9m prop\u00f4s a cria\u00e7\u00e3o de uma frente de trabalho especial para tratar o p\u00f3s-pandemia.<\/p>\n<p>Al\u00e9m do presidente, o Consed tamb\u00e9m dar\u00e1 posse aos vice-presidentes das regi\u00f5es. Cecilia Motta passar\u00e1 a ser a primeira vice-presidente, pela regi\u00e3o Centro-Oeste.<\/p>\n<p>O secret\u00e1rio do Rio Grande do Norte, Get\u00falio Ferreira, ser\u00e1 o segundo vice, pela regi\u00e3o Nordeste. A secret\u00e1ria de Roraima, Leila Perussolo, foi eleita pela regi\u00e3o Norte e ser\u00e1 a terceira vice. J\u00e1 o vice-presidente da regi\u00e3o Sudeste ser\u00e1 o secret\u00e1rio do Rio de Janeiro, Comte Bittencourt.<\/p>\n","protected":false},"excerpt":{"rendered":"<p>O secret\u00e1rio de Educa\u00e7\u00e3o do Esp\u00edrito Santo, Vitor de Angelo, assumiu na tarde desta ter\u00e7a-feira (9) a presid\u00eancia do Conselho Nacional de Secret\u00e1rios de Educa\u00e7\u00e3o (Consed). A cerim\u00f4nia aconteceu em Bras\u00edlia. Uma das propostas dele \u00e9 criar um grupo especial para tratar o p\u00f3s-pandemia do novo coronav\u00edrus.<\/p>\n","protected":false},"author":4,"featured_media":0,"comment_status":"closed","ping_status":"closed","sticky":false,"template":"","format":"standard","meta":{"footnotes":"","_links_to":"","_links_to_target":""},"categories":[9],"tags":[],"class_list":["post-13177","post","type-post","status-publish","format-standard","hentry","category-noticias-da-imprensa"],"yoast_head":"<!-- This site is optimized with the Yoast SEO plugin v15.1 - https:\/\/yoast.com\/wordpress\/plugins\/seo\/ -->\n<title>Vitor de Angelo passa a liderar o Conselho Nacional dos Secret\u00e1rios de Educa\u00e7\u00e3o &raquo; Abrelivros<\/title>\n<meta name=\"robots\" content=\"index, follow, max-snippet:-1, max-image-preview:large, max-video-preview:-1\" \/>\n<link rel=\"canonical\" href=\"https:\/\/abrelivros.org.br\/site\/vitor-de-angelo-passa-a-liderar-o-conselho-nacional-dos-secretarios-de-educacao\/\" \/>\n<meta property=\"og:locale\" content=\"pt_BR\" \/>\n<meta property=\"og:type\" content=\"article\" \/>\n<meta property=\"og:title\" content=\"Vitor de Angelo passa a liderar o Conselho Nacional dos Secret\u00e1rios de Educa\u00e7\u00e3o &raquo; Abrelivros\" \/>\n<meta property=\"og:description\" content=\"O secret\u00e1rio de Educa\u00e7\u00e3o do Esp\u00edrito Santo, Vitor de Angelo, assumiu na tarde desta ter\u00e7a-feira (9) a presid\u00eancia do Conselho Nacional de Secret\u00e1rios de Educa\u00e7\u00e3o (Consed). A cerim\u00f4nia aconteceu em Bras\u00edlia. Uma das propostas dele \u00e9 criar um grupo especial para tratar o p\u00f3s-pandemia do novo coronav\u00edrus.\" \/>\n<meta property=\"og:url\" content=\"https:\/\/abrelivros.org.br\/site\/vitor-de-angelo-passa-a-liderar-o-conselho-nacional-dos-secretarios-de-educacao\/\" \/>\n<meta property=\"og:site_name\" content=\"Abrelivros\" \/>\n<meta property=\"article:published_time\" content=\"2021-02-10T18:32:10+00:00\" \/>\n<meta name=\"twitter:card\" content=\"summary_large_image\" \/>\n<script type=\"application\/ld+json\" class=\"yoast-schema-graph\">{\"@context\":\"https:\/\/schema.org\",\"@graph\":[{\"@type\":\"WebSite\",\"@id\":\"https:\/\/abrelivros.org.br\/site\/#website\",\"url\":\"https:\/\/abrelivros.org.br\/site\/\",\"name\":\"Abrelivros\",\"description\":\"\",\"potentialAction\":[{\"@type\":\"SearchAction\",\"target\":\"https:\/\/abrelivros.org.br\/site\/?s={search_term_string}\",\"query-input\":\"required name=search_term_string\"}],\"inLanguage\":\"pt-BR\"},{\"@type\":\"WebPage\",\"@id\":\"https:\/\/abrelivros.org.br\/site\/vitor-de-angelo-passa-a-liderar-o-conselho-nacional-dos-secretarios-de-educacao\/#webpage\",\"url\":\"https:\/\/abrelivros.org.br\/site\/vitor-de-angelo-passa-a-liderar-o-conselho-nacional-dos-secretarios-de-educacao\/\",\"name\":\"Vitor de Angelo passa a liderar o Conselho Nacional dos Secret\\u00e1rios de Educa\\u00e7\\u00e3o &raquo; Abrelivros\",\"isPartOf\":{\"@id\":\"https:\/\/abrelivros.org.br\/site\/#website\"},\"datePublished\":\"2021-02-10T18:32:10+00:00\",\"dateModified\":\"2021-02-10T18:32:10+00:00\",\"author\":{\"@id\":\"https:\/\/abrelivros.org.br\/site\/#\/schema\/person\/65db80e26409802ce15ac5feec6a15fd\"},\"breadcrumb\":{\"@id\":\"https:\/\/abrelivros.org.br\/site\/vitor-de-angelo-passa-a-liderar-o-conselho-nacional-dos-secretarios-de-educacao\/#breadcrumb\"},\"inLanguage\":\"pt-BR\",\"potentialAction\":[{\"@type\":\"ReadAction\",\"target\":[\"https:\/\/abrelivros.org.br\/site\/vitor-de-angelo-passa-a-liderar-o-conselho-nacional-dos-secretarios-de-educacao\/\"]}]},{\"@type\":\"BreadcrumbList\",\"@id\":\"https:\/\/abrelivros.org.br\/site\/vitor-de-angelo-passa-a-liderar-o-conselho-nacional-dos-secretarios-de-educacao\/#breadcrumb\",\"itemListElement\":[{\"@type\":\"ListItem\",\"position\":1,\"item\":{\"@type\":\"WebPage\",\"@id\":\"https:\/\/abrelivros.org.br\/site\/\",\"url\":\"https:\/\/abrelivros.org.br\/site\/\",\"name\":\"In\\u00edcio\"}},{\"@type\":\"ListItem\",\"position\":2,\"item\":{\"@type\":\"WebPage\",\"@id\":\"https:\/\/abrelivros.org.br\/site\/category\/noticias\/\",\"url\":\"https:\/\/abrelivros.org.br\/site\/category\/noticias\/\",\"name\":\"Not\\u00edcias\"}},{\"@type\":\"ListItem\",\"position\":3,\"item\":{\"@type\":\"WebPage\",\"@id\":\"https:\/\/abrelivros.org.br\/site\/category\/noticias\/noticias-da-imprensa\/\",\"url\":\"https:\/\/abrelivros.org.br\/site\/category\/noticias\/noticias-da-imprensa\/\",\"name\":\"Not\\u00edcias da imprensa\"}},{\"@type\":\"ListItem\",\"position\":4,\"item\":{\"@type\":\"WebPage\",\"@id\":\"https:\/\/abrelivros.org.br\/site\/vitor-de-angelo-passa-a-liderar-o-conselho-nacional-dos-secretarios-de-educacao\/\",\"url\":\"https:\/\/abrelivros.org.br\/site\/vitor-de-angelo-passa-a-liderar-o-conselho-nacional-dos-secretarios-de-educacao\/\",\"name\":\"Vitor de Angelo passa a liderar o Conselho Nacional dos Secret\\u00e1rios de Educa\\u00e7\\u00e3o\"}}]},{\"@type\":\"Person\",\"@id\":\"https:\/\/abrelivros.org.br\/site\/#\/schema\/person\/65db80e26409802ce15ac5feec6a15fd\",\"name\":\"Reda\\u00e7\\u00e3o Abrelivros\",\"image\":{\"@type\":\"ImageObject\",\"@id\":\"https:\/\/abrelivros.org.br\/site\/#personlogo\",\"inLanguage\":\"pt-BR\",\"url\":\"https:\/\/secure.gravatar.com\/avatar\/c4e57f9c7e3482965bd428192061218520756c39080b1d1820b679fa5e9af192?s=96&d=mm&r=g\",\"caption\":\"Reda\\u00e7\\u00e3o Abrelivros\"}}]}<\/script>\n<!-- \/ Yoast SEO plugin. -->","_links":{"self":[{"href":"https:\/\/abrelivros.org.br\/site\/wp-json\/wp\/v2\/posts\/13177","targetHints":{"allow":["GET"]}}],"collection":[{"href":"https:\/\/abrelivros.org.br\/site\/wp-json\/wp\/v2\/posts"}],"about":[{"href":"https:\/\/abrelivros.org.br\/site\/wp-json\/wp\/v2\/types\/post"}],"author":[{"embeddable":true,"href":"https:\/\/abrelivros.org.br\/site\/wp-json\/wp\/v2\/users\/4"}],"replies":[{"embeddable":true,"href":"https:\/\/abrelivros.org.br\/site\/wp-json\/wp\/v2\/comments?post=13177"}],"version-history":[{"count":1,"href":"https:\/\/abrelivros.org.br\/site\/wp-json\/wp\/v2\/posts\/13177\/revisions"}],"predecessor-version":[{"id":13178,"href":"https:\/\/abrelivros.org.br\/site\/wp-json\/wp\/v2\/posts\/13177\/revisions\/13178"}],"wp:attachment":[{"href":"https:\/\/abrelivros.org.br\/site\/wp-json\/wp\/v2\/media?parent=13177"}],"wp:term":[{"taxonomy":"category","embeddable":true,"href":"https:\/\/abrelivros.org.br\/site\/wp-json\/wp\/v2\/categories?post=13177"},{"taxonomy":"post_tag","embeddable":true,"href":"https:\/\/abrelivros.org.br\/site\/wp-json\/wp\/v2\/tags?post=13177"}],"curies":[{"name":"wp","href":"https:\/\/api.w.org\/{rel}","templated":true}]}}