{"id":13173,"date":"2021-02-10T15:24:46","date_gmt":"2021-02-10T18:24:46","guid":{"rendered":"https:\/\/abrelivros.org.br\/site\/?p=13173"},"modified":"2021-02-10T15:24:46","modified_gmt":"2021-02-10T18:24:46","slug":"projetos-de-feiras-literarias-infantis-podem-concorrer-a-patrocinio","status":"publish","type":"post","link":"https:\/\/abrelivros.org.br\/site\/projetos-de-feiras-literarias-infantis-podem-concorrer-a-patrocinio\/","title":{"rendered":"Projetos de feiras liter\u00e1rias infantis podem concorrer a patroc\u00ednio"},"content":{"rendered":"<p>A iniciativa Petrobras Cultural para Crian\u00e7as recebe at\u00e9 o fim desta semana inscri\u00e7\u00f5es de projetos de feiras e a\u00e7\u00f5es liter\u00e1rias voltadas para crian\u00e7as com at\u00e9 seis anos de idade. A Petrobras reservou R$ 2 milh\u00f5es para dividir (n\u00e3o necessariamente de forma igual) entre os selecionados pelo edital.<!--more--><\/p>\n<p>As feiras e a\u00e7\u00f5es liter\u00e1rias escolhidas dever\u00e3o ser realizadas entre o segundo semestre deste ano e o primeiro semestre de 2022. Os projetos podem prever a\u00e7\u00f5es presenciais, em qualquer cidade brasileira, ou virtuais (online).<\/p>\n<p>Para se inscrever, \u00e9 preciso acessar o <a href=\"https:\/\/gestaodepatrocinios.petrobras.com.br\/pt\/\" target=\"_blank\" rel=\"noopener noreferrer\">site<\/a> da Petrobras Cultural e enviar um projeto at\u00e9 as 18h desta sexta-feira (12).<\/p>\n","protected":false},"excerpt":{"rendered":"<p>A iniciativa Petrobras Cultural para Crian\u00e7as recebe at\u00e9 o fim desta semana inscri\u00e7\u00f5es de projetos de feiras e a\u00e7\u00f5es liter\u00e1rias voltadas para crian\u00e7as com at\u00e9 seis anos de idade. A Petrobras reservou R$ 2 milh\u00f5es para dividir (n\u00e3o necessariamente de forma igual) entre os selecionados pelo edital.<\/p>\n","protected":false},"author":4,"featured_media":0,"comment_status":"closed","ping_status":"closed","sticky":false,"template":"","format":"standard","meta":{"footnotes":"","_links_to":"","_links_to_target":""},"categories":[9],"tags":[],"class_list":["post-13173","post","type-post","status-publish","format-standard","hentry","category-noticias-da-imprensa"],"yoast_head":"<!-- This site is optimized with the Yoast SEO plugin v15.1 - https:\/\/yoast.com\/wordpress\/plugins\/seo\/ -->\n<title>Projetos de feiras liter\u00e1rias infantis podem concorrer a patroc\u00ednio &raquo; Abrelivros<\/title>\n<meta name=\"robots\" content=\"index, follow, max-snippet:-1, max-image-preview:large, max-video-preview:-1\" \/>\n<link rel=\"canonical\" href=\"https:\/\/abrelivros.org.br\/site\/projetos-de-feiras-literarias-infantis-podem-concorrer-a-patrocinio\/\" \/>\n<meta property=\"og:locale\" content=\"pt_BR\" \/>\n<meta property=\"og:type\" content=\"article\" \/>\n<meta property=\"og:title\" content=\"Projetos de feiras liter\u00e1rias infantis podem concorrer a patroc\u00ednio &raquo; Abrelivros\" \/>\n<meta property=\"og:description\" content=\"A iniciativa Petrobras Cultural para Crian\u00e7as recebe at\u00e9 o fim desta semana inscri\u00e7\u00f5es de projetos de feiras e a\u00e7\u00f5es liter\u00e1rias voltadas para crian\u00e7as com at\u00e9 seis anos de idade. A Petrobras reservou R$ 2 milh\u00f5es para dividir (n\u00e3o necessariamente de forma igual) entre os selecionados pelo edital.\" \/>\n<meta property=\"og:url\" content=\"https:\/\/abrelivros.org.br\/site\/projetos-de-feiras-literarias-infantis-podem-concorrer-a-patrocinio\/\" \/>\n<meta property=\"og:site_name\" content=\"Abrelivros\" \/>\n<meta property=\"article:published_time\" content=\"2021-02-10T18:24:46+00:00\" \/>\n<meta name=\"twitter:card\" content=\"summary_large_image\" \/>\n<script type=\"application\/ld+json\" class=\"yoast-schema-graph\">{\"@context\":\"https:\/\/schema.org\",\"@graph\":[{\"@type\":\"WebSite\",\"@id\":\"https:\/\/abrelivros.org.br\/site\/#website\",\"url\":\"https:\/\/abrelivros.org.br\/site\/\",\"name\":\"Abrelivros\",\"description\":\"\",\"potentialAction\":[{\"@type\":\"SearchAction\",\"target\":\"https:\/\/abrelivros.org.br\/site\/?s={search_term_string}\",\"query-input\":\"required name=search_term_string\"}],\"inLanguage\":\"pt-BR\"},{\"@type\":\"WebPage\",\"@id\":\"https:\/\/abrelivros.org.br\/site\/projetos-de-feiras-literarias-infantis-podem-concorrer-a-patrocinio\/#webpage\",\"url\":\"https:\/\/abrelivros.org.br\/site\/projetos-de-feiras-literarias-infantis-podem-concorrer-a-patrocinio\/\",\"name\":\"Projetos de feiras liter\\u00e1rias infantis podem concorrer a patroc\\u00ednio &raquo; Abrelivros\",\"isPartOf\":{\"@id\":\"https:\/\/abrelivros.org.br\/site\/#website\"},\"datePublished\":\"2021-02-10T18:24:46+00:00\",\"dateModified\":\"2021-02-10T18:24:46+00:00\",\"author\":{\"@id\":\"https:\/\/abrelivros.org.br\/site\/#\/schema\/person\/65db80e26409802ce15ac5feec6a15fd\"},\"breadcrumb\":{\"@id\":\"https:\/\/abrelivros.org.br\/site\/projetos-de-feiras-literarias-infantis-podem-concorrer-a-patrocinio\/#breadcrumb\"},\"inLanguage\":\"pt-BR\",\"potentialAction\":[{\"@type\":\"ReadAction\",\"target\":[\"https:\/\/abrelivros.org.br\/site\/projetos-de-feiras-literarias-infantis-podem-concorrer-a-patrocinio\/\"]}]},{\"@type\":\"BreadcrumbList\",\"@id\":\"https:\/\/abrelivros.org.br\/site\/projetos-de-feiras-literarias-infantis-podem-concorrer-a-patrocinio\/#breadcrumb\",\"itemListElement\":[{\"@type\":\"ListItem\",\"position\":1,\"item\":{\"@type\":\"WebPage\",\"@id\":\"https:\/\/abrelivros.org.br\/site\/\",\"url\":\"https:\/\/abrelivros.org.br\/site\/\",\"name\":\"In\\u00edcio\"}},{\"@type\":\"ListItem\",\"position\":2,\"item\":{\"@type\":\"WebPage\",\"@id\":\"https:\/\/abrelivros.org.br\/site\/category\/noticias\/\",\"url\":\"https:\/\/abrelivros.org.br\/site\/category\/noticias\/\",\"name\":\"Not\\u00edcias\"}},{\"@type\":\"ListItem\",\"position\":3,\"item\":{\"@type\":\"WebPage\",\"@id\":\"https:\/\/abrelivros.org.br\/site\/category\/noticias\/noticias-da-imprensa\/\",\"url\":\"https:\/\/abrelivros.org.br\/site\/category\/noticias\/noticias-da-imprensa\/\",\"name\":\"Not\\u00edcias da imprensa\"}},{\"@type\":\"ListItem\",\"position\":4,\"item\":{\"@type\":\"WebPage\",\"@id\":\"https:\/\/abrelivros.org.br\/site\/projetos-de-feiras-literarias-infantis-podem-concorrer-a-patrocinio\/\",\"url\":\"https:\/\/abrelivros.org.br\/site\/projetos-de-feiras-literarias-infantis-podem-concorrer-a-patrocinio\/\",\"name\":\"Projetos de feiras liter\\u00e1rias infantis podem concorrer a patroc\\u00ednio\"}}]},{\"@type\":\"Person\",\"@id\":\"https:\/\/abrelivros.org.br\/site\/#\/schema\/person\/65db80e26409802ce15ac5feec6a15fd\",\"name\":\"Reda\\u00e7\\u00e3o Abrelivros\",\"image\":{\"@type\":\"ImageObject\",\"@id\":\"https:\/\/abrelivros.org.br\/site\/#personlogo\",\"inLanguage\":\"pt-BR\",\"url\":\"https:\/\/secure.gravatar.com\/avatar\/c4e57f9c7e3482965bd428192061218520756c39080b1d1820b679fa5e9af192?s=96&d=mm&r=g\",\"caption\":\"Reda\\u00e7\\u00e3o Abrelivros\"}}]}<\/script>\n<!-- \/ Yoast SEO plugin. -->","_links":{"self":[{"href":"https:\/\/abrelivros.org.br\/site\/wp-json\/wp\/v2\/posts\/13173","targetHints":{"allow":["GET"]}}],"collection":[{"href":"https:\/\/abrelivros.org.br\/site\/wp-json\/wp\/v2\/posts"}],"about":[{"href":"https:\/\/abrelivros.org.br\/site\/wp-json\/wp\/v2\/types\/post"}],"author":[{"embeddable":true,"href":"https:\/\/abrelivros.org.br\/site\/wp-json\/wp\/v2\/users\/4"}],"replies":[{"embeddable":true,"href":"https:\/\/abrelivros.org.br\/site\/wp-json\/wp\/v2\/comments?post=13173"}],"version-history":[{"count":1,"href":"https:\/\/abrelivros.org.br\/site\/wp-json\/wp\/v2\/posts\/13173\/revisions"}],"predecessor-version":[{"id":13174,"href":"https:\/\/abrelivros.org.br\/site\/wp-json\/wp\/v2\/posts\/13173\/revisions\/13174"}],"wp:attachment":[{"href":"https:\/\/abrelivros.org.br\/site\/wp-json\/wp\/v2\/media?parent=13173"}],"wp:term":[{"taxonomy":"category","embeddable":true,"href":"https:\/\/abrelivros.org.br\/site\/wp-json\/wp\/v2\/categories?post=13173"},{"taxonomy":"post_tag","embeddable":true,"href":"https:\/\/abrelivros.org.br\/site\/wp-json\/wp\/v2\/tags?post=13173"}],"curies":[{"name":"wp","href":"https:\/\/api.w.org\/{rel}","templated":true}]}}