{"id":13171,"date":"2021-02-10T15:21:18","date_gmt":"2021-02-10T18:21:18","guid":{"rendered":"https:\/\/abrelivros.org.br\/site\/?p=13171"},"modified":"2021-02-10T15:21:18","modified_gmt":"2021-02-10T18:21:18","slug":"com-casos-de-covid-sete-escolas-estaduais-de-sp-fecham-antes-do-retorno-as-aulas-presenciais","status":"publish","type":"post","link":"https:\/\/abrelivros.org.br\/site\/com-casos-de-covid-sete-escolas-estaduais-de-sp-fecham-antes-do-retorno-as-aulas-presenciais\/","title":{"rendered":"Com casos de covid, sete escolas estaduais de SP fecham antes do retorno \u00e0s aulas presenciais"},"content":{"rendered":"<p>Sete escolas estaduais de S\u00e3o Paulo foram fechadas por casos de infec\u00e7\u00e3o por coronav\u00edrus antes mesmo de retomarem as aulas presenciais. A informa\u00e7\u00e3o foi divulgada nesta segunda-feira, 8, pelo secret\u00e1rio estadual da Educa\u00e7\u00e3o, Rossieli Soares, que n\u00e3o detalhou o n\u00famero de casos confirmados de covid-19.<!--more--><\/p>\n<p>Na semana passada, situa\u00e7\u00e3o parecida ocorreu no interior paulista, quando ao menos tr\u00eas escolas privadas e uma p\u00fablica de Campinas registraram casos de covid-19 ap\u00f3s a retomada dos trabalhos presenciais, no fim de janeiro. A situa\u00e7\u00e3o mais grave foi registrada no col\u00e9gio Jaime Kratz, com 37 funcion\u00e1rios e cinco alunos infectados pelo coronav\u00edrus.<\/p>\n<p>A rede estadual de ensino foi reaberta nesta segunda em S\u00e3o Paulo para aulas presenciais &#8211; no total, foram 4,5 mil escolas abertas (de 5,3 mil que fazem parte da rede). Segundo o governo, 516 munic\u00edpios j\u00e1 autorizaram o retorno, mas h\u00e1 129 que vetaram a volta das escolas estaduais. Nessas cidades, 800 escolas da rede estadual permanecem fechadas por falta de autoriza\u00e7\u00e3o.<\/p>\n<p>Na semana passada, as escolas come\u00e7aram a reabrir para distribui\u00e7\u00e3o de merenda e planejamento dos professores. Um dos col\u00e9gios fechados \u00e9 a Escola Estadual Ermelino Matarazzo, na capital paulista, que teve duas infec\u00e7\u00f5es confirmadas e outras sete pessoas com sintomas. Esses funcion\u00e1rios est\u00e3o sendo testados para que a escola seja liberada para reabrir.<\/p>\n<p>&#8220;Que a gente possa afirmar, surto at\u00e9 agora n\u00e3o houve, mas estamos investigando todos os casos, fazendo testagem&#8221;, disse o secret\u00e1rio Rossieli Soares, que n\u00e3o descarta a necessidade de eventualmente fechar turmas ou outras unidades durante o processo de reabertura. Rossieli acompanhou a reabertura da Escola Estadual Raul Ant\u00f4nio Fragoso, em Pirituba, zona norte de S\u00e3o Paulo na manh\u00e3 desta segunda-feira, 8.<\/p>\n<p>A volta \u00e0s aulas na rede estadual ocorre em meio \u00e0 segunda onda da pandemia de coronav\u00edrus e sofre press\u00e3o contr\u00e1ria de professores.<\/p>\n<p>Escolas da rede estadual s\u00f3 receber\u00e3o 35% dos estudantes nas primeiras semanas mesmo em cidades na fase amarela do plano estadual de flexibiliza\u00e7\u00e3o da quarentena, como a capital. J\u00e1 as particulares nessas regi\u00f5es podem receber at\u00e9 70% dos alunos, se os prefeitos permitirem.<\/p>\n<p>O secret\u00e1rio disse que foi mantido o porcentual de 35% mesmo na fase amarela por uma quest\u00e3o de planejamento. &#8220;Optamos pela rede estadual com at\u00e9 35% justamente porque a escola j\u00e1 tinha feito todo um planejamento, comunicado todas as fam\u00edlias. Mantivemos aquilo que as escolas tinham planejado para dar estabilidade a esse retorno.&#8221;<\/p>\n<p>A Apeoesp, sindicatos dos professores da rede estadual, tamb\u00e9m apontou casos de contamina\u00e7\u00e3o pela covid nas escolas. Segundo o sindicato, relatos em 96 escolas indicam 206 casos confirmados da covid-19. Os docentes entraram em greve contra a volta \u00e0s aulas em meio \u00e0 pandemia e o governo pretende endurecer as medidas contra o sindicato para garantir a reabertura.<\/p>\n<p>Segundo Rossieli, os sal\u00e1rios desses professores que n\u00e3o retornarem \u00e0 escola ser\u00e3o descontados a partir desta segunda. O governo ainda estuda acionar a Justi\u00e7a contra a greve dos docentes. Segundo a Secretaria Estadual da Educa\u00e7\u00e3o, 5% dos professores faltaram nesta segunda. &#8220;N\u00e3o tivemos nenhuma escola parada por causa de greve&#8221;, disse Rossieli, pela manh\u00e3.<\/p>\n<p>De acordo com a Apeoesp, a greve teve ades\u00e3o de 15% dos professores, mas o sindicato espera crescimento do movimento nos pr\u00f3ximos dias. Ainda segundo a Apeoesp, foi &#8220;baix\u00edssima&#8221; a presen\u00e7a de estudantes, &#8220;em torno de 5%&#8221;. &#8220;Isto mostra que a sociedade est\u00e1 consciente dos riscos da reabertura das escolas neste contexto de grave pandemia&#8221;, afirmou, por meio de nota. O governo estadual n\u00e3o apresentou balan\u00e7o do n\u00famero de alunos que foi \u00e0 escola nesta segunda-feira.<\/p>\n<p><strong>Aluno n\u00e3o \u00e9 obrigado a ir \u00e0 escola<\/strong><\/p>\n<p>Rossieli voltou a falar sobre a obrigatoriedade de retorno presencial \u00e0 escola. Delibera\u00e7\u00e3o do Conselho Estadual da Educa\u00e7\u00e3o homologada pelo secret\u00e1rio estipulava que cada aluno deveria cumprir 1\/3 das aulas obrigatoriamente na escola a partir da fase amarela.<\/p>\n<p>Os pais da rede estadual, no entanto, n\u00e3o est\u00e3o sendo obrigados a mandar os filhos, embora a capital e outras regi\u00f5es j\u00e1 tenham avan\u00e7ado \u00e0 fase amarela. Segundo Rossieli, o retorno ser\u00e1 feito de forma opcional em um per\u00edodo que chamou de transi\u00e7\u00e3o, de &#8220;duas a tr\u00eas semanas&#8221;.<\/p>\n<p>A volta obrigat\u00f3ria enfrenta resist\u00eancia at\u00e9 mesmo de pais que faziam campanha pela reabertura de escolas, mas era defendida pelo secret\u00e1rio.<\/p>\n<p>Indagado sobre a n\u00e3o obrigatoriedade de presen\u00e7a especificamente em escolas particulares (que tamb\u00e9m s\u00e3o regidas pela delibera\u00e7\u00e3o do conselho), Rossieli disse que a delibera\u00e7\u00e3o do conselho tamb\u00e9m indica que podem ser feitas altera\u00e7\u00f5es nessa regra.<\/p>\n<p>&#8220;Entendemos que vai ter de ter uma esp\u00e9cie de tempo de transi\u00e7\u00e3o, para que a escola possa se reorganizar e replanejar. Vamos fazer adapta\u00e7\u00f5es necess\u00e1rias. Essa regra tamb\u00e9m dever\u00e1 valer para escolas particulares.&#8221;<\/p>\n<p>Na sexta-feira, a assessoria de imprensa da Secretaria de Estado da Educa\u00e7\u00e3o informou que a obrigatoriedade seria suspensa na fase amarela para todas as escolas, p\u00fablicas e privadas. Depois, informou que a medida n\u00e3o seria formalizada em nenhuma publica\u00e7\u00e3o oficial.<\/p>\n","protected":false},"excerpt":{"rendered":"<p>Sete escolas estaduais de S\u00e3o Paulo foram fechadas por casos de infec\u00e7\u00e3o por coronav\u00edrus antes mesmo de retomarem as aulas presenciais. A informa\u00e7\u00e3o foi divulgada nesta segunda-feira, 8, pelo secret\u00e1rio estadual da Educa\u00e7\u00e3o, Rossieli Soares, que n\u00e3o detalhou o n\u00famero de casos confirmados de covid-19.<\/p>\n","protected":false},"author":4,"featured_media":0,"comment_status":"closed","ping_status":"closed","sticky":false,"template":"","format":"standard","meta":{"footnotes":"","_links_to":"","_links_to_target":""},"categories":[9],"tags":[],"class_list":["post-13171","post","type-post","status-publish","format-standard","hentry","category-noticias-da-imprensa"],"yoast_head":"<!-- This site is optimized with the Yoast SEO plugin v15.1 - https:\/\/yoast.com\/wordpress\/plugins\/seo\/ -->\n<title>Com casos de covid, sete escolas estaduais de SP fecham antes do retorno \u00e0s aulas presenciais &raquo; Abrelivros<\/title>\n<meta name=\"robots\" content=\"index, follow, max-snippet:-1, max-image-preview:large, max-video-preview:-1\" \/>\n<link rel=\"canonical\" href=\"https:\/\/abrelivros.org.br\/site\/com-casos-de-covid-sete-escolas-estaduais-de-sp-fecham-antes-do-retorno-as-aulas-presenciais\/\" \/>\n<meta property=\"og:locale\" content=\"pt_BR\" \/>\n<meta property=\"og:type\" content=\"article\" \/>\n<meta property=\"og:title\" content=\"Com casos de covid, sete escolas estaduais de SP fecham antes do retorno \u00e0s aulas presenciais &raquo; Abrelivros\" \/>\n<meta property=\"og:description\" content=\"Sete escolas estaduais de S\u00e3o Paulo foram fechadas por casos de infec\u00e7\u00e3o por coronav\u00edrus antes mesmo de retomarem as aulas presenciais. A informa\u00e7\u00e3o foi divulgada nesta segunda-feira, 8, pelo secret\u00e1rio estadual da Educa\u00e7\u00e3o, Rossieli Soares, que n\u00e3o detalhou o n\u00famero de casos confirmados de covid-19.\" \/>\n<meta property=\"og:url\" content=\"https:\/\/abrelivros.org.br\/site\/com-casos-de-covid-sete-escolas-estaduais-de-sp-fecham-antes-do-retorno-as-aulas-presenciais\/\" \/>\n<meta property=\"og:site_name\" content=\"Abrelivros\" \/>\n<meta property=\"article:published_time\" content=\"2021-02-10T18:21:18+00:00\" \/>\n<meta name=\"twitter:card\" content=\"summary_large_image\" \/>\n<script type=\"application\/ld+json\" class=\"yoast-schema-graph\">{\"@context\":\"https:\/\/schema.org\",\"@graph\":[{\"@type\":\"WebSite\",\"@id\":\"https:\/\/abrelivros.org.br\/site\/#website\",\"url\":\"https:\/\/abrelivros.org.br\/site\/\",\"name\":\"Abrelivros\",\"description\":\"\",\"potentialAction\":[{\"@type\":\"SearchAction\",\"target\":\"https:\/\/abrelivros.org.br\/site\/?s={search_term_string}\",\"query-input\":\"required name=search_term_string\"}],\"inLanguage\":\"pt-BR\"},{\"@type\":\"WebPage\",\"@id\":\"https:\/\/abrelivros.org.br\/site\/com-casos-de-covid-sete-escolas-estaduais-de-sp-fecham-antes-do-retorno-as-aulas-presenciais\/#webpage\",\"url\":\"https:\/\/abrelivros.org.br\/site\/com-casos-de-covid-sete-escolas-estaduais-de-sp-fecham-antes-do-retorno-as-aulas-presenciais\/\",\"name\":\"Com casos de covid, sete escolas estaduais de SP fecham antes do retorno \\u00e0s aulas presenciais &raquo; Abrelivros\",\"isPartOf\":{\"@id\":\"https:\/\/abrelivros.org.br\/site\/#website\"},\"datePublished\":\"2021-02-10T18:21:18+00:00\",\"dateModified\":\"2021-02-10T18:21:18+00:00\",\"author\":{\"@id\":\"https:\/\/abrelivros.org.br\/site\/#\/schema\/person\/65db80e26409802ce15ac5feec6a15fd\"},\"breadcrumb\":{\"@id\":\"https:\/\/abrelivros.org.br\/site\/com-casos-de-covid-sete-escolas-estaduais-de-sp-fecham-antes-do-retorno-as-aulas-presenciais\/#breadcrumb\"},\"inLanguage\":\"pt-BR\",\"potentialAction\":[{\"@type\":\"ReadAction\",\"target\":[\"https:\/\/abrelivros.org.br\/site\/com-casos-de-covid-sete-escolas-estaduais-de-sp-fecham-antes-do-retorno-as-aulas-presenciais\/\"]}]},{\"@type\":\"BreadcrumbList\",\"@id\":\"https:\/\/abrelivros.org.br\/site\/com-casos-de-covid-sete-escolas-estaduais-de-sp-fecham-antes-do-retorno-as-aulas-presenciais\/#breadcrumb\",\"itemListElement\":[{\"@type\":\"ListItem\",\"position\":1,\"item\":{\"@type\":\"WebPage\",\"@id\":\"https:\/\/abrelivros.org.br\/site\/\",\"url\":\"https:\/\/abrelivros.org.br\/site\/\",\"name\":\"In\\u00edcio\"}},{\"@type\":\"ListItem\",\"position\":2,\"item\":{\"@type\":\"WebPage\",\"@id\":\"https:\/\/abrelivros.org.br\/site\/category\/noticias\/\",\"url\":\"https:\/\/abrelivros.org.br\/site\/category\/noticias\/\",\"name\":\"Not\\u00edcias\"}},{\"@type\":\"ListItem\",\"position\":3,\"item\":{\"@type\":\"WebPage\",\"@id\":\"https:\/\/abrelivros.org.br\/site\/category\/noticias\/noticias-da-imprensa\/\",\"url\":\"https:\/\/abrelivros.org.br\/site\/category\/noticias\/noticias-da-imprensa\/\",\"name\":\"Not\\u00edcias da imprensa\"}},{\"@type\":\"ListItem\",\"position\":4,\"item\":{\"@type\":\"WebPage\",\"@id\":\"https:\/\/abrelivros.org.br\/site\/com-casos-de-covid-sete-escolas-estaduais-de-sp-fecham-antes-do-retorno-as-aulas-presenciais\/\",\"url\":\"https:\/\/abrelivros.org.br\/site\/com-casos-de-covid-sete-escolas-estaduais-de-sp-fecham-antes-do-retorno-as-aulas-presenciais\/\",\"name\":\"Com casos de covid, sete escolas estaduais de SP fecham antes do retorno \\u00e0s aulas presenciais\"}}]},{\"@type\":\"Person\",\"@id\":\"https:\/\/abrelivros.org.br\/site\/#\/schema\/person\/65db80e26409802ce15ac5feec6a15fd\",\"name\":\"Reda\\u00e7\\u00e3o Abrelivros\",\"image\":{\"@type\":\"ImageObject\",\"@id\":\"https:\/\/abrelivros.org.br\/site\/#personlogo\",\"inLanguage\":\"pt-BR\",\"url\":\"https:\/\/secure.gravatar.com\/avatar\/c4e57f9c7e3482965bd428192061218520756c39080b1d1820b679fa5e9af192?s=96&d=mm&r=g\",\"caption\":\"Reda\\u00e7\\u00e3o Abrelivros\"}}]}<\/script>\n<!-- \/ Yoast SEO plugin. -->","_links":{"self":[{"href":"https:\/\/abrelivros.org.br\/site\/wp-json\/wp\/v2\/posts\/13171","targetHints":{"allow":["GET"]}}],"collection":[{"href":"https:\/\/abrelivros.org.br\/site\/wp-json\/wp\/v2\/posts"}],"about":[{"href":"https:\/\/abrelivros.org.br\/site\/wp-json\/wp\/v2\/types\/post"}],"author":[{"embeddable":true,"href":"https:\/\/abrelivros.org.br\/site\/wp-json\/wp\/v2\/users\/4"}],"replies":[{"embeddable":true,"href":"https:\/\/abrelivros.org.br\/site\/wp-json\/wp\/v2\/comments?post=13171"}],"version-history":[{"count":1,"href":"https:\/\/abrelivros.org.br\/site\/wp-json\/wp\/v2\/posts\/13171\/revisions"}],"predecessor-version":[{"id":13172,"href":"https:\/\/abrelivros.org.br\/site\/wp-json\/wp\/v2\/posts\/13171\/revisions\/13172"}],"wp:attachment":[{"href":"https:\/\/abrelivros.org.br\/site\/wp-json\/wp\/v2\/media?parent=13171"}],"wp:term":[{"taxonomy":"category","embeddable":true,"href":"https:\/\/abrelivros.org.br\/site\/wp-json\/wp\/v2\/categories?post=13171"},{"taxonomy":"post_tag","embeddable":true,"href":"https:\/\/abrelivros.org.br\/site\/wp-json\/wp\/v2\/tags?post=13171"}],"curies":[{"name":"wp","href":"https:\/\/api.w.org\/{rel}","templated":true}]}}