{"id":13169,"date":"2021-02-10T14:44:33","date_gmt":"2021-02-10T17:44:33","guid":{"rendered":"https:\/\/abrelivros.org.br\/site\/?p=13169"},"modified":"2021-02-10T14:44:33","modified_gmt":"2021-02-10T17:44:33","slug":"pesquisa-revela-dados-sobre-tecnologias-nas-escolas","status":"publish","type":"post","link":"https:\/\/abrelivros.org.br\/site\/pesquisa-revela-dados-sobre-tecnologias-nas-escolas\/","title":{"rendered":"Pesquisa revela dados sobre tecnologias nas escolas"},"content":{"rendered":"<p>Dados do Censo Escolar 2020, divulgados pelo Instituto Nacional de Estudos e Pesquisas Educacionais An\u00edsio Teixeira (Inep) em 29 de janeiro, mostram a situa\u00e7\u00e3o das escolas da educa\u00e7\u00e3o b\u00e1sica brasileira no que diz respeito \u00e0 disponibilidade de equipamentos de tecnologia da informa\u00e7\u00e3o e comunica\u00e7\u00e3o. <!--more-->A pesquisa tem relev\u00e2ncia particular por revelar a infraestrutura dispon\u00edvel a alunos, professores e gestores, em contexto anterior \u00e0 pandemia de COVID-19.<\/p>\n<p>Com a necessidade da implementa\u00e7\u00e3o de iniciativas baseadas em tecnologia para minimizar os impactos negativos nos processos de ensino e aprendizagem, as aulas a dist\u00e2ncia, a conex\u00e3o por internet, o uso de computadores e a oferta de equipamentos tecnol\u00f3gicos em geral passaram a ser ainda mais urgentes. O Censo Escolar revela que, na educa\u00e7\u00e3o infantil, a internet banda larga est\u00e1 presente em 85% das escolas particulares. J\u00e1 na rede municipal, que \u00e9 a rede com a maior participa\u00e7\u00e3o na oferta de educa\u00e7\u00e3o infantil, o percentual \u00e9 de 52,7%. Quando se trata do ensino fundamental, a rede escolar dos munic\u00edpios, maior ofertante tamb\u00e9m nessa etapa de ensino, \u00e9 a que tem a menor capacidade tecnol\u00f3gica. Nesse caso, 9,9% das escolas possuem lousa digital, 54,4% t\u00eam projetor multim\u00eddia, 38,3% disp\u00f5em de computador de mesa, 23,8% contam com computadores port\u00e1teis, 52,0% possuem internet banda larga e 23,8% oferecem internet para uso dos estudantes.<\/p>\n<p>Entre as regi\u00f5es do pa\u00eds, o Centro-Oeste revelou ter uma infraestrutura expressiva, com 83,4% das escolas de ensino fundamental com internet banda larga. Em seguida est\u00e3o Sudeste (81,2%) e Sul (78,7%). J\u00e1 os estados do Norte (31,4%) e do Nordeste (54,7%) s\u00e3o os que t\u00eam a menor conectividade. No que diz respeito \u00e0 disponibilidade de internet voltada ao uso dos alunos, o Sul se destaca. Na regi\u00e3o, 65,4% das escolas que t\u00eam ensino fundamental oferecem aos estudantes acesso a esse recurso. Sudeste (51,8%) e Centro-Oeste (48,3%) aparecem em seguida.<\/p>\n<p>Por outro lado, a pesquisa mostra que, ao avan\u00e7ar na trajet\u00f3ria educacional, o aluno passa a contar com mais recursos. De acordo com o censo, a disponibilidade de equipamentos nas escolas de ensino m\u00e9dio \u00e9 maior do que nas do ensino fundamental. Na rede estadual, que tem a maior participa\u00e7\u00e3o na oferta do ensino m\u00e9dio, 80,4% das unidades t\u00eam internet banda larga e o percentual de computadores de mesa para alunos \u00e9 de 79,3%.<\/p>\n<p><strong>Data de refer\u00eancia<\/strong> \u2013 Os dados do Censo Escolar divulgados at\u00e9 ent\u00e3o fazem parte da primeira etapa da pesquisa estat\u00edstica. Vale ressaltar que, em 2020, a autarquia alterou a data de refer\u00eancia do censo, de maio para mar\u00e7o, em virtude da pandemia de COVID-19 e da interrup\u00e7\u00e3o das atividades presenciais na maior parte das escolas. Desse modo, os resultados retratam a situa\u00e7\u00e3o das escolas em um contexto que precede a crise sanit\u00e1ria, n\u00e3o refletindo, ainda, o impacto na educa\u00e7\u00e3o.<\/p>\n<p>Na segunda etapa da pesquisa, quando ser\u00e1 apurada a chamada Situa\u00e7\u00e3o do Aluno, os dados aferidos ser\u00e3o fundamentais para a compreens\u00e3o das consequ\u00eancias causadas pelo novo coronav\u00edrus no sistema educacional brasileiro. O Inep desenvolveu um novo question\u00e1rio espec\u00edfico para a coleta de informa\u00e7\u00f5es sobre as estrat\u00e9gias adotadas pelas escolas para lidar com os desafios impostos no ano letivo de 2020. Os dados ser\u00e3o coletados a partir do dia 22 de fevereiro e publicados na divulga\u00e7\u00e3o dos resultados da etapa complementar do Censo Escolar, em junho.<\/p>\n<p><strong>Censo Escolar<\/strong> \u2013 Principal pesquisa estat\u00edstica da educa\u00e7\u00e3o b\u00e1sica, o censo \u00e9 coordenado pelo Inep e realizado, em regime de colabora\u00e7\u00e3o, entre as secretarias estaduais e municipais de Educa\u00e7\u00e3o, com a participa\u00e7\u00e3o de todas as escolas p\u00fablicas e privadas do pa\u00eds. O levantamento abrange as diferentes etapas e modalidades da educa\u00e7\u00e3o b\u00e1sica: ensino regular, educa\u00e7\u00e3o especial, educa\u00e7\u00e3o de jovens e adultos (EJA) e educa\u00e7\u00e3o profissional. O Censo Escolar \u00e9 uma pesquisa que coleta dados indiretos, com base nos documentos administrativos das escolas e redes de ensino, por meio de um question\u00e1rio eletr\u00f4nico (Sistema Educacenso).<\/p>\n<p><a href=\"https:\/\/www.gov.br\/inep\/pt-br\/areas-de-atuacao\/pesquisas-estatisticas-e-indicadores\/censo-escolar\/resultados\" target=\"_blank\" rel=\"noopener noreferrer\">Acesse todos os resultados do Censo Escolar 2020<\/a><\/p>\n<p><a href=\"https:\/\/download.inep.gov.br\/censo_escolar\/resultados\/2020\/apresentacao_coletiva.pdf\" target=\"_blank\" rel=\"noopener noreferrer\">Confira a apresenta\u00e7\u00e3o da primeira etapa do Censo Escolar 2020<\/a><\/p>\n<p><a href=\"https:\/\/download.inep.gov.br\/educacao_basica\/censo_escolar\/press_kit\/2020\/press_kit_censo_escolar_2020.pdf\" target=\"_blank\" rel=\"noopener noreferrer\">Acesse o Press kit Censo Escolar 2020<\/a><\/p>\n<p><a href=\"https:\/\/www.youtube.com\/watch?v=4NpD8skXmQE\" target=\"_blank\" rel=\"noopener noreferrer\">Confira a transmiss\u00e3o da coletiva de imprensa do Censo Escolar 2020<\/a><\/p>\n<p><a href=\"https:\/\/www.gov.br\/inep\/pt-br\/areas-de-atuacao\/pesquisas-estatisticas-e-indicadores\/censo-escolar\" target=\"_blank\" rel=\"noopener noreferrer\">Saiba mais sobre o Censo Escolar<\/a><\/p>\n<p>&nbsp;<\/p>\n","protected":false},"excerpt":{"rendered":"<p>Dados do Censo Escolar 2020, divulgados pelo Instituto Nacional de Estudos e Pesquisas Educacionais An\u00edsio Teixeira (Inep) em 29 de janeiro, mostram a situa\u00e7\u00e3o das escolas da educa\u00e7\u00e3o b\u00e1sica brasileira no que diz respeito \u00e0 disponibilidade de equipamentos de tecnologia da informa\u00e7\u00e3o e comunica\u00e7\u00e3o.<\/p>\n","protected":false},"author":4,"featured_media":0,"comment_status":"closed","ping_status":"closed","sticky":false,"template":"","format":"standard","meta":{"footnotes":"","_links_to":"","_links_to_target":""},"categories":[9],"tags":[],"class_list":["post-13169","post","type-post","status-publish","format-standard","hentry","category-noticias-da-imprensa"],"yoast_head":"<!-- This site is optimized with the Yoast SEO plugin v15.1 - https:\/\/yoast.com\/wordpress\/plugins\/seo\/ -->\n<title>Pesquisa revela dados sobre tecnologias nas escolas &raquo; Abrelivros<\/title>\n<meta name=\"robots\" content=\"index, follow, max-snippet:-1, max-image-preview:large, max-video-preview:-1\" \/>\n<link rel=\"canonical\" href=\"https:\/\/abrelivros.org.br\/site\/pesquisa-revela-dados-sobre-tecnologias-nas-escolas\/\" \/>\n<meta property=\"og:locale\" content=\"pt_BR\" \/>\n<meta property=\"og:type\" content=\"article\" \/>\n<meta property=\"og:title\" content=\"Pesquisa revela dados sobre tecnologias nas escolas &raquo; Abrelivros\" \/>\n<meta property=\"og:description\" content=\"Dados do Censo Escolar 2020, divulgados pelo Instituto Nacional de Estudos e Pesquisas Educacionais An\u00edsio Teixeira (Inep) em 29 de janeiro, mostram a situa\u00e7\u00e3o das escolas da educa\u00e7\u00e3o b\u00e1sica brasileira no que diz respeito \u00e0 disponibilidade de equipamentos de tecnologia da informa\u00e7\u00e3o e comunica\u00e7\u00e3o.\" \/>\n<meta property=\"og:url\" content=\"https:\/\/abrelivros.org.br\/site\/pesquisa-revela-dados-sobre-tecnologias-nas-escolas\/\" \/>\n<meta property=\"og:site_name\" content=\"Abrelivros\" \/>\n<meta property=\"article:published_time\" content=\"2021-02-10T17:44:33+00:00\" \/>\n<meta name=\"twitter:card\" content=\"summary_large_image\" \/>\n<script type=\"application\/ld+json\" class=\"yoast-schema-graph\">{\"@context\":\"https:\/\/schema.org\",\"@graph\":[{\"@type\":\"WebSite\",\"@id\":\"https:\/\/abrelivros.org.br\/site\/#website\",\"url\":\"https:\/\/abrelivros.org.br\/site\/\",\"name\":\"Abrelivros\",\"description\":\"\",\"potentialAction\":[{\"@type\":\"SearchAction\",\"target\":\"https:\/\/abrelivros.org.br\/site\/?s={search_term_string}\",\"query-input\":\"required name=search_term_string\"}],\"inLanguage\":\"pt-BR\"},{\"@type\":\"WebPage\",\"@id\":\"https:\/\/abrelivros.org.br\/site\/pesquisa-revela-dados-sobre-tecnologias-nas-escolas\/#webpage\",\"url\":\"https:\/\/abrelivros.org.br\/site\/pesquisa-revela-dados-sobre-tecnologias-nas-escolas\/\",\"name\":\"Pesquisa revela dados sobre tecnologias nas escolas &raquo; Abrelivros\",\"isPartOf\":{\"@id\":\"https:\/\/abrelivros.org.br\/site\/#website\"},\"datePublished\":\"2021-02-10T17:44:33+00:00\",\"dateModified\":\"2021-02-10T17:44:33+00:00\",\"author\":{\"@id\":\"https:\/\/abrelivros.org.br\/site\/#\/schema\/person\/65db80e26409802ce15ac5feec6a15fd\"},\"breadcrumb\":{\"@id\":\"https:\/\/abrelivros.org.br\/site\/pesquisa-revela-dados-sobre-tecnologias-nas-escolas\/#breadcrumb\"},\"inLanguage\":\"pt-BR\",\"potentialAction\":[{\"@type\":\"ReadAction\",\"target\":[\"https:\/\/abrelivros.org.br\/site\/pesquisa-revela-dados-sobre-tecnologias-nas-escolas\/\"]}]},{\"@type\":\"BreadcrumbList\",\"@id\":\"https:\/\/abrelivros.org.br\/site\/pesquisa-revela-dados-sobre-tecnologias-nas-escolas\/#breadcrumb\",\"itemListElement\":[{\"@type\":\"ListItem\",\"position\":1,\"item\":{\"@type\":\"WebPage\",\"@id\":\"https:\/\/abrelivros.org.br\/site\/\",\"url\":\"https:\/\/abrelivros.org.br\/site\/\",\"name\":\"In\\u00edcio\"}},{\"@type\":\"ListItem\",\"position\":2,\"item\":{\"@type\":\"WebPage\",\"@id\":\"https:\/\/abrelivros.org.br\/site\/category\/noticias\/\",\"url\":\"https:\/\/abrelivros.org.br\/site\/category\/noticias\/\",\"name\":\"Not\\u00edcias\"}},{\"@type\":\"ListItem\",\"position\":3,\"item\":{\"@type\":\"WebPage\",\"@id\":\"https:\/\/abrelivros.org.br\/site\/category\/noticias\/noticias-da-imprensa\/\",\"url\":\"https:\/\/abrelivros.org.br\/site\/category\/noticias\/noticias-da-imprensa\/\",\"name\":\"Not\\u00edcias da imprensa\"}},{\"@type\":\"ListItem\",\"position\":4,\"item\":{\"@type\":\"WebPage\",\"@id\":\"https:\/\/abrelivros.org.br\/site\/pesquisa-revela-dados-sobre-tecnologias-nas-escolas\/\",\"url\":\"https:\/\/abrelivros.org.br\/site\/pesquisa-revela-dados-sobre-tecnologias-nas-escolas\/\",\"name\":\"Pesquisa revela dados sobre tecnologias nas escolas\"}}]},{\"@type\":\"Person\",\"@id\":\"https:\/\/abrelivros.org.br\/site\/#\/schema\/person\/65db80e26409802ce15ac5feec6a15fd\",\"name\":\"Reda\\u00e7\\u00e3o Abrelivros\",\"image\":{\"@type\":\"ImageObject\",\"@id\":\"https:\/\/abrelivros.org.br\/site\/#personlogo\",\"inLanguage\":\"pt-BR\",\"url\":\"https:\/\/secure.gravatar.com\/avatar\/c4e57f9c7e3482965bd428192061218520756c39080b1d1820b679fa5e9af192?s=96&d=mm&r=g\",\"caption\":\"Reda\\u00e7\\u00e3o Abrelivros\"}}]}<\/script>\n<!-- \/ Yoast SEO plugin. -->","_links":{"self":[{"href":"https:\/\/abrelivros.org.br\/site\/wp-json\/wp\/v2\/posts\/13169","targetHints":{"allow":["GET"]}}],"collection":[{"href":"https:\/\/abrelivros.org.br\/site\/wp-json\/wp\/v2\/posts"}],"about":[{"href":"https:\/\/abrelivros.org.br\/site\/wp-json\/wp\/v2\/types\/post"}],"author":[{"embeddable":true,"href":"https:\/\/abrelivros.org.br\/site\/wp-json\/wp\/v2\/users\/4"}],"replies":[{"embeddable":true,"href":"https:\/\/abrelivros.org.br\/site\/wp-json\/wp\/v2\/comments?post=13169"}],"version-history":[{"count":1,"href":"https:\/\/abrelivros.org.br\/site\/wp-json\/wp\/v2\/posts\/13169\/revisions"}],"predecessor-version":[{"id":13170,"href":"https:\/\/abrelivros.org.br\/site\/wp-json\/wp\/v2\/posts\/13169\/revisions\/13170"}],"wp:attachment":[{"href":"https:\/\/abrelivros.org.br\/site\/wp-json\/wp\/v2\/media?parent=13169"}],"wp:term":[{"taxonomy":"category","embeddable":true,"href":"https:\/\/abrelivros.org.br\/site\/wp-json\/wp\/v2\/categories?post=13169"},{"taxonomy":"post_tag","embeddable":true,"href":"https:\/\/abrelivros.org.br\/site\/wp-json\/wp\/v2\/tags?post=13169"}],"curies":[{"name":"wp","href":"https:\/\/api.w.org\/{rel}","templated":true}]}}