{"id":13166,"date":"2021-02-09T13:45:43","date_gmt":"2021-02-09T16:45:43","guid":{"rendered":"https:\/\/abrelivros.org.br\/site\/?p=13166"},"modified":"2021-02-09T13:45:43","modified_gmt":"2021-02-09T16:45:43","slug":"estudo-reune-pesquisas-sobre-educacao-na-pandemia","status":"publish","type":"post","link":"https:\/\/abrelivros.org.br\/site\/estudo-reune-pesquisas-sobre-educacao-na-pandemia\/","title":{"rendered":"Estudo re\u00fane pesquisas sobre educa\u00e7\u00e3o na pandemia"},"content":{"rendered":"<p>A pandemia do novo coronav\u00edrus teve grande impacto na educa\u00e7\u00e3o brasileira em 2020. A suspens\u00e3o das aulas presenciais nas escolas p\u00fablicas e particulares evidenciou uma s\u00e9rie de desigualdades, deixando, inclusive, estudantes sem atendimento. A publica\u00e7\u00e3o Retratos da Educa\u00e7\u00e3o no Contexto da Pandemia do Coronav\u00edrus &#8211; Um olhar sobre m\u00faltiplas desigualdades re\u00fane cinco estudos, realizados entre maio e julho de 2020, que se propuseram a coletar dados e depoimentos sobre o ensino no pa\u00eds.<!--more--><\/p>\n<p>\u201cA ideia \u00e9 ter um material que traga as vis\u00f5es de diferentes atores, como foi esse per\u00edodo para os professores, como foi para os pais, como foi para os gestores, em se tratando de tomada de decis\u00e3o para a educa\u00e7\u00e3o. Assim, passar uma vis\u00e3o completa de qual foi o cen\u00e1rio educacional nesse per\u00edodo\u201d, explica o diretor-fundador do Interdisciplinaridade e Evid\u00eancias no Debate Educacional (Iede), Ernesto Faria, um dos participantes do estudo.<\/p>\n<p>A compila\u00e7\u00e3o pode, de acordo com Faria, servir como subs\u00eddio para que redes de ensino e escolas possam se preparar melhor para 2021. \u201c[A pandemia] \u00e9 um per\u00edodo que gera v\u00e1rias desigualdades. A gente precisa entender quais desigualdades s\u00e3o essas para da\u00ed poder tentar se antecipar a alguns problemas, como a evas\u00e3o dos alunos\u201d, diz.<\/p>\n<p>Uma das pesquisas que integram a publica\u00e7\u00e3o, realizada pela Funda\u00e7\u00e3o Lemann, o Ita\u00fa Social e Imaginable Futures, mostra que, tr\u00eas meses depois do in\u00edcio da suspens\u00e3o das aulas presenciais, ainda havia cerca de 4,8 milh\u00f5es de estudantes, o equivalente a 18% do total de alunos do ensino fundamental e do ensino m\u00e9dio da rede p\u00fablica, que n\u00e3o teriam recebido nenhum tipo de atividade, nem por meios eletr\u00f4nicos, nem impressos.<\/p>\n<p>Al\u00e9m disso, mais de quatro em cada dez estudantes, o equivalente a 42%, n\u00e3o teriam, segundo seus familiares, equipamentos e condi\u00e7\u00f5es de acesso adequados para o contexto da educa\u00e7\u00e3o n\u00e3o presencial. Ficaram tamb\u00e9m evidentes desigualdades regionais. Enquanto quase sete em cada dez estudantes do ensino m\u00e9dio na Regi\u00e3o Sudeste tiveram aulas online mediadas por seus professores, essa propor\u00e7\u00e3o foi de pouco mais de quatro em cada dez nas regi\u00f5es Nordeste e Sul.<\/p>\n<p>Um dos grandes impactos a ser sentido ainda este ano, de acordo com Faria, poder\u00e1 ser o aumento da evas\u00e3o escolar daqueles que n\u00e3o seguir\u00e3o estudando em 2021. Mais de um em cada quatro jovens do ensino m\u00e9dio j\u00e1 pensou em n\u00e3o voltar para a escola ao final do per\u00edodo de suspens\u00e3o das aulas, segundo estudo realizado pelo Conselho Nacional de Juventude (Conjuve) e por parceiros.<\/p>\n<p>Com an\u00e1lise e texto de Ana L\u00facia Lima, da Conhecimento Social, integram a publica\u00e7\u00e3o a Funda\u00e7\u00e3o Carlos Chagas, Funda\u00e7\u00e3o Roberto Marinho, Funda\u00e7\u00e3o Lemann, o Ita\u00fa Social, Instituto Pen\u00ednsula e Iede. O estudo est\u00e1 dispon\u00edvel na \u00edntegra na internet.<\/p>\n<p>&nbsp;<\/p>\n","protected":false},"excerpt":{"rendered":"<p>A pandemia do novo coronav\u00edrus teve grande impacto na educa\u00e7\u00e3o brasileira em 2020. A suspens\u00e3o das aulas presenciais nas escolas p\u00fablicas e particulares evidenciou uma s\u00e9rie de desigualdades, deixando, inclusive, estudantes sem atendimento. A publica\u00e7\u00e3o Retratos da Educa\u00e7\u00e3o no Contexto da Pandemia do Coronav\u00edrus &#8211; Um olhar sobre m\u00faltiplas desigualdades re\u00fane cinco estudos, realizados entre [&hellip;]<\/p>\n","protected":false},"author":4,"featured_media":0,"comment_status":"closed","ping_status":"closed","sticky":false,"template":"","format":"standard","meta":{"footnotes":"","_links_to":"","_links_to_target":""},"categories":[9],"tags":[],"class_list":["post-13166","post","type-post","status-publish","format-standard","hentry","category-noticias-da-imprensa"],"yoast_head":"<!-- This site is optimized with the Yoast SEO plugin v15.1 - https:\/\/yoast.com\/wordpress\/plugins\/seo\/ -->\n<title>Estudo re\u00fane pesquisas sobre educa\u00e7\u00e3o na pandemia &raquo; Abrelivros<\/title>\n<meta name=\"robots\" content=\"index, follow, max-snippet:-1, max-image-preview:large, max-video-preview:-1\" \/>\n<link rel=\"canonical\" href=\"https:\/\/abrelivros.org.br\/site\/estudo-reune-pesquisas-sobre-educacao-na-pandemia\/\" \/>\n<meta property=\"og:locale\" content=\"pt_BR\" \/>\n<meta property=\"og:type\" content=\"article\" \/>\n<meta property=\"og:title\" content=\"Estudo re\u00fane pesquisas sobre educa\u00e7\u00e3o na pandemia &raquo; Abrelivros\" \/>\n<meta property=\"og:description\" content=\"A pandemia do novo coronav\u00edrus teve grande impacto na educa\u00e7\u00e3o brasileira em 2020. A suspens\u00e3o das aulas presenciais nas escolas p\u00fablicas e particulares evidenciou uma s\u00e9rie de desigualdades, deixando, inclusive, estudantes sem atendimento. A publica\u00e7\u00e3o Retratos da Educa\u00e7\u00e3o no Contexto da Pandemia do Coronav\u00edrus &#8211; Um olhar sobre m\u00faltiplas desigualdades re\u00fane cinco estudos, realizados entre [&hellip;]\" \/>\n<meta property=\"og:url\" content=\"https:\/\/abrelivros.org.br\/site\/estudo-reune-pesquisas-sobre-educacao-na-pandemia\/\" \/>\n<meta property=\"og:site_name\" content=\"Abrelivros\" \/>\n<meta property=\"article:published_time\" content=\"2021-02-09T16:45:43+00:00\" \/>\n<meta name=\"twitter:card\" content=\"summary_large_image\" \/>\n<script type=\"application\/ld+json\" class=\"yoast-schema-graph\">{\"@context\":\"https:\/\/schema.org\",\"@graph\":[{\"@type\":\"WebSite\",\"@id\":\"https:\/\/abrelivros.org.br\/site\/#website\",\"url\":\"https:\/\/abrelivros.org.br\/site\/\",\"name\":\"Abrelivros\",\"description\":\"\",\"potentialAction\":[{\"@type\":\"SearchAction\",\"target\":\"https:\/\/abrelivros.org.br\/site\/?s={search_term_string}\",\"query-input\":\"required name=search_term_string\"}],\"inLanguage\":\"pt-BR\"},{\"@type\":\"WebPage\",\"@id\":\"https:\/\/abrelivros.org.br\/site\/estudo-reune-pesquisas-sobre-educacao-na-pandemia\/#webpage\",\"url\":\"https:\/\/abrelivros.org.br\/site\/estudo-reune-pesquisas-sobre-educacao-na-pandemia\/\",\"name\":\"Estudo re\\u00fane pesquisas sobre educa\\u00e7\\u00e3o na pandemia &raquo; Abrelivros\",\"isPartOf\":{\"@id\":\"https:\/\/abrelivros.org.br\/site\/#website\"},\"datePublished\":\"2021-02-09T16:45:43+00:00\",\"dateModified\":\"2021-02-09T16:45:43+00:00\",\"author\":{\"@id\":\"https:\/\/abrelivros.org.br\/site\/#\/schema\/person\/65db80e26409802ce15ac5feec6a15fd\"},\"breadcrumb\":{\"@id\":\"https:\/\/abrelivros.org.br\/site\/estudo-reune-pesquisas-sobre-educacao-na-pandemia\/#breadcrumb\"},\"inLanguage\":\"pt-BR\",\"potentialAction\":[{\"@type\":\"ReadAction\",\"target\":[\"https:\/\/abrelivros.org.br\/site\/estudo-reune-pesquisas-sobre-educacao-na-pandemia\/\"]}]},{\"@type\":\"BreadcrumbList\",\"@id\":\"https:\/\/abrelivros.org.br\/site\/estudo-reune-pesquisas-sobre-educacao-na-pandemia\/#breadcrumb\",\"itemListElement\":[{\"@type\":\"ListItem\",\"position\":1,\"item\":{\"@type\":\"WebPage\",\"@id\":\"https:\/\/abrelivros.org.br\/site\/\",\"url\":\"https:\/\/abrelivros.org.br\/site\/\",\"name\":\"In\\u00edcio\"}},{\"@type\":\"ListItem\",\"position\":2,\"item\":{\"@type\":\"WebPage\",\"@id\":\"https:\/\/abrelivros.org.br\/site\/category\/noticias\/\",\"url\":\"https:\/\/abrelivros.org.br\/site\/category\/noticias\/\",\"name\":\"Not\\u00edcias\"}},{\"@type\":\"ListItem\",\"position\":3,\"item\":{\"@type\":\"WebPage\",\"@id\":\"https:\/\/abrelivros.org.br\/site\/category\/noticias\/noticias-da-imprensa\/\",\"url\":\"https:\/\/abrelivros.org.br\/site\/category\/noticias\/noticias-da-imprensa\/\",\"name\":\"Not\\u00edcias da imprensa\"}},{\"@type\":\"ListItem\",\"position\":4,\"item\":{\"@type\":\"WebPage\",\"@id\":\"https:\/\/abrelivros.org.br\/site\/estudo-reune-pesquisas-sobre-educacao-na-pandemia\/\",\"url\":\"https:\/\/abrelivros.org.br\/site\/estudo-reune-pesquisas-sobre-educacao-na-pandemia\/\",\"name\":\"Estudo re\\u00fane pesquisas sobre educa\\u00e7\\u00e3o na pandemia\"}}]},{\"@type\":\"Person\",\"@id\":\"https:\/\/abrelivros.org.br\/site\/#\/schema\/person\/65db80e26409802ce15ac5feec6a15fd\",\"name\":\"Reda\\u00e7\\u00e3o Abrelivros\",\"image\":{\"@type\":\"ImageObject\",\"@id\":\"https:\/\/abrelivros.org.br\/site\/#personlogo\",\"inLanguage\":\"pt-BR\",\"url\":\"https:\/\/secure.gravatar.com\/avatar\/c4e57f9c7e3482965bd428192061218520756c39080b1d1820b679fa5e9af192?s=96&d=mm&r=g\",\"caption\":\"Reda\\u00e7\\u00e3o Abrelivros\"}}]}<\/script>\n<!-- \/ Yoast SEO plugin. -->","_links":{"self":[{"href":"https:\/\/abrelivros.org.br\/site\/wp-json\/wp\/v2\/posts\/13166","targetHints":{"allow":["GET"]}}],"collection":[{"href":"https:\/\/abrelivros.org.br\/site\/wp-json\/wp\/v2\/posts"}],"about":[{"href":"https:\/\/abrelivros.org.br\/site\/wp-json\/wp\/v2\/types\/post"}],"author":[{"embeddable":true,"href":"https:\/\/abrelivros.org.br\/site\/wp-json\/wp\/v2\/users\/4"}],"replies":[{"embeddable":true,"href":"https:\/\/abrelivros.org.br\/site\/wp-json\/wp\/v2\/comments?post=13166"}],"version-history":[{"count":1,"href":"https:\/\/abrelivros.org.br\/site\/wp-json\/wp\/v2\/posts\/13166\/revisions"}],"predecessor-version":[{"id":13167,"href":"https:\/\/abrelivros.org.br\/site\/wp-json\/wp\/v2\/posts\/13166\/revisions\/13167"}],"wp:attachment":[{"href":"https:\/\/abrelivros.org.br\/site\/wp-json\/wp\/v2\/media?parent=13166"}],"wp:term":[{"taxonomy":"category","embeddable":true,"href":"https:\/\/abrelivros.org.br\/site\/wp-json\/wp\/v2\/categories?post=13166"},{"taxonomy":"post_tag","embeddable":true,"href":"https:\/\/abrelivros.org.br\/site\/wp-json\/wp\/v2\/tags?post=13166"}],"curies":[{"name":"wp","href":"https:\/\/api.w.org\/{rel}","templated":true}]}}