{"id":13164,"date":"2021-02-09T13:42:19","date_gmt":"2021-02-09T16:42:19","guid":{"rendered":"https:\/\/abrelivros.org.br\/site\/?p=13164"},"modified":"2021-02-09T13:42:19","modified_gmt":"2021-02-09T16:42:19","slug":"cbl-deve-reconduzir-vitor-tavares-a-presidencia","status":"publish","type":"post","link":"https:\/\/abrelivros.org.br\/site\/cbl-deve-reconduzir-vitor-tavares-a-presidencia\/","title":{"rendered":"CBL deve reconduzir Vitor Tavares \u00e0 presid\u00eancia"},"content":{"rendered":"<p>A C\u00e2mara Brasileira do Livro (CBL) marcou elei\u00e7\u00f5es para a sua nova diretoria para o pr\u00f3ximo dia 25. Vitor Tavares, atual presidente, encabe\u00e7a a chapa \u00fanica e dever\u00e1 ser reeleito para o bi\u00eanio 2021\/2023. A Juntos em defesa do livro, como foi nomeada a chapa, apresentou a sua <a href=\"https:\/\/www.publishnews.com.br\/estaticos\/uploads\/2021\/02\/GUg17LrrgcqkYOjOspRMo4QM9N1w6Q5FLCqMp6yvky3hsvoW6NOCZNYR88WVXpWxGF1b4R0hiHzTuhsz.pdf\" target=\"_blank\" rel=\"noopener noreferrer\">plataforma de trabalho<\/a>, dividida em quatro eixos: Racionaliza\u00e7\u00e3o permanente e avan\u00e7o nos padr\u00f5es de gest\u00e3o da CBL; Rela\u00e7\u00f5es com o governo; Coopera\u00e7\u00e3o m\u00fatua com entidades cong\u00eaneres nacionais e estrangeiras e Autores, editores, livreiros e leitores.<!--more--><\/p>\n<p>A chapa p\u00f5e como meta apresentar, monitorar, contestar ou defender projetos de lei que tramitam no Congresso Nacional que afetam o livro e o setor editorial e livreiro e destaca o PL 3.887\/2020, que institui a CBS, al\u00edquota de 12% que passaria a incidir sobre bens e servi\u00e7os, incluindo o livro; e o PLS 49\/2015, que trata da regula\u00e7\u00e3o do com\u00e9rcio de livros. Outra meta \u00e9 atuar junto a munic\u00edpios buscando a desonera\u00e7\u00e3o do IPTU de livrarias, como forma de estimular a abertura de novas lojas.<\/p>\n<p>Na interface com leitores, a equipe de Tavares prop\u00f5e apoiar ou organizar feiras em diversas cidades brasileiras como forma de garantir o acesso aos livros e \u00e0 literatura. O programa fala ainda de internacionalizar a literatura brasileira.<\/p>\n<p>A Assembleia de presta\u00e7\u00e3o de contas e elei\u00e7\u00e3o de diretoria acontecer\u00e1 em ambiente virtual a partir das 10h da manh\u00e3 do pr\u00f3ximo dia 25. A entidade dever\u00e1 enviar o link para participa\u00e7\u00e3o no conclave aos seus associados.<\/p>\n<p>As vice-presid\u00eancias seguem como est\u00e1 hoje, com Diego Drumond (Faro Editorial) como vice-presidente administrativo e financeiro; Luciano Monteiro, respons\u00e1vel pela comunica\u00e7\u00e3o, e Hubert Alqu\u00e9res como vice-presidente secret\u00e1rio. As diretorias, no entanto, apresentam algumas mudan\u00e7as, conforme mostra a lista abaixo.<\/p>\n<p><strong>Chapa Em defesa do Livro<\/strong><\/p>\n<p>Presidente: Vitor Tavares (Distribuidora e Livraria Loyola)<\/p>\n<p>Vice-presidente administrativo e financeiro: Diego Drumond (Faro Editorial)<\/p>\n<p>Vice-presidente de comunica\u00e7\u00e3o: Luciano Monteiro (Moderna\/Santillana)<\/p>\n<p>Vice-presidente secret\u00e1rio: Hubert Alqu\u00e9res (Edi\u00e7\u00f5es de Janeiro)<\/p>\n<p><strong>Diretores editores<\/strong><\/p>\n<p>Lilia Zambon (Companhia das Letras)<\/p>\n<p>I\u00e3 Paulo Ribeiro (Sesc SP)<\/p>\n<p>Suplentes: Sevani de Matos Oliveira (VR) e Henrique Farinha (\u00c9vora)<\/p>\n<p><strong>Diretores livreiros<\/strong><\/p>\n<p>Alexandre Martins Fontes (Livraria Martins Fontes)<\/p>\n<p>Paulo Vicente Ruiz de Las Heras Moregola (Edi\u00e7\u00f5es e Livraria Loyola)<\/p>\n<p>Suplentes: Samuel Seibel (Livraria da Vila) e Ricardo Shinyashiki (Editora Gente)<\/p>\n<p><strong>Diretores distribuidores<\/strong><\/p>\n<p>Julio Cesar da Cruz (Catavento)<\/p>\n<p>Paulo Victor de Carvalho Oliveira (Inova\u00e7\u00e3o)<\/p>\n<p>Suplentes: Marcus Teles (Leitura) e Antonio Nascimento (Distribuidora Paisagem)<\/p>\n<p><strong>Diretores creditistas<\/strong><\/p>\n<p>Karine Pansa (Girassol)<\/p>\n<p>Gerson Ramos (Planeta)<\/p>\n<p>Suplentes: Fernanda Saboya (Melhoramentos) e Antonio Erivan Gomes (Telos)<\/p>\n","protected":false},"excerpt":{"rendered":"<p>A C\u00e2mara Brasileira do Livro (CBL) marcou elei\u00e7\u00f5es para a sua nova diretoria para o pr\u00f3ximo dia 25. Vitor Tavares, atual presidente, encabe\u00e7a a chapa \u00fanica e dever\u00e1 ser reeleito para o bi\u00eanio 2021\/2023. A Juntos em defesa do livro, como foi nomeada a chapa, apresentou a sua plataforma de trabalho, dividida em quatro eixos: [&hellip;]<\/p>\n","protected":false},"author":4,"featured_media":0,"comment_status":"closed","ping_status":"closed","sticky":false,"template":"","format":"standard","meta":{"footnotes":"","_links_to":"","_links_to_target":""},"categories":[9],"tags":[],"class_list":["post-13164","post","type-post","status-publish","format-standard","hentry","category-noticias-da-imprensa"],"yoast_head":"<!-- This site is optimized with the Yoast SEO plugin v15.1 - https:\/\/yoast.com\/wordpress\/plugins\/seo\/ -->\n<title>CBL deve reconduzir Vitor Tavares \u00e0 presid\u00eancia &raquo; Abrelivros<\/title>\n<meta name=\"robots\" content=\"index, follow, max-snippet:-1, max-image-preview:large, max-video-preview:-1\" \/>\n<link rel=\"canonical\" href=\"https:\/\/abrelivros.org.br\/site\/cbl-deve-reconduzir-vitor-tavares-a-presidencia\/\" \/>\n<meta property=\"og:locale\" content=\"pt_BR\" \/>\n<meta property=\"og:type\" content=\"article\" \/>\n<meta property=\"og:title\" content=\"CBL deve reconduzir Vitor Tavares \u00e0 presid\u00eancia &raquo; Abrelivros\" \/>\n<meta property=\"og:description\" content=\"A C\u00e2mara Brasileira do Livro (CBL) marcou elei\u00e7\u00f5es para a sua nova diretoria para o pr\u00f3ximo dia 25. Vitor Tavares, atual presidente, encabe\u00e7a a chapa \u00fanica e dever\u00e1 ser reeleito para o bi\u00eanio 2021\/2023. A Juntos em defesa do livro, como foi nomeada a chapa, apresentou a sua plataforma de trabalho, dividida em quatro eixos: [&hellip;]\" \/>\n<meta property=\"og:url\" content=\"https:\/\/abrelivros.org.br\/site\/cbl-deve-reconduzir-vitor-tavares-a-presidencia\/\" \/>\n<meta property=\"og:site_name\" content=\"Abrelivros\" \/>\n<meta property=\"article:published_time\" content=\"2021-02-09T16:42:19+00:00\" \/>\n<meta name=\"twitter:card\" content=\"summary_large_image\" \/>\n<script type=\"application\/ld+json\" class=\"yoast-schema-graph\">{\"@context\":\"https:\/\/schema.org\",\"@graph\":[{\"@type\":\"WebSite\",\"@id\":\"https:\/\/abrelivros.org.br\/site\/#website\",\"url\":\"https:\/\/abrelivros.org.br\/site\/\",\"name\":\"Abrelivros\",\"description\":\"\",\"potentialAction\":[{\"@type\":\"SearchAction\",\"target\":\"https:\/\/abrelivros.org.br\/site\/?s={search_term_string}\",\"query-input\":\"required name=search_term_string\"}],\"inLanguage\":\"pt-BR\"},{\"@type\":\"WebPage\",\"@id\":\"https:\/\/abrelivros.org.br\/site\/cbl-deve-reconduzir-vitor-tavares-a-presidencia\/#webpage\",\"url\":\"https:\/\/abrelivros.org.br\/site\/cbl-deve-reconduzir-vitor-tavares-a-presidencia\/\",\"name\":\"CBL deve reconduzir Vitor Tavares \\u00e0 presid\\u00eancia &raquo; Abrelivros\",\"isPartOf\":{\"@id\":\"https:\/\/abrelivros.org.br\/site\/#website\"},\"datePublished\":\"2021-02-09T16:42:19+00:00\",\"dateModified\":\"2021-02-09T16:42:19+00:00\",\"author\":{\"@id\":\"https:\/\/abrelivros.org.br\/site\/#\/schema\/person\/65db80e26409802ce15ac5feec6a15fd\"},\"breadcrumb\":{\"@id\":\"https:\/\/abrelivros.org.br\/site\/cbl-deve-reconduzir-vitor-tavares-a-presidencia\/#breadcrumb\"},\"inLanguage\":\"pt-BR\",\"potentialAction\":[{\"@type\":\"ReadAction\",\"target\":[\"https:\/\/abrelivros.org.br\/site\/cbl-deve-reconduzir-vitor-tavares-a-presidencia\/\"]}]},{\"@type\":\"BreadcrumbList\",\"@id\":\"https:\/\/abrelivros.org.br\/site\/cbl-deve-reconduzir-vitor-tavares-a-presidencia\/#breadcrumb\",\"itemListElement\":[{\"@type\":\"ListItem\",\"position\":1,\"item\":{\"@type\":\"WebPage\",\"@id\":\"https:\/\/abrelivros.org.br\/site\/\",\"url\":\"https:\/\/abrelivros.org.br\/site\/\",\"name\":\"In\\u00edcio\"}},{\"@type\":\"ListItem\",\"position\":2,\"item\":{\"@type\":\"WebPage\",\"@id\":\"https:\/\/abrelivros.org.br\/site\/category\/noticias\/\",\"url\":\"https:\/\/abrelivros.org.br\/site\/category\/noticias\/\",\"name\":\"Not\\u00edcias\"}},{\"@type\":\"ListItem\",\"position\":3,\"item\":{\"@type\":\"WebPage\",\"@id\":\"https:\/\/abrelivros.org.br\/site\/category\/noticias\/noticias-da-imprensa\/\",\"url\":\"https:\/\/abrelivros.org.br\/site\/category\/noticias\/noticias-da-imprensa\/\",\"name\":\"Not\\u00edcias da imprensa\"}},{\"@type\":\"ListItem\",\"position\":4,\"item\":{\"@type\":\"WebPage\",\"@id\":\"https:\/\/abrelivros.org.br\/site\/cbl-deve-reconduzir-vitor-tavares-a-presidencia\/\",\"url\":\"https:\/\/abrelivros.org.br\/site\/cbl-deve-reconduzir-vitor-tavares-a-presidencia\/\",\"name\":\"CBL deve reconduzir Vitor Tavares \\u00e0 presid\\u00eancia\"}}]},{\"@type\":\"Person\",\"@id\":\"https:\/\/abrelivros.org.br\/site\/#\/schema\/person\/65db80e26409802ce15ac5feec6a15fd\",\"name\":\"Reda\\u00e7\\u00e3o Abrelivros\",\"image\":{\"@type\":\"ImageObject\",\"@id\":\"https:\/\/abrelivros.org.br\/site\/#personlogo\",\"inLanguage\":\"pt-BR\",\"url\":\"https:\/\/secure.gravatar.com\/avatar\/c4e57f9c7e3482965bd428192061218520756c39080b1d1820b679fa5e9af192?s=96&d=mm&r=g\",\"caption\":\"Reda\\u00e7\\u00e3o Abrelivros\"}}]}<\/script>\n<!-- \/ Yoast SEO plugin. -->","_links":{"self":[{"href":"https:\/\/abrelivros.org.br\/site\/wp-json\/wp\/v2\/posts\/13164","targetHints":{"allow":["GET"]}}],"collection":[{"href":"https:\/\/abrelivros.org.br\/site\/wp-json\/wp\/v2\/posts"}],"about":[{"href":"https:\/\/abrelivros.org.br\/site\/wp-json\/wp\/v2\/types\/post"}],"author":[{"embeddable":true,"href":"https:\/\/abrelivros.org.br\/site\/wp-json\/wp\/v2\/users\/4"}],"replies":[{"embeddable":true,"href":"https:\/\/abrelivros.org.br\/site\/wp-json\/wp\/v2\/comments?post=13164"}],"version-history":[{"count":1,"href":"https:\/\/abrelivros.org.br\/site\/wp-json\/wp\/v2\/posts\/13164\/revisions"}],"predecessor-version":[{"id":13165,"href":"https:\/\/abrelivros.org.br\/site\/wp-json\/wp\/v2\/posts\/13164\/revisions\/13165"}],"wp:attachment":[{"href":"https:\/\/abrelivros.org.br\/site\/wp-json\/wp\/v2\/media?parent=13164"}],"wp:term":[{"taxonomy":"category","embeddable":true,"href":"https:\/\/abrelivros.org.br\/site\/wp-json\/wp\/v2\/categories?post=13164"},{"taxonomy":"post_tag","embeddable":true,"href":"https:\/\/abrelivros.org.br\/site\/wp-json\/wp\/v2\/tags?post=13164"}],"curies":[{"name":"wp","href":"https:\/\/api.w.org\/{rel}","templated":true}]}}