{"id":13147,"date":"2021-02-08T15:19:57","date_gmt":"2021-02-08T18:19:57","guid":{"rendered":"https:\/\/abrelivros.org.br\/site\/?p=13147"},"modified":"2021-02-08T15:19:57","modified_gmt":"2021-02-08T18:19:57","slug":"consideracoes-sobre-o-painel-do-varejo-de-livros-no-brasil-2020","status":"publish","type":"post","link":"https:\/\/abrelivros.org.br\/site\/consideracoes-sobre-o-painel-do-varejo-de-livros-no-brasil-2020\/","title":{"rendered":"Considera\u00e7\u00f5es sobre o Painel do Varejo de Livros no Brasil 2020"},"content":{"rendered":"<p>Em artigo escrito especialmente para o PN+, Gerson Ramos, diretor comercial da Planeta, analisa a fundo os dados do Painel do Varejo de Livros no Brasil Recentemente, a Nielsen e o Sindicato Nacional dos Editores de Livros (SNEL) divulgaram os resultados do Painel do Varejo de Livros no Brasil referente ao ano passado.<!--more--> Aparentemente, o relat\u00f3rio apresenta um resultado que poderia, se n\u00e3o animar, pelo menos diminuir os temores dos editores para a inc\u00f3gnita que 2021 representa para todos n\u00f3s. Lamento informar que minhas observa\u00e7\u00f5es em seguida v\u00e3o estragar os \u00e2nimos de quem tinha esta expectativa. Fazendo um resumo bem r\u00e1pido, quando comparado 2020 com o ano anterior, o Painel do Varejo d\u00e1 o seguinte recado: houve uma recupera\u00e7\u00e3o das perdas de faturamento sobre 2019. O documento aponta que, na compara\u00e7\u00e3o anual, a queda de receita teria sido 0,5% menor. Mostra ainda que, no \u00faltimo per\u00edodo, que compreende as vendas de Natal, ter\u00edamos registrado um crescimento de quase 5% sobre o mesmo per\u00edodo de 2019. Considerando que, em maio, a queda destes mesmos indicadores j\u00e1 batia nos 15% este resultado poderia ser at\u00e9 comemorado. O uso do verbo no futuro do pret\u00e9rito aqui n<br \/>\n\u00e3o \u00e9 mero recurso lingu\u00edstico. Ao esmiu\u00e7ar estes dados, nos damos conta do que poderia ser, mas n\u00e3o \u00e9 algo verdadeiro para todo o mercado. A verdade \u00e9 que, enquanto h\u00e1 um crescimento das vendas que s\u00e3o capturadas pelo Painel, o mercado, de fato, encolhe. N\u00e3o s\u00f3 encolhe em faturamento, mas tamb\u00e9m perde em qualidade. [Nota do editor: <a href=\"http:\/\/pnmais.com\/consideracoes-sobre-o-painel-do-varejo-de-livros-no-brasil-2020\/\" target=\"_blank\" rel=\"noopener noreferrer\">clique aqui<\/a> para acessar a \u00edntegra do artigo de Gerson Ramos publicado no PublishNews+].<\/p>\n","protected":false},"excerpt":{"rendered":"<p>Em artigo escrito especialmente para o PN+, Gerson Ramos, diretor comercial da Planeta, analisa a fundo os dados do Painel do Varejo de Livros no Brasil Recentemente, a Nielsen e o Sindicato Nacional dos Editores de Livros (SNEL) divulgaram os resultados do Painel do Varejo de Livros no Brasil referente ao ano passado.<\/p>\n","protected":false},"author":4,"featured_media":0,"comment_status":"closed","ping_status":"closed","sticky":false,"template":"","format":"standard","meta":{"footnotes":"","_links_to":"","_links_to_target":""},"categories":[9],"tags":[],"class_list":["post-13147","post","type-post","status-publish","format-standard","hentry","category-noticias-da-imprensa"],"yoast_head":"<!-- This site is optimized with the Yoast SEO plugin v15.1 - https:\/\/yoast.com\/wordpress\/plugins\/seo\/ -->\n<title>Considera\u00e7\u00f5es sobre o Painel do Varejo de Livros no Brasil 2020 &raquo; Abrelivros<\/title>\n<meta name=\"robots\" content=\"index, follow, max-snippet:-1, max-image-preview:large, max-video-preview:-1\" \/>\n<link rel=\"canonical\" href=\"https:\/\/abrelivros.org.br\/site\/consideracoes-sobre-o-painel-do-varejo-de-livros-no-brasil-2020\/\" \/>\n<meta property=\"og:locale\" content=\"pt_BR\" \/>\n<meta property=\"og:type\" content=\"article\" \/>\n<meta property=\"og:title\" content=\"Considera\u00e7\u00f5es sobre o Painel do Varejo de Livros no Brasil 2020 &raquo; Abrelivros\" \/>\n<meta property=\"og:description\" content=\"Em artigo escrito especialmente para o PN+, Gerson Ramos, diretor comercial da Planeta, analisa a fundo os dados do Painel do Varejo de Livros no Brasil Recentemente, a Nielsen e o Sindicato Nacional dos Editores de Livros (SNEL) divulgaram os resultados do Painel do Varejo de Livros no Brasil referente ao ano passado.\" \/>\n<meta property=\"og:url\" content=\"https:\/\/abrelivros.org.br\/site\/consideracoes-sobre-o-painel-do-varejo-de-livros-no-brasil-2020\/\" \/>\n<meta property=\"og:site_name\" content=\"Abrelivros\" \/>\n<meta property=\"article:published_time\" content=\"2021-02-08T18:19:57+00:00\" \/>\n<meta name=\"twitter:card\" content=\"summary_large_image\" \/>\n<script type=\"application\/ld+json\" class=\"yoast-schema-graph\">{\"@context\":\"https:\/\/schema.org\",\"@graph\":[{\"@type\":\"WebSite\",\"@id\":\"https:\/\/abrelivros.org.br\/site\/#website\",\"url\":\"https:\/\/abrelivros.org.br\/site\/\",\"name\":\"Abrelivros\",\"description\":\"\",\"potentialAction\":[{\"@type\":\"SearchAction\",\"target\":\"https:\/\/abrelivros.org.br\/site\/?s={search_term_string}\",\"query-input\":\"required name=search_term_string\"}],\"inLanguage\":\"pt-BR\"},{\"@type\":\"WebPage\",\"@id\":\"https:\/\/abrelivros.org.br\/site\/consideracoes-sobre-o-painel-do-varejo-de-livros-no-brasil-2020\/#webpage\",\"url\":\"https:\/\/abrelivros.org.br\/site\/consideracoes-sobre-o-painel-do-varejo-de-livros-no-brasil-2020\/\",\"name\":\"Considera\\u00e7\\u00f5es sobre o Painel do Varejo de Livros no Brasil 2020 &raquo; Abrelivros\",\"isPartOf\":{\"@id\":\"https:\/\/abrelivros.org.br\/site\/#website\"},\"datePublished\":\"2021-02-08T18:19:57+00:00\",\"dateModified\":\"2021-02-08T18:19:57+00:00\",\"author\":{\"@id\":\"https:\/\/abrelivros.org.br\/site\/#\/schema\/person\/65db80e26409802ce15ac5feec6a15fd\"},\"breadcrumb\":{\"@id\":\"https:\/\/abrelivros.org.br\/site\/consideracoes-sobre-o-painel-do-varejo-de-livros-no-brasil-2020\/#breadcrumb\"},\"inLanguage\":\"pt-BR\",\"potentialAction\":[{\"@type\":\"ReadAction\",\"target\":[\"https:\/\/abrelivros.org.br\/site\/consideracoes-sobre-o-painel-do-varejo-de-livros-no-brasil-2020\/\"]}]},{\"@type\":\"BreadcrumbList\",\"@id\":\"https:\/\/abrelivros.org.br\/site\/consideracoes-sobre-o-painel-do-varejo-de-livros-no-brasil-2020\/#breadcrumb\",\"itemListElement\":[{\"@type\":\"ListItem\",\"position\":1,\"item\":{\"@type\":\"WebPage\",\"@id\":\"https:\/\/abrelivros.org.br\/site\/\",\"url\":\"https:\/\/abrelivros.org.br\/site\/\",\"name\":\"In\\u00edcio\"}},{\"@type\":\"ListItem\",\"position\":2,\"item\":{\"@type\":\"WebPage\",\"@id\":\"https:\/\/abrelivros.org.br\/site\/category\/noticias\/\",\"url\":\"https:\/\/abrelivros.org.br\/site\/category\/noticias\/\",\"name\":\"Not\\u00edcias\"}},{\"@type\":\"ListItem\",\"position\":3,\"item\":{\"@type\":\"WebPage\",\"@id\":\"https:\/\/abrelivros.org.br\/site\/category\/noticias\/noticias-da-imprensa\/\",\"url\":\"https:\/\/abrelivros.org.br\/site\/category\/noticias\/noticias-da-imprensa\/\",\"name\":\"Not\\u00edcias da imprensa\"}},{\"@type\":\"ListItem\",\"position\":4,\"item\":{\"@type\":\"WebPage\",\"@id\":\"https:\/\/abrelivros.org.br\/site\/consideracoes-sobre-o-painel-do-varejo-de-livros-no-brasil-2020\/\",\"url\":\"https:\/\/abrelivros.org.br\/site\/consideracoes-sobre-o-painel-do-varejo-de-livros-no-brasil-2020\/\",\"name\":\"Considera\\u00e7\\u00f5es sobre o Painel do Varejo de Livros no Brasil 2020\"}}]},{\"@type\":\"Person\",\"@id\":\"https:\/\/abrelivros.org.br\/site\/#\/schema\/person\/65db80e26409802ce15ac5feec6a15fd\",\"name\":\"Reda\\u00e7\\u00e3o Abrelivros\",\"image\":{\"@type\":\"ImageObject\",\"@id\":\"https:\/\/abrelivros.org.br\/site\/#personlogo\",\"inLanguage\":\"pt-BR\",\"url\":\"https:\/\/secure.gravatar.com\/avatar\/c4e57f9c7e3482965bd428192061218520756c39080b1d1820b679fa5e9af192?s=96&d=mm&r=g\",\"caption\":\"Reda\\u00e7\\u00e3o Abrelivros\"}}]}<\/script>\n<!-- \/ Yoast SEO plugin. -->","_links":{"self":[{"href":"https:\/\/abrelivros.org.br\/site\/wp-json\/wp\/v2\/posts\/13147","targetHints":{"allow":["GET"]}}],"collection":[{"href":"https:\/\/abrelivros.org.br\/site\/wp-json\/wp\/v2\/posts"}],"about":[{"href":"https:\/\/abrelivros.org.br\/site\/wp-json\/wp\/v2\/types\/post"}],"author":[{"embeddable":true,"href":"https:\/\/abrelivros.org.br\/site\/wp-json\/wp\/v2\/users\/4"}],"replies":[{"embeddable":true,"href":"https:\/\/abrelivros.org.br\/site\/wp-json\/wp\/v2\/comments?post=13147"}],"version-history":[{"count":1,"href":"https:\/\/abrelivros.org.br\/site\/wp-json\/wp\/v2\/posts\/13147\/revisions"}],"predecessor-version":[{"id":13148,"href":"https:\/\/abrelivros.org.br\/site\/wp-json\/wp\/v2\/posts\/13147\/revisions\/13148"}],"wp:attachment":[{"href":"https:\/\/abrelivros.org.br\/site\/wp-json\/wp\/v2\/media?parent=13147"}],"wp:term":[{"taxonomy":"category","embeddable":true,"href":"https:\/\/abrelivros.org.br\/site\/wp-json\/wp\/v2\/categories?post=13147"},{"taxonomy":"post_tag","embeddable":true,"href":"https:\/\/abrelivros.org.br\/site\/wp-json\/wp\/v2\/tags?post=13147"}],"curies":[{"name":"wp","href":"https:\/\/api.w.org\/{rel}","templated":true}]}}