{"id":13145,"date":"2021-02-08T15:03:56","date_gmt":"2021-02-08T18:03:56","guid":{"rendered":"https:\/\/abrelivros.org.br\/site\/?p=13145"},"modified":"2021-02-09T10:29:51","modified_gmt":"2021-02-09T13:29:51","slug":"o-caminho-das-pedras-das-compras-governamentais","status":"publish","type":"post","link":"https:\/\/abrelivros.org.br\/site\/o-caminho-das-pedras-das-compras-governamentais\/","title":{"rendered":"O caminho das pedras das compras governamentais"},"content":{"rendered":"<p>Segundo a pesquisa Produ\u00e7\u00e3o e Vendas do Setor Editorial Brasileiro, as compras governamentais respondem por um ter\u00e7o do faturamento global da ind\u00fastria do livro no Brasil. Mas qual a import\u00e2ncia dessa modalidade de vendas para os editores? \u00c9 coisa s\u00f3 para editoras grandes? E quais os caminhos das pedras para se acessar os editais?<!--more--> Para responder essas e outras perguntas, o Podcast do PublishNews conversou com Felipe Poletti, diretor comercial da Editora do Brasil, que apurou a metade do seu faturamento com vendas governamentais, e Nat\u00e1lia Vieira, da consultoria Radar de Licita\u00e7\u00f5es, que estar\u00e1 presente no PN+ e que trabalha para ajudar as editoras a encontrar editais.<\/p>\n<p>O Brasil tem quase 40 milh\u00f5es de alunos na rede p\u00fablica e pouco mais de nove milh\u00f5es na rede privada e, segundo Nat\u00e1lia, h\u00e1 uma grande movimenta\u00e7\u00e3o na parte do setor de licita\u00e7\u00f5es para atender a esse p\u00fablico. \u201cTalvez o que a gente tenha acompanhado nos \u00faltimos tr\u00eas anos \u00e9 uma tend\u00eancia das editoras pequenas e m\u00e9dias tamb\u00e9m conseguirem fazer parte dessas sele\u00e7\u00f5es\u201d, destacou. \u201cAgora, n\u00f3s precisamos que essas editoras pequenas e m\u00e9dias consigam ter uma maior capacita\u00e7\u00e3o e um maior trabalho interno, um direcionamento para \u00e1rea de licita\u00e7\u00f5es para que elas se tornem mais competitivas\u201d, completou.<\/p>\n<p>Na Editora do Brasil, as compras governamentais j\u00e1 t\u00eam uma import\u00e2ncia significativa. Segundo Felipe, os principais pontos s\u00e3o separar o PNLD das demais licita\u00e7\u00f5es dos \u00e2mbitos municipal e estadual e focar nas prefeituras. \u201cSe a gente pensar que, por exemplo, a educa\u00e7\u00e3o infantil ainda n\u00e3o \u00e9 atendida em 2021 pelo PNLD \u2013 ela vai passar a ser atendida s\u00f3 em 2022 \u2013, a gente tem um universo de quase quatro milh\u00f5es de estudantes na pr\u00e9-escola, \u00e9 um mercado em potencial enorme que existe nas prefeituras. E \u00e9 importante e necess\u00e1rio esse relacionamento com as redes, voc\u00ea apresentar o livro, o seu cat\u00e1logo, porque muitas vezes essas licita\u00e7\u00f5es v\u00e3o ser desenvolvidas a partir de uma demanda que os pr\u00f3prios editores acabam gerando\u201d, explicou.<\/p>\n<p>Na conversa, Nat\u00e1lia falou sobre o trabalho anterior que deve ser feito pelas editoras que querem ser selecionadas nesses projetos, as estrat\u00e9gias a serem adotadas e a import\u00e2ncia do PNLD liter\u00e1rio. \u201cDepois do PNLD 2018, n\u00f3s vimos uma grande quantidade de pequenas e m\u00e9dias editoras mais engajadas dentro desse setor e se abrindo pra ideia da licita\u00e7\u00e3o\u201d. Nat\u00e1lia acredita ainda que a licita\u00e7\u00e3o exige uma pr\u00e9-estrutura, e explica: \u201cSempre falo que antes de voc\u00ea escolher um edital, voc\u00ea precisa organizar a casa. A editora precisa correr atr\u00e1s da documenta\u00e7\u00e3o necess\u00e1ria para participar de uma licita\u00e7\u00e3o\u201d, processo que exige tempo e investimento e conclui: \u201cPara participar de licita\u00e7\u00e3o, voc\u00ea tem que se preparar. Voc\u00ea tem que identificar os documentos, estar com eles previamente preparados, suas certid\u00f5es, saber onde voc\u00ea quer procurar o tipo de licita\u00e7\u00e3o \u2013 existem v\u00e1rios portais \u2013 ent\u00e3o tem diversas formas dessas editoras participarem, e mais do que isso, elas t\u00eam que identificar o que a gente chama no marketing digit<br \/>\nal de nicho: quais as possibilidades que elas t\u00eam dentro das licita\u00e7\u00f5es\u201d.<\/p>\n","protected":false},"excerpt":{"rendered":"<p>Segundo a pesquisa Produ\u00e7\u00e3o e Vendas do Setor Editorial Brasileiro, as compras governamentais respondem por um ter\u00e7o do faturamento global da ind\u00fastria do livro no Brasil. Mas qual a import\u00e2ncia dessa modalidade de vendas para os editores? \u00c9 coisa s\u00f3 para editoras grandes? E quais os caminhos das pedras para se acessar os editais?<\/p>\n","protected":false},"author":4,"featured_media":0,"comment_status":"closed","ping_status":"closed","sticky":false,"template":"","format":"standard","meta":{"footnotes":"","_links_to":"","_links_to_target":""},"categories":[9,10],"tags":[],"class_list":["post-13145","post","type-post","status-publish","format-standard","hentry","category-noticias-da-imprensa","category-pnld-programa-nacional-do-livro-e-do-material-didatico"],"yoast_head":"<!-- This site is optimized with the Yoast SEO plugin v15.1 - https:\/\/yoast.com\/wordpress\/plugins\/seo\/ -->\n<title>O caminho das pedras das compras governamentais &raquo; Abrelivros<\/title>\n<meta name=\"robots\" content=\"index, follow, max-snippet:-1, max-image-preview:large, max-video-preview:-1\" \/>\n<link rel=\"canonical\" href=\"https:\/\/abrelivros.org.br\/site\/o-caminho-das-pedras-das-compras-governamentais\/\" \/>\n<meta property=\"og:locale\" content=\"pt_BR\" \/>\n<meta property=\"og:type\" content=\"article\" \/>\n<meta property=\"og:title\" content=\"O caminho das pedras das compras governamentais &raquo; Abrelivros\" \/>\n<meta property=\"og:description\" content=\"Segundo a pesquisa Produ\u00e7\u00e3o e Vendas do Setor Editorial Brasileiro, as compras governamentais respondem por um ter\u00e7o do faturamento global da ind\u00fastria do livro no Brasil. Mas qual a import\u00e2ncia dessa modalidade de vendas para os editores? \u00c9 coisa s\u00f3 para editoras grandes? E quais os caminhos das pedras para se acessar os editais?\" \/>\n<meta property=\"og:url\" content=\"https:\/\/abrelivros.org.br\/site\/o-caminho-das-pedras-das-compras-governamentais\/\" \/>\n<meta property=\"og:site_name\" content=\"Abrelivros\" \/>\n<meta property=\"article:published_time\" content=\"2021-02-08T18:03:56+00:00\" \/>\n<meta property=\"article:modified_time\" content=\"2021-02-09T13:29:51+00:00\" \/>\n<meta name=\"twitter:card\" content=\"summary_large_image\" \/>\n<script type=\"application\/ld+json\" class=\"yoast-schema-graph\">{\"@context\":\"https:\/\/schema.org\",\"@graph\":[{\"@type\":\"WebSite\",\"@id\":\"https:\/\/abrelivros.org.br\/site\/#website\",\"url\":\"https:\/\/abrelivros.org.br\/site\/\",\"name\":\"Abrelivros\",\"description\":\"\",\"potentialAction\":[{\"@type\":\"SearchAction\",\"target\":\"https:\/\/abrelivros.org.br\/site\/?s={search_term_string}\",\"query-input\":\"required name=search_term_string\"}],\"inLanguage\":\"pt-BR\"},{\"@type\":\"WebPage\",\"@id\":\"https:\/\/abrelivros.org.br\/site\/o-caminho-das-pedras-das-compras-governamentais\/#webpage\",\"url\":\"https:\/\/abrelivros.org.br\/site\/o-caminho-das-pedras-das-compras-governamentais\/\",\"name\":\"O caminho das pedras das compras governamentais &raquo; Abrelivros\",\"isPartOf\":{\"@id\":\"https:\/\/abrelivros.org.br\/site\/#website\"},\"datePublished\":\"2021-02-08T18:03:56+00:00\",\"dateModified\":\"2021-02-09T13:29:51+00:00\",\"author\":{\"@id\":\"https:\/\/abrelivros.org.br\/site\/#\/schema\/person\/65db80e26409802ce15ac5feec6a15fd\"},\"breadcrumb\":{\"@id\":\"https:\/\/abrelivros.org.br\/site\/o-caminho-das-pedras-das-compras-governamentais\/#breadcrumb\"},\"inLanguage\":\"pt-BR\",\"potentialAction\":[{\"@type\":\"ReadAction\",\"target\":[\"https:\/\/abrelivros.org.br\/site\/o-caminho-das-pedras-das-compras-governamentais\/\"]}]},{\"@type\":\"BreadcrumbList\",\"@id\":\"https:\/\/abrelivros.org.br\/site\/o-caminho-das-pedras-das-compras-governamentais\/#breadcrumb\",\"itemListElement\":[{\"@type\":\"ListItem\",\"position\":1,\"item\":{\"@type\":\"WebPage\",\"@id\":\"https:\/\/abrelivros.org.br\/site\/\",\"url\":\"https:\/\/abrelivros.org.br\/site\/\",\"name\":\"In\\u00edcio\"}},{\"@type\":\"ListItem\",\"position\":2,\"item\":{\"@type\":\"WebPage\",\"@id\":\"https:\/\/abrelivros.org.br\/site\/category\/noticias\/\",\"url\":\"https:\/\/abrelivros.org.br\/site\/category\/noticias\/\",\"name\":\"Not\\u00edcias\"}},{\"@type\":\"ListItem\",\"position\":3,\"item\":{\"@type\":\"WebPage\",\"@id\":\"https:\/\/abrelivros.org.br\/site\/category\/noticias\/noticias-da-imprensa\/\",\"url\":\"https:\/\/abrelivros.org.br\/site\/category\/noticias\/noticias-da-imprensa\/\",\"name\":\"Not\\u00edcias da imprensa\"}},{\"@type\":\"ListItem\",\"position\":4,\"item\":{\"@type\":\"WebPage\",\"@id\":\"https:\/\/abrelivros.org.br\/site\/o-caminho-das-pedras-das-compras-governamentais\/\",\"url\":\"https:\/\/abrelivros.org.br\/site\/o-caminho-das-pedras-das-compras-governamentais\/\",\"name\":\"O caminho das pedras das compras governamentais\"}}]},{\"@type\":\"Person\",\"@id\":\"https:\/\/abrelivros.org.br\/site\/#\/schema\/person\/65db80e26409802ce15ac5feec6a15fd\",\"name\":\"Reda\\u00e7\\u00e3o Abrelivros\",\"image\":{\"@type\":\"ImageObject\",\"@id\":\"https:\/\/abrelivros.org.br\/site\/#personlogo\",\"inLanguage\":\"pt-BR\",\"url\":\"https:\/\/secure.gravatar.com\/avatar\/c4e57f9c7e3482965bd428192061218520756c39080b1d1820b679fa5e9af192?s=96&d=mm&r=g\",\"caption\":\"Reda\\u00e7\\u00e3o Abrelivros\"}}]}<\/script>\n<!-- \/ Yoast SEO plugin. -->","_links":{"self":[{"href":"https:\/\/abrelivros.org.br\/site\/wp-json\/wp\/v2\/posts\/13145","targetHints":{"allow":["GET"]}}],"collection":[{"href":"https:\/\/abrelivros.org.br\/site\/wp-json\/wp\/v2\/posts"}],"about":[{"href":"https:\/\/abrelivros.org.br\/site\/wp-json\/wp\/v2\/types\/post"}],"author":[{"embeddable":true,"href":"https:\/\/abrelivros.org.br\/site\/wp-json\/wp\/v2\/users\/4"}],"replies":[{"embeddable":true,"href":"https:\/\/abrelivros.org.br\/site\/wp-json\/wp\/v2\/comments?post=13145"}],"version-history":[{"count":3,"href":"https:\/\/abrelivros.org.br\/site\/wp-json\/wp\/v2\/posts\/13145\/revisions"}],"predecessor-version":[{"id":13152,"href":"https:\/\/abrelivros.org.br\/site\/wp-json\/wp\/v2\/posts\/13145\/revisions\/13152"}],"wp:attachment":[{"href":"https:\/\/abrelivros.org.br\/site\/wp-json\/wp\/v2\/media?parent=13145"}],"wp:term":[{"taxonomy":"category","embeddable":true,"href":"https:\/\/abrelivros.org.br\/site\/wp-json\/wp\/v2\/categories?post=13145"},{"taxonomy":"post_tag","embeddable":true,"href":"https:\/\/abrelivros.org.br\/site\/wp-json\/wp\/v2\/tags?post=13145"}],"curies":[{"name":"wp","href":"https:\/\/api.w.org\/{rel}","templated":true}]}}