{"id":13143,"date":"2021-02-08T15:00:42","date_gmt":"2021-02-08T18:00:42","guid":{"rendered":"https:\/\/abrelivros.org.br\/site\/?p=13143"},"modified":"2021-02-08T15:00:42","modified_gmt":"2021-02-08T18:00:42","slug":"que-a-opcao-seja-pela-escola-2","status":"publish","type":"post","link":"https:\/\/abrelivros.org.br\/site\/que-a-opcao-seja-pela-escola-2\/","title":{"rendered":"Que a op\u00e7\u00e3o seja pela escola"},"content":{"rendered":"<p>Projeto Poupan\u00e7a Ensino M\u00e9dio \u00e9 resposta urgente para o combate \u00e0 evas\u00e3o<\/p>\n<p>Aos 16 anos, Reyniel Roger de Oliveira n\u00e3o teve alternativa sen\u00e3o abandonar os estudos. Com seu expediente se encerrando \u00e0s 21h, ele n\u00e3o pode conciliar o servi\u00e7o de office boy em uma farm\u00e1cia com o 1\u00ba ano do ensino m\u00e9dio em uma escola estadual no bairro de Santo Amaro, em S\u00e3o Paulo. Entre ajudar sua fam\u00edlia e estudar, Roger ficou com a primeira.<!--more--><\/p>\n<p>A sua hist\u00f3ria, infelizmente, se soma a de milhares de jovens brasileiros. Segundo relat\u00f3rio do Inep, 680 mil jovens entre 15 e 17 anos n\u00e3o frequentaram a escola em 2019. Ainda n\u00e3o temos os dados oficiais referentes a 2020, mas uma pesquisa recente do Datafolha indica a dimens\u00e3o do problema: 10,8% dos estudantes abandonaram o ensino m\u00e9dio no \u00faltimo ano.<\/p>\n<p>Foi procurando uma solu\u00e7\u00e3o para o problema da evas\u00e3o escolar que, na \u00faltima semana, eu apresentei o projeto Poupan\u00e7a Ensino M\u00e9dio.<\/p>\n<p>O objetivo \u00e9 incentivar estudantes em situa\u00e7\u00e3o de pobreza ou extrema pobreza a permanecerem na escola at\u00e9 a conclus\u00e3o de toda a educa\u00e7\u00e3o b\u00e1sica.<\/p>\n<p>A cada s\u00e9rie do ensino m\u00e9dio conclu\u00eddo, o aluno recebe de R$ 500 a R$ 800, al\u00e9m de um b\u00f4nus caso tenha pontua\u00e7\u00e3o igual ou superior \u00e0 m\u00e9dia no Enem.<\/p>\n<p>Esse modelo j\u00e1 foi testado no Programa Renda Melhor Jovem, cuja implementa\u00e7\u00e3o foi iniciada em 2011 pelo governo estadual do Rio de Janeiro, com resultados extremamente positivos. Em sua tese de doutorado, Vitor de Azevedo Pereira enumera, como impactos do programa, uma redu\u00e7\u00e3o consider\u00e1vel da evas\u00e3o escolar e, inclusive, o aumento das notas dos estudantes.<\/p>\n<p>Experi\u00eancias exitosas como essa existem no M\u00e9xico e em Bogot\u00e1 e inspiraram a cria\u00e7\u00e3o de um outro programa aqui no Brasil, o Poupan\u00e7a Escola, da Prefeitura de Niter\u00f3i. O programa foi criado no contexto do Pacto Niter\u00f3i contra a Viol\u00eancia, pois h\u00e1 evid\u00eancias de que uma diminui\u00e7\u00e3o do abandono escolar contribui para a redu\u00e7\u00e3o dos \u00edndices de criminalidade.<\/p>\n<p>Para al\u00e9m do impacto direto na educa\u00e7\u00e3o, projetos como esses garantem ao pa\u00eds um retorno financeiro consider\u00e1vel no longo prazo. Segundo a pesquisa \u201cConsequ\u00eancias da Viola\u00e7\u00e3o do Direito \u00e0 Educa\u00e7\u00e3o\u201d, coordenada pelo economista Ricardo Paes de Barros, n\u00f3s perdemos R$ 214 bilh\u00f5es por ano com os jovens que n\u00e3o concluem a educa\u00e7\u00e3o b\u00e1sica.<\/p>\n<p>Tudo leva a crer que essa perda ser\u00e1 ainda maior com o aumento da evas\u00e3o causado pela pandemia.<\/p>\n<p>Para 2021, o custo estimado do programa que estou propondo \u00e9 de 0,8% do que perdemos com a evas\u00e3o escolar, sendo que, ao longo dos anos, seus custos v\u00e3o diminuindo. Poucas pol\u00edticas p\u00fablicas t\u00eam um custo-benef\u00edcio t\u00e3o bem mensurado e impactante.<\/p>\n<p>Roger, o jovem que abandonou a escola no 1\u00ba ano do ensino m\u00e9dio, tomou agora, aos 26 anos, a corajosa decis\u00e3o de retomar seus estudos.<\/p>\n<p>Ele se arrependeu da escolha de anos atr\u00e1s, pois percebeu que s\u00f3 a educa\u00e7\u00e3o formal lhe dar\u00e1 as oportunidades de que precisa. Infelizmente, no entanto, Roger n\u00e3o pode voltar no tempo, e cada ano que ele esteve fora da escola continuar\u00e1 impactando suas oportunidades, sa\u00fade e bem estar ao longo de toda a sua vida.<\/p>\n<p>A hist\u00f3ria de Roger emociona, mas tamb\u00e9m entristece. Afinal de contas, a nossa sociedade permitiu que um adolescente de 16 anos tivesse que escolher entre sua educa\u00e7\u00e3o e o sustento da sua fam\u00edlia.<\/p>\n<p>Diante de um problema que vem se agravando, precisamos ter a coragem de propor solu\u00e7\u00f5es fora da caixa.<\/p>\n<p>No contexto da pandemia, a aprova\u00e7\u00e3o do projeto Poupan\u00e7a Ensino M\u00e9dio se tornou ainda mais urgente para que possamos garantir aos nossos jovens, de fato, o direito \u00e0 educa\u00e7\u00e3o b\u00e1sica.<\/p>\n<p>&nbsp;<\/p>\n<p>&nbsp;<\/p>\n","protected":false},"excerpt":{"rendered":"<p>Projeto Poupan\u00e7a Ensino M\u00e9dio \u00e9 resposta urgente para o combate \u00e0 evas\u00e3o Aos 16 anos, Reyniel Roger de Oliveira n\u00e3o teve alternativa sen\u00e3o abandonar os estudos. Com seu expediente se encerrando \u00e0s 21h, ele n\u00e3o pode conciliar o servi\u00e7o de office boy em uma farm\u00e1cia com o 1\u00ba ano do ensino m\u00e9dio em uma escola [&hellip;]<\/p>\n","protected":false},"author":4,"featured_media":0,"comment_status":"closed","ping_status":"closed","sticky":false,"template":"","format":"standard","meta":{"footnotes":"","_links_to":"","_links_to_target":""},"categories":[9],"tags":[],"class_list":["post-13143","post","type-post","status-publish","format-standard","hentry","category-noticias-da-imprensa"],"yoast_head":"<!-- This site is optimized with the Yoast SEO plugin v15.1 - https:\/\/yoast.com\/wordpress\/plugins\/seo\/ -->\n<title>Que a op\u00e7\u00e3o seja pela escola &raquo; Abrelivros<\/title>\n<meta name=\"robots\" content=\"index, follow, max-snippet:-1, max-image-preview:large, max-video-preview:-1\" \/>\n<link rel=\"canonical\" href=\"https:\/\/abrelivros.org.br\/site\/que-a-opcao-seja-pela-escola-2\/\" \/>\n<meta property=\"og:locale\" content=\"pt_BR\" \/>\n<meta property=\"og:type\" content=\"article\" \/>\n<meta property=\"og:title\" content=\"Que a op\u00e7\u00e3o seja pela escola &raquo; Abrelivros\" \/>\n<meta property=\"og:description\" content=\"Projeto Poupan\u00e7a Ensino M\u00e9dio \u00e9 resposta urgente para o combate \u00e0 evas\u00e3o Aos 16 anos, Reyniel Roger de Oliveira n\u00e3o teve alternativa sen\u00e3o abandonar os estudos. Com seu expediente se encerrando \u00e0s 21h, ele n\u00e3o pode conciliar o servi\u00e7o de office boy em uma farm\u00e1cia com o 1\u00ba ano do ensino m\u00e9dio em uma escola [&hellip;]\" \/>\n<meta property=\"og:url\" content=\"https:\/\/abrelivros.org.br\/site\/que-a-opcao-seja-pela-escola-2\/\" \/>\n<meta property=\"og:site_name\" content=\"Abrelivros\" \/>\n<meta property=\"article:published_time\" content=\"2021-02-08T18:00:42+00:00\" \/>\n<meta name=\"twitter:card\" content=\"summary_large_image\" \/>\n<script type=\"application\/ld+json\" class=\"yoast-schema-graph\">{\"@context\":\"https:\/\/schema.org\",\"@graph\":[{\"@type\":\"WebSite\",\"@id\":\"https:\/\/abrelivros.org.br\/site\/#website\",\"url\":\"https:\/\/abrelivros.org.br\/site\/\",\"name\":\"Abrelivros\",\"description\":\"\",\"potentialAction\":[{\"@type\":\"SearchAction\",\"target\":\"https:\/\/abrelivros.org.br\/site\/?s={search_term_string}\",\"query-input\":\"required name=search_term_string\"}],\"inLanguage\":\"pt-BR\"},{\"@type\":\"WebPage\",\"@id\":\"https:\/\/abrelivros.org.br\/site\/que-a-opcao-seja-pela-escola-2\/#webpage\",\"url\":\"https:\/\/abrelivros.org.br\/site\/que-a-opcao-seja-pela-escola-2\/\",\"name\":\"Que a op\\u00e7\\u00e3o seja pela escola &raquo; Abrelivros\",\"isPartOf\":{\"@id\":\"https:\/\/abrelivros.org.br\/site\/#website\"},\"datePublished\":\"2021-02-08T18:00:42+00:00\",\"dateModified\":\"2021-02-08T18:00:42+00:00\",\"author\":{\"@id\":\"https:\/\/abrelivros.org.br\/site\/#\/schema\/person\/65db80e26409802ce15ac5feec6a15fd\"},\"breadcrumb\":{\"@id\":\"https:\/\/abrelivros.org.br\/site\/que-a-opcao-seja-pela-escola-2\/#breadcrumb\"},\"inLanguage\":\"pt-BR\",\"potentialAction\":[{\"@type\":\"ReadAction\",\"target\":[\"https:\/\/abrelivros.org.br\/site\/que-a-opcao-seja-pela-escola-2\/\"]}]},{\"@type\":\"BreadcrumbList\",\"@id\":\"https:\/\/abrelivros.org.br\/site\/que-a-opcao-seja-pela-escola-2\/#breadcrumb\",\"itemListElement\":[{\"@type\":\"ListItem\",\"position\":1,\"item\":{\"@type\":\"WebPage\",\"@id\":\"https:\/\/abrelivros.org.br\/site\/\",\"url\":\"https:\/\/abrelivros.org.br\/site\/\",\"name\":\"In\\u00edcio\"}},{\"@type\":\"ListItem\",\"position\":2,\"item\":{\"@type\":\"WebPage\",\"@id\":\"https:\/\/abrelivros.org.br\/site\/category\/noticias\/\",\"url\":\"https:\/\/abrelivros.org.br\/site\/category\/noticias\/\",\"name\":\"Not\\u00edcias\"}},{\"@type\":\"ListItem\",\"position\":3,\"item\":{\"@type\":\"WebPage\",\"@id\":\"https:\/\/abrelivros.org.br\/site\/category\/noticias\/noticias-da-imprensa\/\",\"url\":\"https:\/\/abrelivros.org.br\/site\/category\/noticias\/noticias-da-imprensa\/\",\"name\":\"Not\\u00edcias da imprensa\"}},{\"@type\":\"ListItem\",\"position\":4,\"item\":{\"@type\":\"WebPage\",\"@id\":\"https:\/\/abrelivros.org.br\/site\/que-a-opcao-seja-pela-escola-2\/\",\"url\":\"https:\/\/abrelivros.org.br\/site\/que-a-opcao-seja-pela-escola-2\/\",\"name\":\"Que a op\\u00e7\\u00e3o seja pela escola\"}}]},{\"@type\":\"Person\",\"@id\":\"https:\/\/abrelivros.org.br\/site\/#\/schema\/person\/65db80e26409802ce15ac5feec6a15fd\",\"name\":\"Reda\\u00e7\\u00e3o Abrelivros\",\"image\":{\"@type\":\"ImageObject\",\"@id\":\"https:\/\/abrelivros.org.br\/site\/#personlogo\",\"inLanguage\":\"pt-BR\",\"url\":\"https:\/\/secure.gravatar.com\/avatar\/c4e57f9c7e3482965bd428192061218520756c39080b1d1820b679fa5e9af192?s=96&d=mm&r=g\",\"caption\":\"Reda\\u00e7\\u00e3o Abrelivros\"}}]}<\/script>\n<!-- \/ Yoast SEO plugin. -->","_links":{"self":[{"href":"https:\/\/abrelivros.org.br\/site\/wp-json\/wp\/v2\/posts\/13143","targetHints":{"allow":["GET"]}}],"collection":[{"href":"https:\/\/abrelivros.org.br\/site\/wp-json\/wp\/v2\/posts"}],"about":[{"href":"https:\/\/abrelivros.org.br\/site\/wp-json\/wp\/v2\/types\/post"}],"author":[{"embeddable":true,"href":"https:\/\/abrelivros.org.br\/site\/wp-json\/wp\/v2\/users\/4"}],"replies":[{"embeddable":true,"href":"https:\/\/abrelivros.org.br\/site\/wp-json\/wp\/v2\/comments?post=13143"}],"version-history":[{"count":1,"href":"https:\/\/abrelivros.org.br\/site\/wp-json\/wp\/v2\/posts\/13143\/revisions"}],"predecessor-version":[{"id":13144,"href":"https:\/\/abrelivros.org.br\/site\/wp-json\/wp\/v2\/posts\/13143\/revisions\/13144"}],"wp:attachment":[{"href":"https:\/\/abrelivros.org.br\/site\/wp-json\/wp\/v2\/media?parent=13143"}],"wp:term":[{"taxonomy":"category","embeddable":true,"href":"https:\/\/abrelivros.org.br\/site\/wp-json\/wp\/v2\/categories?post=13143"},{"taxonomy":"post_tag","embeddable":true,"href":"https:\/\/abrelivros.org.br\/site\/wp-json\/wp\/v2\/tags?post=13143"}],"curies":[{"name":"wp","href":"https:\/\/api.w.org\/{rel}","templated":true}]}}