{"id":13133,"date":"2021-02-05T15:35:13","date_gmt":"2021-02-05T18:35:13","guid":{"rendered":"https:\/\/abrelivros.org.br\/site\/?p=13133"},"modified":"2021-02-05T15:35:13","modified_gmt":"2021-02-05T18:35:13","slug":"presidente-do-fnde-garante-ao-presidente-da-frente-parlamentar-do-livro-que-pnld-nao-tera-atrasos","status":"publish","type":"post","link":"https:\/\/abrelivros.org.br\/site\/presidente-do-fnde-garante-ao-presidente-da-frente-parlamentar-do-livro-que-pnld-nao-tera-atrasos\/","title":{"rendered":"Presidente do FNDE garante ao presidente da Frente Parlamentar do Livro que PNLD n\u00e3o ter\u00e1 atrasos"},"content":{"rendered":"<p>Nessa quinta-feira (04), o presidente da Frente Parlamentar Mista em Defesa do Livro, o senador Jean Paul Prates, esteve com o presidente do Fundo Nacional do Desenvolvimento da Educa\u00e7\u00e3o (FNDE), Marcelo Lopes da Ponte, para apresentar algumas pautas do mercado de livros.<!--more--><\/p>\n<p>Boa parte da conversa girou em torno do Programa Nacional do Livro e do Material Did\u00e1tico (PNLD). O presidente informou ao parlamentar que 95% dos livros comprados para abastecer escolas e alunos em 2021 j\u00e1 foram distribu\u00eddos e garantiu que est\u00e1 mantido o calend\u00e1rio de pagamentos \u00e0s editoras, um temor por parte do setor. \u201cEstamos bastante preocupados com a situa\u00e7\u00e3o financeira das pequenas e m\u00e9dias editoras no pa\u00eds\u201d, disse o senador. \u201c\u00c9 importante que n\u00e3o aconte\u00e7am atrasos no pagamento. Esses recursos podem garantir a sobreviv\u00eancia de muitas editoras\u201d, concluiu Jean Paul Prates.<\/p>\n<p>O PNLD Liter\u00e1rio tamb\u00e9m foi alvo da conversa entre os dois. A edi\u00e7\u00e3o de 2021 abre inscri\u00e7\u00f5es no pr\u00f3ximo dia 1\u00ba e o edital trouxe uma exig\u00eancia que tem tirado o sono de muitos editores: para cada livro apresentado, \u00e9 necess\u00e1ria a apresenta\u00e7\u00e3o, no ato da inscri\u00e7\u00e3o, de v\u00eddeos relativos \u00e0s obras que apresentar\u00e3o no certame. Os v\u00eddeos t\u00eam car\u00e1ter eliminat\u00f3rio.<\/p>\n<p>H\u00e1 relatos que editores est\u00e3o gastando dezenas de milhares de reais na produ\u00e7\u00e3o desses v\u00eddeos, sem saber se ter\u00e3o a obra escolhida ou n\u00e3o. \u00c9 uma aposta alta nesse momento de crise. O senador informou ao PublishNews que apresentou essa demanda ao presidente do FNDE, que disse estar sens\u00edvel \u00e0 causa e que avaliar\u00e1 a mudan\u00e7a. No entanto, n\u00e3o h\u00e1 sinais claros de que essa regra ser\u00e1 flexibilizada.<\/p>\n","protected":false},"excerpt":{"rendered":"<p>Nessa quinta-feira (04), o presidente da Frente Parlamentar Mista em Defesa do Livro, o senador Jean Paul Prates, esteve com o presidente do Fundo Nacional do Desenvolvimento da Educa\u00e7\u00e3o (FNDE), Marcelo Lopes da Ponte, para apresentar algumas pautas do mercado de livros.<\/p>\n","protected":false},"author":4,"featured_media":0,"comment_status":"closed","ping_status":"closed","sticky":false,"template":"","format":"standard","meta":{"footnotes":"","_links_to":"","_links_to_target":""},"categories":[9,10],"tags":[],"class_list":["post-13133","post","type-post","status-publish","format-standard","hentry","category-noticias-da-imprensa","category-pnld-programa-nacional-do-livro-e-do-material-didatico"],"yoast_head":"<!-- This site is optimized with the Yoast SEO plugin v15.1 - https:\/\/yoast.com\/wordpress\/plugins\/seo\/ -->\n<title>Presidente do FNDE garante ao presidente da Frente Parlamentar do Livro que PNLD n\u00e3o ter\u00e1 atrasos &raquo; Abrelivros<\/title>\n<meta name=\"robots\" content=\"index, follow, max-snippet:-1, max-image-preview:large, max-video-preview:-1\" \/>\n<link rel=\"canonical\" href=\"https:\/\/abrelivros.org.br\/site\/presidente-do-fnde-garante-ao-presidente-da-frente-parlamentar-do-livro-que-pnld-nao-tera-atrasos\/\" \/>\n<meta property=\"og:locale\" content=\"pt_BR\" \/>\n<meta property=\"og:type\" content=\"article\" \/>\n<meta property=\"og:title\" content=\"Presidente do FNDE garante ao presidente da Frente Parlamentar do Livro que PNLD n\u00e3o ter\u00e1 atrasos &raquo; Abrelivros\" \/>\n<meta property=\"og:description\" content=\"Nessa quinta-feira (04), o presidente da Frente Parlamentar Mista em Defesa do Livro, o senador Jean Paul Prates, esteve com o presidente do Fundo Nacional do Desenvolvimento da Educa\u00e7\u00e3o (FNDE), Marcelo Lopes da Ponte, para apresentar algumas pautas do mercado de livros.\" \/>\n<meta property=\"og:url\" content=\"https:\/\/abrelivros.org.br\/site\/presidente-do-fnde-garante-ao-presidente-da-frente-parlamentar-do-livro-que-pnld-nao-tera-atrasos\/\" \/>\n<meta property=\"og:site_name\" content=\"Abrelivros\" \/>\n<meta property=\"article:published_time\" content=\"2021-02-05T18:35:13+00:00\" \/>\n<meta name=\"twitter:card\" content=\"summary_large_image\" \/>\n<script type=\"application\/ld+json\" class=\"yoast-schema-graph\">{\"@context\":\"https:\/\/schema.org\",\"@graph\":[{\"@type\":\"WebSite\",\"@id\":\"https:\/\/abrelivros.org.br\/site\/#website\",\"url\":\"https:\/\/abrelivros.org.br\/site\/\",\"name\":\"Abrelivros\",\"description\":\"\",\"potentialAction\":[{\"@type\":\"SearchAction\",\"target\":\"https:\/\/abrelivros.org.br\/site\/?s={search_term_string}\",\"query-input\":\"required name=search_term_string\"}],\"inLanguage\":\"pt-BR\"},{\"@type\":\"WebPage\",\"@id\":\"https:\/\/abrelivros.org.br\/site\/presidente-do-fnde-garante-ao-presidente-da-frente-parlamentar-do-livro-que-pnld-nao-tera-atrasos\/#webpage\",\"url\":\"https:\/\/abrelivros.org.br\/site\/presidente-do-fnde-garante-ao-presidente-da-frente-parlamentar-do-livro-que-pnld-nao-tera-atrasos\/\",\"name\":\"Presidente do FNDE garante ao presidente da Frente Parlamentar do Livro que PNLD n\\u00e3o ter\\u00e1 atrasos &raquo; Abrelivros\",\"isPartOf\":{\"@id\":\"https:\/\/abrelivros.org.br\/site\/#website\"},\"datePublished\":\"2021-02-05T18:35:13+00:00\",\"dateModified\":\"2021-02-05T18:35:13+00:00\",\"author\":{\"@id\":\"https:\/\/abrelivros.org.br\/site\/#\/schema\/person\/65db80e26409802ce15ac5feec6a15fd\"},\"breadcrumb\":{\"@id\":\"https:\/\/abrelivros.org.br\/site\/presidente-do-fnde-garante-ao-presidente-da-frente-parlamentar-do-livro-que-pnld-nao-tera-atrasos\/#breadcrumb\"},\"inLanguage\":\"pt-BR\",\"potentialAction\":[{\"@type\":\"ReadAction\",\"target\":[\"https:\/\/abrelivros.org.br\/site\/presidente-do-fnde-garante-ao-presidente-da-frente-parlamentar-do-livro-que-pnld-nao-tera-atrasos\/\"]}]},{\"@type\":\"BreadcrumbList\",\"@id\":\"https:\/\/abrelivros.org.br\/site\/presidente-do-fnde-garante-ao-presidente-da-frente-parlamentar-do-livro-que-pnld-nao-tera-atrasos\/#breadcrumb\",\"itemListElement\":[{\"@type\":\"ListItem\",\"position\":1,\"item\":{\"@type\":\"WebPage\",\"@id\":\"https:\/\/abrelivros.org.br\/site\/\",\"url\":\"https:\/\/abrelivros.org.br\/site\/\",\"name\":\"In\\u00edcio\"}},{\"@type\":\"ListItem\",\"position\":2,\"item\":{\"@type\":\"WebPage\",\"@id\":\"https:\/\/abrelivros.org.br\/site\/category\/noticias\/\",\"url\":\"https:\/\/abrelivros.org.br\/site\/category\/noticias\/\",\"name\":\"Not\\u00edcias\"}},{\"@type\":\"ListItem\",\"position\":3,\"item\":{\"@type\":\"WebPage\",\"@id\":\"https:\/\/abrelivros.org.br\/site\/category\/noticias\/noticias-da-imprensa\/\",\"url\":\"https:\/\/abrelivros.org.br\/site\/category\/noticias\/noticias-da-imprensa\/\",\"name\":\"Not\\u00edcias da imprensa\"}},{\"@type\":\"ListItem\",\"position\":4,\"item\":{\"@type\":\"WebPage\",\"@id\":\"https:\/\/abrelivros.org.br\/site\/presidente-do-fnde-garante-ao-presidente-da-frente-parlamentar-do-livro-que-pnld-nao-tera-atrasos\/\",\"url\":\"https:\/\/abrelivros.org.br\/site\/presidente-do-fnde-garante-ao-presidente-da-frente-parlamentar-do-livro-que-pnld-nao-tera-atrasos\/\",\"name\":\"Presidente do FNDE garante ao presidente da Frente Parlamentar do Livro que PNLD n\\u00e3o ter\\u00e1 atrasos\"}}]},{\"@type\":\"Person\",\"@id\":\"https:\/\/abrelivros.org.br\/site\/#\/schema\/person\/65db80e26409802ce15ac5feec6a15fd\",\"name\":\"Reda\\u00e7\\u00e3o Abrelivros\",\"image\":{\"@type\":\"ImageObject\",\"@id\":\"https:\/\/abrelivros.org.br\/site\/#personlogo\",\"inLanguage\":\"pt-BR\",\"url\":\"https:\/\/secure.gravatar.com\/avatar\/c4e57f9c7e3482965bd428192061218520756c39080b1d1820b679fa5e9af192?s=96&d=mm&r=g\",\"caption\":\"Reda\\u00e7\\u00e3o Abrelivros\"}}]}<\/script>\n<!-- \/ Yoast SEO plugin. -->","_links":{"self":[{"href":"https:\/\/abrelivros.org.br\/site\/wp-json\/wp\/v2\/posts\/13133","targetHints":{"allow":["GET"]}}],"collection":[{"href":"https:\/\/abrelivros.org.br\/site\/wp-json\/wp\/v2\/posts"}],"about":[{"href":"https:\/\/abrelivros.org.br\/site\/wp-json\/wp\/v2\/types\/post"}],"author":[{"embeddable":true,"href":"https:\/\/abrelivros.org.br\/site\/wp-json\/wp\/v2\/users\/4"}],"replies":[{"embeddable":true,"href":"https:\/\/abrelivros.org.br\/site\/wp-json\/wp\/v2\/comments?post=13133"}],"version-history":[{"count":1,"href":"https:\/\/abrelivros.org.br\/site\/wp-json\/wp\/v2\/posts\/13133\/revisions"}],"predecessor-version":[{"id":13134,"href":"https:\/\/abrelivros.org.br\/site\/wp-json\/wp\/v2\/posts\/13133\/revisions\/13134"}],"wp:attachment":[{"href":"https:\/\/abrelivros.org.br\/site\/wp-json\/wp\/v2\/media?parent=13133"}],"wp:term":[{"taxonomy":"category","embeddable":true,"href":"https:\/\/abrelivros.org.br\/site\/wp-json\/wp\/v2\/categories?post=13133"},{"taxonomy":"post_tag","embeddable":true,"href":"https:\/\/abrelivros.org.br\/site\/wp-json\/wp\/v2\/tags?post=13133"}],"curies":[{"name":"wp","href":"https:\/\/api.w.org\/{rel}","templated":true}]}}