{"id":13131,"date":"2021-02-05T15:30:59","date_gmt":"2021-02-05T18:30:59","guid":{"rendered":"https:\/\/abrelivros.org.br\/site\/?p=13131"},"modified":"2021-02-05T15:30:59","modified_gmt":"2021-02-05T18:30:59","slug":"projeto-inclui-educacao-entre-atividades-essenciais-que-nao-podem-parar-na-pandemia","status":"publish","type":"post","link":"https:\/\/abrelivros.org.br\/site\/projeto-inclui-educacao-entre-atividades-essenciais-que-nao-podem-parar-na-pandemia\/","title":{"rendered":"Projeto inclui educa\u00e7\u00e3o entre atividades essenciais que n\u00e3o podem parar na pandemia"},"content":{"rendered":"<p>Proposta em tramita\u00e7\u00e3o na C\u00e2mara dos Deputados pretende incluir a educa\u00e7\u00e3o no rol das atividades essenciais, conforme estabelecido na <a href=\"https:\/\/www2.camara.leg.br\/legin\/fed\/lei\/2020\/lei-13979-6-fevereiro-2020-789744-norma-pl.html\" target=\"_blank\" rel=\"noopener noreferrer\">Lei 13979\/20<\/a>, que trata das medidas para enfrentamento da emerg\u00eancia de sa\u00fade p\u00fablica internacional, decorrente da pandemia de Covid-19. O Projeto de Lei 5594\/20 \u00e9 assinado pelas deputadas <a href=\"https:\/\/www.camara.leg.br\/deputados\/204528\" target=\"_blank\" rel=\"noopener noreferrer\">Adriana Ventura (Novo-SP)<\/a>, <a href=\"https:\/\/www.camara.leg.br\/deputados\/204377\" target=\"_blank\" rel=\"noopener noreferrer\">Paula Belmonte (Cidadania-DF)<\/a> e <a href=\"https:\/\/www.camara.leg.br\/deputados\/204400\" target=\"_blank\" rel=\"noopener noreferrer\">Aline Sleutjes (PSL-PR)<\/a>.<!--more--><\/p>\n<p>As deputadas afirmam que a proposta pretende garantir o retorno do ensino presencial, com o argumento de que o tempo de fechamento de escolas em raz\u00e3o da pandemia \u00e9 maior no Brasil do que nas principais na\u00e7\u00f5es do mundo.<\/p>\n<p>\u201cAl\u00e9m disso, a OCDE publicou estudo mostrando a rela\u00e7\u00e3o entre a interrup\u00e7\u00e3o das aulas e o ac\u00famulo de perda de habilidades e reflexo na produtividade do pa\u00eds; a interrup\u00e7\u00e3o produzir\u00e1 um gap educacional que dever\u00e1 ser sentido ao longo de d\u00e9cadas\u201d, observam as autoras.<\/p>\n<p><strong>Sem internet<\/strong><\/p>\n<p>Para elas, ainda que as atividades escolares estejam sendo operacionalizadas de forma remota, \u00e9 importante lembrar que o Brasil tem 4,8 milh\u00f5es de crian\u00e7as e adolescentes sem internet em casa. \u201cIsso evidencia que h\u00e1 uma clara limita\u00e7\u00e3o na ado\u00e7\u00e3o do ensino remoto, dada a realidade observada no pa\u00eds\u201d, observam.<\/p>\n<p>A proposta inclui todas as formas de educa\u00e7\u00e3o, p\u00fablica e privada, no \u00e2mbito municipal, distrital, estadual e federal, relacionadas \u00e0 educa\u00e7\u00e3o infantil, ensino fundamental, ensino m\u00e9dio, Educa\u00e7\u00e3o de Jovens Adultos (EJA), ensino t\u00e9cnico e ensino superior.<\/p>\n<p><a href=\"https:\/\/www.camara.leg.br\/noticias\/573454-SAIBA-MAIS-SOBRE-A-TRAMITACAO-DE-PROJETOS-DE-LEI\" target=\"_blank\" rel=\"noopener noreferrer\">Saiba mais sobre a tramita\u00e7\u00e3o de projetos de lei<\/a><\/p>\n","protected":false},"excerpt":{"rendered":"<p>Proposta em tramita\u00e7\u00e3o na C\u00e2mara dos Deputados pretende incluir a educa\u00e7\u00e3o no rol das atividades essenciais, conforme estabelecido na Lei 13979\/20, que trata das medidas para enfrentamento da emerg\u00eancia de sa\u00fade p\u00fablica internacional, decorrente da pandemia de Covid-19. O Projeto de Lei 5594\/20 \u00e9 assinado pelas deputadas Adriana Ventura (Novo-SP), Paula Belmonte (Cidadania-DF) e Aline [&hellip;]<\/p>\n","protected":false},"author":4,"featured_media":0,"comment_status":"closed","ping_status":"closed","sticky":false,"template":"","format":"standard","meta":{"footnotes":"","_links_to":"","_links_to_target":""},"categories":[9],"tags":[],"class_list":["post-13131","post","type-post","status-publish","format-standard","hentry","category-noticias-da-imprensa"],"yoast_head":"<!-- This site is optimized with the Yoast SEO plugin v15.1 - https:\/\/yoast.com\/wordpress\/plugins\/seo\/ -->\n<title>Projeto inclui educa\u00e7\u00e3o entre atividades essenciais que n\u00e3o podem parar na pandemia &raquo; Abrelivros<\/title>\n<meta name=\"robots\" content=\"index, follow, max-snippet:-1, max-image-preview:large, max-video-preview:-1\" \/>\n<link rel=\"canonical\" href=\"https:\/\/abrelivros.org.br\/site\/projeto-inclui-educacao-entre-atividades-essenciais-que-nao-podem-parar-na-pandemia\/\" \/>\n<meta property=\"og:locale\" content=\"pt_BR\" \/>\n<meta property=\"og:type\" content=\"article\" \/>\n<meta property=\"og:title\" content=\"Projeto inclui educa\u00e7\u00e3o entre atividades essenciais que n\u00e3o podem parar na pandemia &raquo; Abrelivros\" \/>\n<meta property=\"og:description\" content=\"Proposta em tramita\u00e7\u00e3o na C\u00e2mara dos Deputados pretende incluir a educa\u00e7\u00e3o no rol das atividades essenciais, conforme estabelecido na Lei 13979\/20, que trata das medidas para enfrentamento da emerg\u00eancia de sa\u00fade p\u00fablica internacional, decorrente da pandemia de Covid-19. O Projeto de Lei 5594\/20 \u00e9 assinado pelas deputadas Adriana Ventura (Novo-SP), Paula Belmonte (Cidadania-DF) e Aline [&hellip;]\" \/>\n<meta property=\"og:url\" content=\"https:\/\/abrelivros.org.br\/site\/projeto-inclui-educacao-entre-atividades-essenciais-que-nao-podem-parar-na-pandemia\/\" \/>\n<meta property=\"og:site_name\" content=\"Abrelivros\" \/>\n<meta property=\"article:published_time\" content=\"2021-02-05T18:30:59+00:00\" \/>\n<meta name=\"twitter:card\" content=\"summary_large_image\" \/>\n<script type=\"application\/ld+json\" class=\"yoast-schema-graph\">{\"@context\":\"https:\/\/schema.org\",\"@graph\":[{\"@type\":\"WebSite\",\"@id\":\"https:\/\/abrelivros.org.br\/site\/#website\",\"url\":\"https:\/\/abrelivros.org.br\/site\/\",\"name\":\"Abrelivros\",\"description\":\"\",\"potentialAction\":[{\"@type\":\"SearchAction\",\"target\":\"https:\/\/abrelivros.org.br\/site\/?s={search_term_string}\",\"query-input\":\"required name=search_term_string\"}],\"inLanguage\":\"pt-BR\"},{\"@type\":\"WebPage\",\"@id\":\"https:\/\/abrelivros.org.br\/site\/projeto-inclui-educacao-entre-atividades-essenciais-que-nao-podem-parar-na-pandemia\/#webpage\",\"url\":\"https:\/\/abrelivros.org.br\/site\/projeto-inclui-educacao-entre-atividades-essenciais-que-nao-podem-parar-na-pandemia\/\",\"name\":\"Projeto inclui educa\\u00e7\\u00e3o entre atividades essenciais que n\\u00e3o podem parar na pandemia &raquo; Abrelivros\",\"isPartOf\":{\"@id\":\"https:\/\/abrelivros.org.br\/site\/#website\"},\"datePublished\":\"2021-02-05T18:30:59+00:00\",\"dateModified\":\"2021-02-05T18:30:59+00:00\",\"author\":{\"@id\":\"https:\/\/abrelivros.org.br\/site\/#\/schema\/person\/65db80e26409802ce15ac5feec6a15fd\"},\"breadcrumb\":{\"@id\":\"https:\/\/abrelivros.org.br\/site\/projeto-inclui-educacao-entre-atividades-essenciais-que-nao-podem-parar-na-pandemia\/#breadcrumb\"},\"inLanguage\":\"pt-BR\",\"potentialAction\":[{\"@type\":\"ReadAction\",\"target\":[\"https:\/\/abrelivros.org.br\/site\/projeto-inclui-educacao-entre-atividades-essenciais-que-nao-podem-parar-na-pandemia\/\"]}]},{\"@type\":\"BreadcrumbList\",\"@id\":\"https:\/\/abrelivros.org.br\/site\/projeto-inclui-educacao-entre-atividades-essenciais-que-nao-podem-parar-na-pandemia\/#breadcrumb\",\"itemListElement\":[{\"@type\":\"ListItem\",\"position\":1,\"item\":{\"@type\":\"WebPage\",\"@id\":\"https:\/\/abrelivros.org.br\/site\/\",\"url\":\"https:\/\/abrelivros.org.br\/site\/\",\"name\":\"In\\u00edcio\"}},{\"@type\":\"ListItem\",\"position\":2,\"item\":{\"@type\":\"WebPage\",\"@id\":\"https:\/\/abrelivros.org.br\/site\/category\/noticias\/\",\"url\":\"https:\/\/abrelivros.org.br\/site\/category\/noticias\/\",\"name\":\"Not\\u00edcias\"}},{\"@type\":\"ListItem\",\"position\":3,\"item\":{\"@type\":\"WebPage\",\"@id\":\"https:\/\/abrelivros.org.br\/site\/category\/noticias\/noticias-da-imprensa\/\",\"url\":\"https:\/\/abrelivros.org.br\/site\/category\/noticias\/noticias-da-imprensa\/\",\"name\":\"Not\\u00edcias da imprensa\"}},{\"@type\":\"ListItem\",\"position\":4,\"item\":{\"@type\":\"WebPage\",\"@id\":\"https:\/\/abrelivros.org.br\/site\/projeto-inclui-educacao-entre-atividades-essenciais-que-nao-podem-parar-na-pandemia\/\",\"url\":\"https:\/\/abrelivros.org.br\/site\/projeto-inclui-educacao-entre-atividades-essenciais-que-nao-podem-parar-na-pandemia\/\",\"name\":\"Projeto inclui educa\\u00e7\\u00e3o entre atividades essenciais que n\\u00e3o podem parar na pandemia\"}}]},{\"@type\":\"Person\",\"@id\":\"https:\/\/abrelivros.org.br\/site\/#\/schema\/person\/65db80e26409802ce15ac5feec6a15fd\",\"name\":\"Reda\\u00e7\\u00e3o Abrelivros\",\"image\":{\"@type\":\"ImageObject\",\"@id\":\"https:\/\/abrelivros.org.br\/site\/#personlogo\",\"inLanguage\":\"pt-BR\",\"url\":\"https:\/\/secure.gravatar.com\/avatar\/c4e57f9c7e3482965bd428192061218520756c39080b1d1820b679fa5e9af192?s=96&d=mm&r=g\",\"caption\":\"Reda\\u00e7\\u00e3o Abrelivros\"}}]}<\/script>\n<!-- \/ Yoast SEO plugin. -->","_links":{"self":[{"href":"https:\/\/abrelivros.org.br\/site\/wp-json\/wp\/v2\/posts\/13131","targetHints":{"allow":["GET"]}}],"collection":[{"href":"https:\/\/abrelivros.org.br\/site\/wp-json\/wp\/v2\/posts"}],"about":[{"href":"https:\/\/abrelivros.org.br\/site\/wp-json\/wp\/v2\/types\/post"}],"author":[{"embeddable":true,"href":"https:\/\/abrelivros.org.br\/site\/wp-json\/wp\/v2\/users\/4"}],"replies":[{"embeddable":true,"href":"https:\/\/abrelivros.org.br\/site\/wp-json\/wp\/v2\/comments?post=13131"}],"version-history":[{"count":1,"href":"https:\/\/abrelivros.org.br\/site\/wp-json\/wp\/v2\/posts\/13131\/revisions"}],"predecessor-version":[{"id":13132,"href":"https:\/\/abrelivros.org.br\/site\/wp-json\/wp\/v2\/posts\/13131\/revisions\/13132"}],"wp:attachment":[{"href":"https:\/\/abrelivros.org.br\/site\/wp-json\/wp\/v2\/media?parent=13131"}],"wp:term":[{"taxonomy":"category","embeddable":true,"href":"https:\/\/abrelivros.org.br\/site\/wp-json\/wp\/v2\/categories?post=13131"},{"taxonomy":"post_tag","embeddable":true,"href":"https:\/\/abrelivros.org.br\/site\/wp-json\/wp\/v2\/tags?post=13131"}],"curies":[{"name":"wp","href":"https:\/\/api.w.org\/{rel}","templated":true}]}}