{"id":13116,"date":"2021-02-04T15:42:08","date_gmt":"2021-02-04T18:42:08","guid":{"rendered":"https:\/\/abrelivros.org.br\/site\/?p=13116"},"modified":"2021-02-04T15:42:08","modified_gmt":"2021-02-04T18:42:08","slug":"alfabetizacao-em-tempos-de-pandemia-o-que-mudou","status":"publish","type":"post","link":"https:\/\/abrelivros.org.br\/site\/alfabetizacao-em-tempos-de-pandemia-o-que-mudou\/","title":{"rendered":"Alfabetiza\u00e7\u00e3o em tempos de pandemia: o que mudou?"},"content":{"rendered":"<p>Entre os tantos desafios colocados pela pandemia \u00e0 forma\u00e7\u00e3o educacional, a alfabetiza\u00e7\u00e3o \u00e9 certamente uma das maiores preocupa\u00e7\u00f5es das fam\u00edlias e das escolas. Se esse sempre foi um dos temas mais importantes da educa\u00e7\u00e3o b\u00e1sica, as aulas remotas e o distanciamento social tornaram a quest\u00e3o ainda mais complexa.<!--more--><\/p>\n<p>A alfabetiza\u00e7\u00e3o \u00e9 um processo longo, cont\u00ednuo e que n\u00e3o possui in\u00edcio em um determinado momento espec\u00edfico, igual para todas as crian\u00e7as. Mesmo que a passagem da Educa\u00e7\u00e3o Infantil para o Ensino Fundamental seja um marco significativo nesse sentido, as crian\u00e7as come\u00e7am a se alfabetizar logo cedo, quando passam a perceber o mundo e a querer entender tudo aquilo que est\u00e1 \u00e0 sua volta.<\/p>\n<p>S\u00e3o muitas as situa\u00e7\u00f5es cotidianas que despertam o interesse dos pequenos em descobrir e exercitar diferentes formas de se expressar por meio da linguagens, dentre as quais a escrita e a leitura s\u00e3o algumas das mais fascinantes \u2013 e, claro, indispens\u00e1veis em nossa sociedade.<\/p>\n<p>Miruna Kayano, coordenadora do Ensino Fundamental I da Escola Vila, conta que a literatura \u00e9 um dos pilares fundamentais no processo de alfabetiza\u00e7\u00e3o da Vila, por meio do qual as crian\u00e7as s\u00e3o introduzidas \u00e0 cultura escrita. Muito do trabalho que \u00e9 desenvolvido ao longo dos primeiros anos do Ensino Fundamental vem de aspectos j\u00e1 introduzidos anteriormente, na Educa\u00e7\u00e3o Infantil.<\/p>\n<p>Alfabetizar n\u00e3o significa apenas ensinar os alunos e alunas a ler e escrever corretamente, mas tamb\u00e9m ajud\u00e1-los a construir significados e ganhar flu\u00eancia na comunica\u00e7\u00e3o escrita. Para que o desenvolvimento dessas habilidades seja pleno, \u00e9 primordial que haja um equil\u00edbrio entre introduzir novas refer\u00eancias e aprofundar-se naquelas j\u00e1 dominadas pelas crian\u00e7as.<\/p>\n<p>As rodas de leitura sempre fizeram parte do cotidiano escolar da Vila. Sentar junto para ler, ouvir e compartilhar hist\u00f3rias sempre foi uma forma de instigar os estudantes a se interessar pelo universo liter\u00e1rio. Al\u00e9m de ser um dos motores da alfabetiza\u00e7\u00e3o, ajudando na constru\u00e7\u00e3o de uma s\u00e9rie de no\u00e7\u00f5es e significados sociais comuns, o contato com a literatura desenvolve imagina\u00e7\u00e3o e criatividade, agu\u00e7ando a sensibilidade das crian\u00e7as.<\/p>\n<p>No in\u00edcio de 2020, com o fechamento tempor\u00e1rio dos espa\u00e7os escolares, muitas d\u00favidas e questionamentos surgiram sobre como dar continuidade \u00e0s pr\u00e1ticas pedag\u00f3gicas adotadas pela Vila. Miruna conta tamb\u00e9m que, depois de um per\u00edodo inicial dedicado ao acolhimento e \u00e0 compreens\u00e3o do contexto em que cada aluna e aluno estava inserido, os professores e professoras passam a estruturar e propor novas din\u00e2micas de leitura e escrita a dist\u00e2ncia.<\/p>\n<p>Entre elas, a leitura de pequenos textos, frases ou mesmo palavras em voz alta, seja durante uma aula online, seja a partir do envio de v\u00eddeos gravados pelas fam\u00edlias. J\u00e1 para atividades relacionadas \u00e0 escrita, os estudantes foram divididos em grupos bem menores do que o costume, possibilitando intera\u00e7\u00f5es mais pr\u00f3ximas e diretas com as professoras e os demais colegas \u2013 dimens\u00e3o em que se teve maior perda no ensino \u00e0 dist\u00e2ncia.<\/p>\n<p>Em todos os casos, tentou-se aproveitar ao m\u00e1ximo as situa\u00e7\u00f5es cotidianas que estavam sendo vividas pelas crian\u00e7as, para que elas enxergassem, de forma ainda mais expl\u00edcita, o sentido dos aprendizados constru\u00eddos coletivamente em aula. Uma simples lista de supermercado, por exemplo, tornou-se um intrigante objeto de estudo, em que os alunos e alunas se viam, ao mesmo tempo, convidados a compartilhar suas rotinas e desafiados em termos lingu\u00edsticos.<\/p>\n<p>O ato de alfabetizar sempre implicou na necessidade de constantes adapta\u00e7\u00f5es e mudan\u00e7as de estrat\u00e9gias pedag\u00f3gicas, tanto por conta das condi\u00e7\u00f5es individuais de cada crian\u00e7a, quanto por quest\u00f5es espec\u00edficas de cada turma. Os desafios colocados pela pandemia foram, sem d\u00favidas, muito grandes, pois o mundo todo foi pego de surpresa. No entanto, com o passar do meses, novas solu\u00e7\u00f5es que atendessem \u00e0s atuais necessidades foram sendo testadas e aprimoradas pela equipe da Vila.<\/p>\n<p>Agora, para o in\u00edcio do ano letivo de 2021 (que ainda ser\u00e1 organizado de forma h\u00edbrida, combinando momentos presenciais com encontros remotos), o grande ganho foi a possibilidade de se preparar e organizar novos planos de atividades. Segundo Miruna, j\u00e1 foi poss\u00edvel identificar certos padr\u00f5es e entender quais metodologias funcionam e quais n\u00e3o funcionam neste novo cen\u00e1rio de forma\u00e7\u00e3o e alfabetiza\u00e7\u00e3o escolar.<\/p>\n<p>2020 n\u00e3o foi um ano perdido e este ano certamente tamb\u00e9m n\u00e3o ser\u00e1. Isso porque, n\u00e3o s\u00f3 as aprendizagens e a alfabetiza\u00e7\u00e3o consistem em processos cont\u00ednuos, que nunca s\u00e3o completamente interrompidos, como tamb\u00e9m porque a Escola da Vila est\u00e1 segura em conhecer novas solu\u00e7\u00f5es pedag\u00f3gicas que garantem o desenvolvimento dos alunos e alunas nas condi\u00e7\u00f5es do presente.<\/p>\n<p>&nbsp;<\/p>\n","protected":false},"excerpt":{"rendered":"<p>Entre os tantos desafios colocados pela pandemia \u00e0 forma\u00e7\u00e3o educacional, a alfabetiza\u00e7\u00e3o \u00e9 certamente uma das maiores preocupa\u00e7\u00f5es das fam\u00edlias e das escolas. Se esse sempre foi um dos temas mais importantes da educa\u00e7\u00e3o b\u00e1sica, as aulas remotas e o distanciamento social tornaram a quest\u00e3o ainda mais complexa.<\/p>\n","protected":false},"author":4,"featured_media":0,"comment_status":"closed","ping_status":"closed","sticky":false,"template":"","format":"standard","meta":{"footnotes":"","_links_to":"","_links_to_target":""},"categories":[9],"tags":[],"class_list":["post-13116","post","type-post","status-publish","format-standard","hentry","category-noticias-da-imprensa"],"yoast_head":"<!-- This site is optimized with the Yoast SEO plugin v15.1 - https:\/\/yoast.com\/wordpress\/plugins\/seo\/ -->\n<title>Alfabetiza\u00e7\u00e3o em tempos de pandemia: o que mudou? &raquo; Abrelivros<\/title>\n<meta name=\"robots\" content=\"index, follow, max-snippet:-1, max-image-preview:large, max-video-preview:-1\" \/>\n<link rel=\"canonical\" href=\"https:\/\/abrelivros.org.br\/site\/alfabetizacao-em-tempos-de-pandemia-o-que-mudou\/\" \/>\n<meta property=\"og:locale\" content=\"pt_BR\" \/>\n<meta property=\"og:type\" content=\"article\" \/>\n<meta property=\"og:title\" content=\"Alfabetiza\u00e7\u00e3o em tempos de pandemia: o que mudou? &raquo; Abrelivros\" \/>\n<meta property=\"og:description\" content=\"Entre os tantos desafios colocados pela pandemia \u00e0 forma\u00e7\u00e3o educacional, a alfabetiza\u00e7\u00e3o \u00e9 certamente uma das maiores preocupa\u00e7\u00f5es das fam\u00edlias e das escolas. Se esse sempre foi um dos temas mais importantes da educa\u00e7\u00e3o b\u00e1sica, as aulas remotas e o distanciamento social tornaram a quest\u00e3o ainda mais complexa.\" \/>\n<meta property=\"og:url\" content=\"https:\/\/abrelivros.org.br\/site\/alfabetizacao-em-tempos-de-pandemia-o-que-mudou\/\" \/>\n<meta property=\"og:site_name\" content=\"Abrelivros\" \/>\n<meta property=\"article:published_time\" content=\"2021-02-04T18:42:08+00:00\" \/>\n<meta name=\"twitter:card\" content=\"summary_large_image\" \/>\n<script type=\"application\/ld+json\" class=\"yoast-schema-graph\">{\"@context\":\"https:\/\/schema.org\",\"@graph\":[{\"@type\":\"WebSite\",\"@id\":\"https:\/\/abrelivros.org.br\/site\/#website\",\"url\":\"https:\/\/abrelivros.org.br\/site\/\",\"name\":\"Abrelivros\",\"description\":\"\",\"potentialAction\":[{\"@type\":\"SearchAction\",\"target\":\"https:\/\/abrelivros.org.br\/site\/?s={search_term_string}\",\"query-input\":\"required name=search_term_string\"}],\"inLanguage\":\"pt-BR\"},{\"@type\":\"WebPage\",\"@id\":\"https:\/\/abrelivros.org.br\/site\/alfabetizacao-em-tempos-de-pandemia-o-que-mudou\/#webpage\",\"url\":\"https:\/\/abrelivros.org.br\/site\/alfabetizacao-em-tempos-de-pandemia-o-que-mudou\/\",\"name\":\"Alfabetiza\\u00e7\\u00e3o em tempos de pandemia: o que mudou? &raquo; Abrelivros\",\"isPartOf\":{\"@id\":\"https:\/\/abrelivros.org.br\/site\/#website\"},\"datePublished\":\"2021-02-04T18:42:08+00:00\",\"dateModified\":\"2021-02-04T18:42:08+00:00\",\"author\":{\"@id\":\"https:\/\/abrelivros.org.br\/site\/#\/schema\/person\/65db80e26409802ce15ac5feec6a15fd\"},\"breadcrumb\":{\"@id\":\"https:\/\/abrelivros.org.br\/site\/alfabetizacao-em-tempos-de-pandemia-o-que-mudou\/#breadcrumb\"},\"inLanguage\":\"pt-BR\",\"potentialAction\":[{\"@type\":\"ReadAction\",\"target\":[\"https:\/\/abrelivros.org.br\/site\/alfabetizacao-em-tempos-de-pandemia-o-que-mudou\/\"]}]},{\"@type\":\"BreadcrumbList\",\"@id\":\"https:\/\/abrelivros.org.br\/site\/alfabetizacao-em-tempos-de-pandemia-o-que-mudou\/#breadcrumb\",\"itemListElement\":[{\"@type\":\"ListItem\",\"position\":1,\"item\":{\"@type\":\"WebPage\",\"@id\":\"https:\/\/abrelivros.org.br\/site\/\",\"url\":\"https:\/\/abrelivros.org.br\/site\/\",\"name\":\"In\\u00edcio\"}},{\"@type\":\"ListItem\",\"position\":2,\"item\":{\"@type\":\"WebPage\",\"@id\":\"https:\/\/abrelivros.org.br\/site\/category\/noticias\/\",\"url\":\"https:\/\/abrelivros.org.br\/site\/category\/noticias\/\",\"name\":\"Not\\u00edcias\"}},{\"@type\":\"ListItem\",\"position\":3,\"item\":{\"@type\":\"WebPage\",\"@id\":\"https:\/\/abrelivros.org.br\/site\/category\/noticias\/noticias-da-imprensa\/\",\"url\":\"https:\/\/abrelivros.org.br\/site\/category\/noticias\/noticias-da-imprensa\/\",\"name\":\"Not\\u00edcias da imprensa\"}},{\"@type\":\"ListItem\",\"position\":4,\"item\":{\"@type\":\"WebPage\",\"@id\":\"https:\/\/abrelivros.org.br\/site\/alfabetizacao-em-tempos-de-pandemia-o-que-mudou\/\",\"url\":\"https:\/\/abrelivros.org.br\/site\/alfabetizacao-em-tempos-de-pandemia-o-que-mudou\/\",\"name\":\"Alfabetiza\\u00e7\\u00e3o em tempos de pandemia: o que mudou?\"}}]},{\"@type\":\"Person\",\"@id\":\"https:\/\/abrelivros.org.br\/site\/#\/schema\/person\/65db80e26409802ce15ac5feec6a15fd\",\"name\":\"Reda\\u00e7\\u00e3o Abrelivros\",\"image\":{\"@type\":\"ImageObject\",\"@id\":\"https:\/\/abrelivros.org.br\/site\/#personlogo\",\"inLanguage\":\"pt-BR\",\"url\":\"https:\/\/secure.gravatar.com\/avatar\/c4e57f9c7e3482965bd428192061218520756c39080b1d1820b679fa5e9af192?s=96&d=mm&r=g\",\"caption\":\"Reda\\u00e7\\u00e3o Abrelivros\"}}]}<\/script>\n<!-- \/ Yoast SEO plugin. -->","_links":{"self":[{"href":"https:\/\/abrelivros.org.br\/site\/wp-json\/wp\/v2\/posts\/13116","targetHints":{"allow":["GET"]}}],"collection":[{"href":"https:\/\/abrelivros.org.br\/site\/wp-json\/wp\/v2\/posts"}],"about":[{"href":"https:\/\/abrelivros.org.br\/site\/wp-json\/wp\/v2\/types\/post"}],"author":[{"embeddable":true,"href":"https:\/\/abrelivros.org.br\/site\/wp-json\/wp\/v2\/users\/4"}],"replies":[{"embeddable":true,"href":"https:\/\/abrelivros.org.br\/site\/wp-json\/wp\/v2\/comments?post=13116"}],"version-history":[{"count":1,"href":"https:\/\/abrelivros.org.br\/site\/wp-json\/wp\/v2\/posts\/13116\/revisions"}],"predecessor-version":[{"id":13117,"href":"https:\/\/abrelivros.org.br\/site\/wp-json\/wp\/v2\/posts\/13116\/revisions\/13117"}],"wp:attachment":[{"href":"https:\/\/abrelivros.org.br\/site\/wp-json\/wp\/v2\/media?parent=13116"}],"wp:term":[{"taxonomy":"category","embeddable":true,"href":"https:\/\/abrelivros.org.br\/site\/wp-json\/wp\/v2\/categories?post=13116"},{"taxonomy":"post_tag","embeddable":true,"href":"https:\/\/abrelivros.org.br\/site\/wp-json\/wp\/v2\/tags?post=13116"}],"curies":[{"name":"wp","href":"https:\/\/api.w.org\/{rel}","templated":true}]}}