{"id":13114,"date":"2021-02-03T14:28:20","date_gmt":"2021-02-03T17:28:20","guid":{"rendered":"https:\/\/abrelivros.org.br\/site\/?p=13114"},"modified":"2021-02-03T14:28:20","modified_gmt":"2021-02-03T17:28:20","slug":"participantes-do-enem-digital-com-covid-19-podem-pedir-reaplicacao","status":"publish","type":"post","link":"https:\/\/abrelivros.org.br\/site\/participantes-do-enem-digital-com-covid-19-podem-pedir-reaplicacao\/","title":{"rendered":"Participantes do Enem digital com covid-19 podem pedir reaplica\u00e7\u00e3o"},"content":{"rendered":"<p>Participantes do Exame Nacional do Ensino M\u00e9dio (Enem) digital que est\u00e3o com sintomas de covid-19 ou outra doen\u00e7a infectocontagiosa e j\u00e1 est\u00e3o com laudo m\u00e9dico podem solicitar a reaplica\u00e7\u00e3o do exame at\u00e9 s\u00e1bado (6). Mesmo que tenham feito a prova do primeiro dia de aplica\u00e7\u00e3o, no \u00faltimo domingo (31), esses participantes n\u00e3o devem comparecer aos locais do exame no segundo dia de aplica\u00e7\u00e3o (7) para n\u00e3o contaminar os demais candidatos.<!--more--><\/p>\n<p>A solicita\u00e7\u00e3o deve ser feita pela P\u00e1gina do Participante. O Enem ser\u00e1 reaplicado nos dias 23 e 24 de fevereiro. A reaplica\u00e7\u00e3o ser\u00e1 na vers\u00e3o impressa para todos os candidatos, independentemente de terem se inscrito ou n\u00e3o para essa modalidade.<\/p>\n<p>Segundo os \u00faltimos balan\u00e7os divulgados pelo Inep, at\u00e9 o dia 24 de janeiro 18.210 candidatos do Enem impresso solicitaram a reaplica\u00e7\u00e3o por causa de doen\u00e7as infectocontagiosas. Desses pedidos, o Inep aceitou 13.716. At\u00e9 o \u00faltimo domingo, 174 participantes do Enem digital pediram para participar da reaplica\u00e7\u00e3o. Desses, 118 foram aceitos.<\/p>\n<p>Al\u00e9m da covid-19, podem solicitar a reaplica\u00e7\u00e3o participantes com coqueluche, difteria, doen\u00e7a invasiva por Haemophilus influenza, doen\u00e7a meningoc\u00f3cica e outras meningites, var\u00edola, Influenza humana A e B, poliomielite por poliov\u00edrus selvagem, sarampo, rub\u00e9ola, varicela.<\/p>\n<p>De acordo com o Inep, para a an\u00e1lise da possibilidade de reaplica\u00e7\u00e3o, a pessoa dever\u00e1 inserir, obrigatoriamente, no momento da solicita\u00e7\u00e3o, documento leg\u00edvel que comprove a doen\u00e7a. Na documenta\u00e7\u00e3o devem constar o nome completo do participante, o diagn\u00f3stico com a descri\u00e7\u00e3o da condi\u00e7\u00e3o, o c\u00f3digo correspondente \u00e0 Classifica\u00e7\u00e3o Internacional de Doen\u00e7a (CID 10), al\u00e9m da assinatura e da identifica\u00e7\u00e3o do profissional competente, com o respectivo registro no Conselho Regional de Medicina (CRM), do Minist\u00e9rio da Sa\u00fade (RMS) ou de \u00f3rg\u00e3o competente, assim como a data do atendimento. O documento deve ser anexado em formato PDF, PNG ou JPG, no tamanho m\u00e1ximo de 2 MB.<\/p>\n<p><strong>Novo prazo<\/strong><br \/>\nParticipantes que tiverem algum sintoma at\u00e9 a hora da prova n\u00e3o devem comparecer aos locais de aplica\u00e7\u00e3o. O sistema ser\u00e1 novamente aberto no dia 8 de fevereiro, quando os participantes que tiveram sintomas neste final de semana ou que obtiveram comprovantes m\u00e9dicos ap\u00f3s o dia 6, poder\u00e3o pedir para participar da reaplica\u00e7\u00e3o. O prazo para enviar os pedidos vai at\u00e9 dia 12.<\/p>\n<p>Al\u00e9m dos candidatos com doen\u00e7as infectocontagiosas, poder\u00e3o pedir para participar da reaplica\u00e7\u00e3o os candidatos que foram prejudicados por quest\u00f5es de log\u00edstica ou de infraestrutura, como falta de luz e falhas no dispositivo eletr\u00f4nico.<\/p>\n<p>No primeiro dia de aplica\u00e7\u00e3o do Enem digital, foi registrado problema em um servidor, o que atrasou o envio das provas para os computadores onde os participantes fariam o exame. Por causa do tempo, eles n\u00e3o puderam fazer as provas. Esses participantes tamb\u00e9m ter\u00e3o direito \u00e0 reaplica\u00e7\u00e3o.<\/p>\n<p><strong>Enem digital<\/strong><br \/>\nEsta \u00e9 a primeira vez que o Enem \u00e9 aplicado no formato digital, de forma piloto. A inten\u00e7\u00e3o \u00e9 que o exame seja 100% digital at\u00e9 2026. As provas come\u00e7aram a ser aplicadas no \u00faltimo domingo (31), quando os <a href=\"https:\/\/agenciabrasil.ebc.com.br\/educacao\/noticia\/2021-01\/participantes-contam-como-foi-o-enem-digital\" target=\"_blank\" rel=\"noopener noreferrer\">participantes<\/a> responderam as quest\u00f5es de linguagens, ci\u00eancias humanas e fizeram a reda\u00e7\u00e3o. No pr\u00f3ximo domingo (7), resolver\u00e3o as quest\u00f5es de matem\u00e1tica e ci\u00eancias da natureza. Ao todo, quase 70% <a href=\"https:\/\/agenciabrasil.ebc.com.br\/educacao\/noticia\/2021-01\/enem-digital-tem-681-de-abstencao\" target=\"_blank\" rel=\"noopener noreferrer\">n\u00e3o compareceram<\/a> \u00e0s provas.<\/p>\n<p>A vers\u00e3o impressa do Enem 2020 foi aplicada nos dias 17 e 24 de janeiro. Cerca de 2,5 milh\u00f5es de estudantes fizeram as provas, o que corresponde a <a href=\"https:\/\/agenciabrasil.ebc.com.br\/educacao\/noticia\/2021-01\/enem-digital-tem-681-de-abstencao\" target=\"_blank\" rel=\"noopener noreferrer\">menos da metade<\/a> dos inscritos.<\/p>\n<p>As medidas de seguran\u00e7a adotadas em rela\u00e7\u00e3o \u00e0 pandemia do novo coronav\u00edrus s\u00e3o as mesmas tanto no Enem impresso quanto no digital. Haver\u00e1, por exemplo, um n\u00famero reduzido de estudantes por sala, para garantir o distanciamento entre os participantes. Durante todo o tempo de realiza\u00e7\u00e3o da prova, os candidatos estar\u00e3o obrigados a usar m\u00e1scaras de prote\u00e7\u00e3o da forma correta, tapando o nariz e a boca, sob pena de serem eliminados do exame. Al\u00e9m disso, o \u00e1lcool em gel estar\u00e1 dispon\u00edvel em todos os locais de aplica\u00e7\u00e3o.<\/p>\n<p>O exame, tanto o impresso quanto o digital, foi suspenso no estado do Amazonas e o impresso foi suspenso em Rolim de Moura (RO) e em Espig\u00e3o D&#8217;Oeste (RO) devido aos impactos da pandemia nessas localidades. Esses estudantes poder\u00e3o fazer as provas tamb\u00e9m na reaplica\u00e7\u00e3o. Segundo o Minist\u00e9rio da Educa\u00e7\u00e3o, foram cerca de 20 a\u00e7\u00f5es judiciais, em todo o pa\u00eds, contr\u00e1rias \u00e0 realiza\u00e7\u00e3o do exame.<\/p>\n","protected":false},"excerpt":{"rendered":"<p>Participantes do Exame Nacional do Ensino M\u00e9dio (Enem) digital que est\u00e3o com sintomas de covid-19 ou outra doen\u00e7a infectocontagiosa e j\u00e1 est\u00e3o com laudo m\u00e9dico podem solicitar a reaplica\u00e7\u00e3o do exame at\u00e9 s\u00e1bado (6). Mesmo que tenham feito a prova do primeiro dia de aplica\u00e7\u00e3o, no \u00faltimo domingo (31), esses participantes n\u00e3o devem comparecer aos [&hellip;]<\/p>\n","protected":false},"author":4,"featured_media":0,"comment_status":"closed","ping_status":"closed","sticky":false,"template":"","format":"standard","meta":{"footnotes":"","_links_to":"","_links_to_target":""},"categories":[9],"tags":[],"class_list":["post-13114","post","type-post","status-publish","format-standard","hentry","category-noticias-da-imprensa"],"yoast_head":"<!-- This site is optimized with the Yoast SEO plugin v15.1 - https:\/\/yoast.com\/wordpress\/plugins\/seo\/ -->\n<title>Participantes do Enem digital com covid-19 podem pedir reaplica\u00e7\u00e3o &raquo; Abrelivros<\/title>\n<meta name=\"robots\" content=\"index, follow, max-snippet:-1, max-image-preview:large, max-video-preview:-1\" \/>\n<link rel=\"canonical\" href=\"https:\/\/abrelivros.org.br\/site\/participantes-do-enem-digital-com-covid-19-podem-pedir-reaplicacao\/\" \/>\n<meta property=\"og:locale\" content=\"pt_BR\" \/>\n<meta property=\"og:type\" content=\"article\" \/>\n<meta property=\"og:title\" content=\"Participantes do Enem digital com covid-19 podem pedir reaplica\u00e7\u00e3o &raquo; Abrelivros\" \/>\n<meta property=\"og:description\" content=\"Participantes do Exame Nacional do Ensino M\u00e9dio (Enem) digital que est\u00e3o com sintomas de covid-19 ou outra doen\u00e7a infectocontagiosa e j\u00e1 est\u00e3o com laudo m\u00e9dico podem solicitar a reaplica\u00e7\u00e3o do exame at\u00e9 s\u00e1bado (6). Mesmo que tenham feito a prova do primeiro dia de aplica\u00e7\u00e3o, no \u00faltimo domingo (31), esses participantes n\u00e3o devem comparecer aos [&hellip;]\" \/>\n<meta property=\"og:url\" content=\"https:\/\/abrelivros.org.br\/site\/participantes-do-enem-digital-com-covid-19-podem-pedir-reaplicacao\/\" \/>\n<meta property=\"og:site_name\" content=\"Abrelivros\" \/>\n<meta property=\"article:published_time\" content=\"2021-02-03T17:28:20+00:00\" \/>\n<meta name=\"twitter:card\" content=\"summary_large_image\" \/>\n<script type=\"application\/ld+json\" class=\"yoast-schema-graph\">{\"@context\":\"https:\/\/schema.org\",\"@graph\":[{\"@type\":\"WebSite\",\"@id\":\"https:\/\/abrelivros.org.br\/site\/#website\",\"url\":\"https:\/\/abrelivros.org.br\/site\/\",\"name\":\"Abrelivros\",\"description\":\"\",\"potentialAction\":[{\"@type\":\"SearchAction\",\"target\":\"https:\/\/abrelivros.org.br\/site\/?s={search_term_string}\",\"query-input\":\"required name=search_term_string\"}],\"inLanguage\":\"pt-BR\"},{\"@type\":\"WebPage\",\"@id\":\"https:\/\/abrelivros.org.br\/site\/participantes-do-enem-digital-com-covid-19-podem-pedir-reaplicacao\/#webpage\",\"url\":\"https:\/\/abrelivros.org.br\/site\/participantes-do-enem-digital-com-covid-19-podem-pedir-reaplicacao\/\",\"name\":\"Participantes do Enem digital com covid-19 podem pedir reaplica\\u00e7\\u00e3o &raquo; Abrelivros\",\"isPartOf\":{\"@id\":\"https:\/\/abrelivros.org.br\/site\/#website\"},\"datePublished\":\"2021-02-03T17:28:20+00:00\",\"dateModified\":\"2021-02-03T17:28:20+00:00\",\"author\":{\"@id\":\"https:\/\/abrelivros.org.br\/site\/#\/schema\/person\/65db80e26409802ce15ac5feec6a15fd\"},\"breadcrumb\":{\"@id\":\"https:\/\/abrelivros.org.br\/site\/participantes-do-enem-digital-com-covid-19-podem-pedir-reaplicacao\/#breadcrumb\"},\"inLanguage\":\"pt-BR\",\"potentialAction\":[{\"@type\":\"ReadAction\",\"target\":[\"https:\/\/abrelivros.org.br\/site\/participantes-do-enem-digital-com-covid-19-podem-pedir-reaplicacao\/\"]}]},{\"@type\":\"BreadcrumbList\",\"@id\":\"https:\/\/abrelivros.org.br\/site\/participantes-do-enem-digital-com-covid-19-podem-pedir-reaplicacao\/#breadcrumb\",\"itemListElement\":[{\"@type\":\"ListItem\",\"position\":1,\"item\":{\"@type\":\"WebPage\",\"@id\":\"https:\/\/abrelivros.org.br\/site\/\",\"url\":\"https:\/\/abrelivros.org.br\/site\/\",\"name\":\"In\\u00edcio\"}},{\"@type\":\"ListItem\",\"position\":2,\"item\":{\"@type\":\"WebPage\",\"@id\":\"https:\/\/abrelivros.org.br\/site\/category\/noticias\/\",\"url\":\"https:\/\/abrelivros.org.br\/site\/category\/noticias\/\",\"name\":\"Not\\u00edcias\"}},{\"@type\":\"ListItem\",\"position\":3,\"item\":{\"@type\":\"WebPage\",\"@id\":\"https:\/\/abrelivros.org.br\/site\/category\/noticias\/noticias-da-imprensa\/\",\"url\":\"https:\/\/abrelivros.org.br\/site\/category\/noticias\/noticias-da-imprensa\/\",\"name\":\"Not\\u00edcias da imprensa\"}},{\"@type\":\"ListItem\",\"position\":4,\"item\":{\"@type\":\"WebPage\",\"@id\":\"https:\/\/abrelivros.org.br\/site\/participantes-do-enem-digital-com-covid-19-podem-pedir-reaplicacao\/\",\"url\":\"https:\/\/abrelivros.org.br\/site\/participantes-do-enem-digital-com-covid-19-podem-pedir-reaplicacao\/\",\"name\":\"Participantes do Enem digital com covid-19 podem pedir reaplica\\u00e7\\u00e3o\"}}]},{\"@type\":\"Person\",\"@id\":\"https:\/\/abrelivros.org.br\/site\/#\/schema\/person\/65db80e26409802ce15ac5feec6a15fd\",\"name\":\"Reda\\u00e7\\u00e3o Abrelivros\",\"image\":{\"@type\":\"ImageObject\",\"@id\":\"https:\/\/abrelivros.org.br\/site\/#personlogo\",\"inLanguage\":\"pt-BR\",\"url\":\"https:\/\/secure.gravatar.com\/avatar\/c4e57f9c7e3482965bd428192061218520756c39080b1d1820b679fa5e9af192?s=96&d=mm&r=g\",\"caption\":\"Reda\\u00e7\\u00e3o Abrelivros\"}}]}<\/script>\n<!-- \/ Yoast SEO plugin. -->","_links":{"self":[{"href":"https:\/\/abrelivros.org.br\/site\/wp-json\/wp\/v2\/posts\/13114","targetHints":{"allow":["GET"]}}],"collection":[{"href":"https:\/\/abrelivros.org.br\/site\/wp-json\/wp\/v2\/posts"}],"about":[{"href":"https:\/\/abrelivros.org.br\/site\/wp-json\/wp\/v2\/types\/post"}],"author":[{"embeddable":true,"href":"https:\/\/abrelivros.org.br\/site\/wp-json\/wp\/v2\/users\/4"}],"replies":[{"embeddable":true,"href":"https:\/\/abrelivros.org.br\/site\/wp-json\/wp\/v2\/comments?post=13114"}],"version-history":[{"count":1,"href":"https:\/\/abrelivros.org.br\/site\/wp-json\/wp\/v2\/posts\/13114\/revisions"}],"predecessor-version":[{"id":13115,"href":"https:\/\/abrelivros.org.br\/site\/wp-json\/wp\/v2\/posts\/13114\/revisions\/13115"}],"wp:attachment":[{"href":"https:\/\/abrelivros.org.br\/site\/wp-json\/wp\/v2\/media?parent=13114"}],"wp:term":[{"taxonomy":"category","embeddable":true,"href":"https:\/\/abrelivros.org.br\/site\/wp-json\/wp\/v2\/categories?post=13114"},{"taxonomy":"post_tag","embeddable":true,"href":"https:\/\/abrelivros.org.br\/site\/wp-json\/wp\/v2\/tags?post=13114"}],"curies":[{"name":"wp","href":"https:\/\/api.w.org\/{rel}","templated":true}]}}