{"id":13112,"date":"2021-02-03T14:12:44","date_gmt":"2021-02-03T17:12:44","guid":{"rendered":"https:\/\/abrelivros.org.br\/site\/?p=13112"},"modified":"2021-02-03T14:12:44","modified_gmt":"2021-02-03T17:12:44","slug":"mais-de-16-milhao-de-pessoas-estao-inscritas","status":"publish","type":"post","link":"https:\/\/abrelivros.org.br\/site\/mais-de-16-milhao-de-pessoas-estao-inscritas\/","title":{"rendered":"Mais de 1,6 milh\u00e3o de pessoas est\u00e3o inscritas"},"content":{"rendered":"<p>O Exame Nacional para Certifica\u00e7\u00e3o de Compet\u00eancias de Jovens e Adultos (Encceja) 2020 tem 1.630.046 inscritos confirmados. S\u00e3o 301.438 interessados na certifica\u00e7\u00e3o de ensino fundamental e 1.328.608 para o ensino m\u00e9dio. As provas ocorrer\u00e3o no dia 25 de abril, em todos os estados e no Distrito Federal.<!--more--><\/p>\n<p>Entre as quatro provas ofertadas pelo Encceja, as \u00e1reas que tiveram mais procura pelos inscritos na busca de certifica\u00e7\u00e3o no ensino fundamental foram l\u00edngua portuguesa, l\u00edngua estrangeira moderna, artes, educa\u00e7\u00e3o f\u00edsica e reda\u00e7\u00e3o (267.314), seguida de matem\u00e1tica (266.155). J\u00e1 para os interessados na certifica\u00e7\u00e3o do ensino m\u00e9dio, a prova de matem\u00e1tica e suas tecnologias foi a mais procurada (1.180.500), seguida pela de linguagens, c\u00f3digos e suas tecnologias e reda\u00e7\u00e3o (1.065.461). Essa diferen\u00e7a se explica pelo fato de que inscritos no Encceja 2020 que realizaram edi\u00e7\u00f5es anteriores do exame podem selecionar apenas as provas em que n\u00e3o obtiveram nota suficiente para certifica\u00e7\u00e3o.<\/p>\n<p><strong>Provas<\/strong> \u2013 Dependendo da escolha do participante durante o processo de inscri\u00e7\u00e3o, podem ser aplicadas at\u00e9 quatro provas objetivas, cada uma com 30 quest\u00f5es de m\u00faltipla escolha, e uma prova de reda\u00e7\u00e3o. Para a certifica\u00e7\u00e3o do ensino fundamental, o participante ser\u00e1 avaliado em ci\u00eancias naturais; matem\u00e1tica; l\u00edngua portuguesa, l\u00edngua estrangeira moderna, artes, educa\u00e7\u00e3o f\u00edsica e reda\u00e7\u00e3o; e hist\u00f3ria e geografia. No caso do ensino m\u00e9dio, ser\u00e3o analisados os conhecimentos em ci\u00eancias da natureza e suas tecnologias; matem\u00e1tica e suas tecnologias; linguagens, c\u00f3digos e suas tecnologias e reda\u00e7\u00e3o; e ci\u00eancias humanas e suas tecnologias.<\/p>\n<p>A profici\u00eancia m\u00ednima recomendada pelo Inep \u00e9 de 100 pontos nas provas objetivas e de 5 pontos na reda\u00e7\u00e3o. Para atingir a profici\u00eancia em l\u00edngua portuguesa, l\u00edngua estrangeira moderna, artes e educa\u00e7\u00e3o f\u00edsica, no ensino fundamental, o participante dever\u00e1 obter pontua\u00e7\u00e3o igual ou superior a 5 pontos na reda\u00e7\u00e3o. O mesmo vale para a \u00e1rea de linguagens, c\u00f3digos e suas tecnologias, no ensino m\u00e9dio. Cabe lembrar que, de acordo com o Edital no 101 do Encceja 2020, as unidades certificadoras t\u00eam autonomia para estipular valores de profici\u00eancia m\u00ednima diferentes do proposto pelo Inep.<\/p>\n<p><strong>Atendimento especializado e tratamento pelo nome social<\/strong> \u2013 Quem solicitou atendimento especializado ou tratamento pelo nome social no exame j\u00e1 pode conferir se o Instituto Nacional de Estudos e Pesquisas Educacionais An\u00edsio Teixeira (Inep) aceitou o pedido. O resultado da solicita\u00e7\u00e3o est\u00e1 dispon\u00edvel desde ontem, 1\u00ba de fevereiro, no Sistema Encceja.<\/p>\n<p>Caso a solicita\u00e7\u00e3o tenha sido reprovada, o participante pode solicitar recurso at\u00e9 a pr\u00f3xima sexta-feira, 5 de fevereiro, pelo sistema do exame.<\/p>\n<p><strong>Encceja<\/strong> \u2013 O exame \u00e9 direcionado para jovens e adultos que n\u00e3o conseguiram obter a certifica\u00e7\u00e3o na idade apropriada e que buscam o diploma do ensino fundamental e m\u00e9dio. Para participar, \u00e9 importante que o inscrito possua idade m\u00ednima de 15 anos completos at\u00e9 o dia da prova, para o ensino fundamental, e de 18 anos, para a certifica\u00e7\u00e3o do ensino m\u00e9dio.<\/p>\n<p>Embora o exame seja realizado pelo Inep, em colabora\u00e7\u00e3o com as secretarias estaduais e municipais de Educa\u00e7\u00e3o, a emiss\u00e3o do certificado e da declara\u00e7\u00e3o de profici\u00eancia \u00e9 responsabilidade das secretarias estaduais de Educa\u00e7\u00e3o e institutos federais de Educa\u00e7\u00e3o, Ci\u00eancia e Tecnologia, que firmam termo de ades\u00e3o ao Encceja.<\/p>\n<p>As inscri\u00e7\u00f5es para o Encceja 2020 ficaram abertas de 11 a 25 de janeiro de 2021. Pela primeira vez, o participante que n\u00e3o realizou as provas para as quais se inscreveu no ano de 2019 teve de justificar a aus\u00eancia para se inscrever na edi\u00e7\u00e3o de 2020.<\/p>\n<p><a href=\"https:\/\/www.gov.br\/inep\/pt-br\/areas-de-atuacao\/avaliacao-e-exames-educacionais\/encceja\/orientacoes\" target=\"_blank\" rel=\"noopener noreferrer\">Acesse as orienta\u00e7\u00f5es do Encceja 2020<\/a><\/p>\n<p><a href=\"http:\/\/enccejanacional.inep.gov.br\/encceja\/#!\/inicial\" target=\"_blank\" rel=\"noopener noreferrer\">Acesse o sistema Encceja 2020<\/a><\/p>\n<p><a href=\"https:\/\/www.gov.br\/inep\/pt-br\/areas-de-atuacao\/avaliacao-e-exames-educacionais\/encceja\/materiais-de-estudo\" target=\"_blank\" rel=\"noopener noreferrer\">Acesse o material de estudo<\/a><\/p>\n<p><a href=\"https:\/\/download.inep.gov.br\/educacao_basica\/encceja\/legistacao\/nacional\/2020\/edital_n101_23112020.pdf\" target=\"_blank\" rel=\"noopener noreferrer\">Acesse o Edital do Encceja 2020<\/a><\/p>\n","protected":false},"excerpt":{"rendered":"<p>O Exame Nacional para Certifica\u00e7\u00e3o de Compet\u00eancias de Jovens e Adultos (Encceja) 2020 tem 1.630.046 inscritos confirmados. S\u00e3o 301.438 interessados na certifica\u00e7\u00e3o de ensino fundamental e 1.328.608 para o ensino m\u00e9dio. As provas ocorrer\u00e3o no dia 25 de abril, em todos os estados e no Distrito Federal.<\/p>\n","protected":false},"author":4,"featured_media":0,"comment_status":"closed","ping_status":"closed","sticky":false,"template":"","format":"standard","meta":{"footnotes":"","_links_to":"","_links_to_target":""},"categories":[9],"tags":[],"class_list":["post-13112","post","type-post","status-publish","format-standard","hentry","category-noticias-da-imprensa"],"yoast_head":"<!-- This site is optimized with the Yoast SEO plugin v15.1 - https:\/\/yoast.com\/wordpress\/plugins\/seo\/ -->\n<title>Mais de 1,6 milh\u00e3o de pessoas est\u00e3o inscritas &raquo; Abrelivros<\/title>\n<meta name=\"robots\" content=\"index, follow, max-snippet:-1, max-image-preview:large, max-video-preview:-1\" \/>\n<link rel=\"canonical\" href=\"https:\/\/abrelivros.org.br\/site\/mais-de-16-milhao-de-pessoas-estao-inscritas\/\" \/>\n<meta property=\"og:locale\" content=\"pt_BR\" \/>\n<meta property=\"og:type\" content=\"article\" \/>\n<meta property=\"og:title\" content=\"Mais de 1,6 milh\u00e3o de pessoas est\u00e3o inscritas &raquo; Abrelivros\" \/>\n<meta property=\"og:description\" content=\"O Exame Nacional para Certifica\u00e7\u00e3o de Compet\u00eancias de Jovens e Adultos (Encceja) 2020 tem 1.630.046 inscritos confirmados. S\u00e3o 301.438 interessados na certifica\u00e7\u00e3o de ensino fundamental e 1.328.608 para o ensino m\u00e9dio. As provas ocorrer\u00e3o no dia 25 de abril, em todos os estados e no Distrito Federal.\" \/>\n<meta property=\"og:url\" content=\"https:\/\/abrelivros.org.br\/site\/mais-de-16-milhao-de-pessoas-estao-inscritas\/\" \/>\n<meta property=\"og:site_name\" content=\"Abrelivros\" \/>\n<meta property=\"article:published_time\" content=\"2021-02-03T17:12:44+00:00\" \/>\n<meta name=\"twitter:card\" content=\"summary_large_image\" \/>\n<script type=\"application\/ld+json\" class=\"yoast-schema-graph\">{\"@context\":\"https:\/\/schema.org\",\"@graph\":[{\"@type\":\"WebSite\",\"@id\":\"https:\/\/abrelivros.org.br\/site\/#website\",\"url\":\"https:\/\/abrelivros.org.br\/site\/\",\"name\":\"Abrelivros\",\"description\":\"\",\"potentialAction\":[{\"@type\":\"SearchAction\",\"target\":\"https:\/\/abrelivros.org.br\/site\/?s={search_term_string}\",\"query-input\":\"required name=search_term_string\"}],\"inLanguage\":\"pt-BR\"},{\"@type\":\"WebPage\",\"@id\":\"https:\/\/abrelivros.org.br\/site\/mais-de-16-milhao-de-pessoas-estao-inscritas\/#webpage\",\"url\":\"https:\/\/abrelivros.org.br\/site\/mais-de-16-milhao-de-pessoas-estao-inscritas\/\",\"name\":\"Mais de 1,6 milh\\u00e3o de pessoas est\\u00e3o inscritas &raquo; Abrelivros\",\"isPartOf\":{\"@id\":\"https:\/\/abrelivros.org.br\/site\/#website\"},\"datePublished\":\"2021-02-03T17:12:44+00:00\",\"dateModified\":\"2021-02-03T17:12:44+00:00\",\"author\":{\"@id\":\"https:\/\/abrelivros.org.br\/site\/#\/schema\/person\/65db80e26409802ce15ac5feec6a15fd\"},\"breadcrumb\":{\"@id\":\"https:\/\/abrelivros.org.br\/site\/mais-de-16-milhao-de-pessoas-estao-inscritas\/#breadcrumb\"},\"inLanguage\":\"pt-BR\",\"potentialAction\":[{\"@type\":\"ReadAction\",\"target\":[\"https:\/\/abrelivros.org.br\/site\/mais-de-16-milhao-de-pessoas-estao-inscritas\/\"]}]},{\"@type\":\"BreadcrumbList\",\"@id\":\"https:\/\/abrelivros.org.br\/site\/mais-de-16-milhao-de-pessoas-estao-inscritas\/#breadcrumb\",\"itemListElement\":[{\"@type\":\"ListItem\",\"position\":1,\"item\":{\"@type\":\"WebPage\",\"@id\":\"https:\/\/abrelivros.org.br\/site\/\",\"url\":\"https:\/\/abrelivros.org.br\/site\/\",\"name\":\"In\\u00edcio\"}},{\"@type\":\"ListItem\",\"position\":2,\"item\":{\"@type\":\"WebPage\",\"@id\":\"https:\/\/abrelivros.org.br\/site\/category\/noticias\/\",\"url\":\"https:\/\/abrelivros.org.br\/site\/category\/noticias\/\",\"name\":\"Not\\u00edcias\"}},{\"@type\":\"ListItem\",\"position\":3,\"item\":{\"@type\":\"WebPage\",\"@id\":\"https:\/\/abrelivros.org.br\/site\/category\/noticias\/noticias-da-imprensa\/\",\"url\":\"https:\/\/abrelivros.org.br\/site\/category\/noticias\/noticias-da-imprensa\/\",\"name\":\"Not\\u00edcias da imprensa\"}},{\"@type\":\"ListItem\",\"position\":4,\"item\":{\"@type\":\"WebPage\",\"@id\":\"https:\/\/abrelivros.org.br\/site\/mais-de-16-milhao-de-pessoas-estao-inscritas\/\",\"url\":\"https:\/\/abrelivros.org.br\/site\/mais-de-16-milhao-de-pessoas-estao-inscritas\/\",\"name\":\"Mais de 1,6 milh\\u00e3o de pessoas est\\u00e3o inscritas\"}}]},{\"@type\":\"Person\",\"@id\":\"https:\/\/abrelivros.org.br\/site\/#\/schema\/person\/65db80e26409802ce15ac5feec6a15fd\",\"name\":\"Reda\\u00e7\\u00e3o Abrelivros\",\"image\":{\"@type\":\"ImageObject\",\"@id\":\"https:\/\/abrelivros.org.br\/site\/#personlogo\",\"inLanguage\":\"pt-BR\",\"url\":\"https:\/\/secure.gravatar.com\/avatar\/c4e57f9c7e3482965bd428192061218520756c39080b1d1820b679fa5e9af192?s=96&d=mm&r=g\",\"caption\":\"Reda\\u00e7\\u00e3o Abrelivros\"}}]}<\/script>\n<!-- \/ Yoast SEO plugin. -->","_links":{"self":[{"href":"https:\/\/abrelivros.org.br\/site\/wp-json\/wp\/v2\/posts\/13112","targetHints":{"allow":["GET"]}}],"collection":[{"href":"https:\/\/abrelivros.org.br\/site\/wp-json\/wp\/v2\/posts"}],"about":[{"href":"https:\/\/abrelivros.org.br\/site\/wp-json\/wp\/v2\/types\/post"}],"author":[{"embeddable":true,"href":"https:\/\/abrelivros.org.br\/site\/wp-json\/wp\/v2\/users\/4"}],"replies":[{"embeddable":true,"href":"https:\/\/abrelivros.org.br\/site\/wp-json\/wp\/v2\/comments?post=13112"}],"version-history":[{"count":1,"href":"https:\/\/abrelivros.org.br\/site\/wp-json\/wp\/v2\/posts\/13112\/revisions"}],"predecessor-version":[{"id":13113,"href":"https:\/\/abrelivros.org.br\/site\/wp-json\/wp\/v2\/posts\/13112\/revisions\/13113"}],"wp:attachment":[{"href":"https:\/\/abrelivros.org.br\/site\/wp-json\/wp\/v2\/media?parent=13112"}],"wp:term":[{"taxonomy":"category","embeddable":true,"href":"https:\/\/abrelivros.org.br\/site\/wp-json\/wp\/v2\/categories?post=13112"},{"taxonomy":"post_tag","embeddable":true,"href":"https:\/\/abrelivros.org.br\/site\/wp-json\/wp\/v2\/tags?post=13112"}],"curies":[{"name":"wp","href":"https:\/\/api.w.org\/{rel}","templated":true}]}}