{"id":13110,"date":"2021-02-03T14:05:15","date_gmt":"2021-02-03T17:05:15","guid":{"rendered":"https:\/\/abrelivros.org.br\/site\/?p=13110"},"modified":"2021-02-03T14:05:15","modified_gmt":"2021-02-03T17:05:15","slug":"por-dentro-das-escolas-na-volta-as-aulas-veja-as-mudancas-e-medidas-de-seguranca","status":"publish","type":"post","link":"https:\/\/abrelivros.org.br\/site\/por-dentro-das-escolas-na-volta-as-aulas-veja-as-mudancas-e-medidas-de-seguranca\/","title":{"rendered":"Por dentro das escolas na volta \u00e0s aulas: veja as mudan\u00e7as e medidas de seguran\u00e7a"},"content":{"rendered":"<p>A Prefeitura de S\u00e3o Paulo autorizou, a partir do dia 1\u00ba de fevereiro, a volta \u00e0s aulas presenciais nas escolas particulares da cidade, da educa\u00e7\u00e3o infantil ao ensino m\u00e9dio. No Col\u00e9gio Rio Branco, em Higien\u00f3polis, os protocolos sanit\u00e1rios adotados contra a covid-19 foram recomendados pelo Hospital S\u00edrio Liban\u00eas. Dentre eles, term\u00f4metros na entrada, sinaliza\u00e7\u00f5es para garantir distanciamento social e \u00e1lcool em gel nos corredores. <!--more-->Ao Estad\u00e3o, alunos do 1\u00ba ano do Ensino M\u00e9dio contaram que ficaram felizes com a volta, depois de dez meses de ensino remoto por causa da pandemia.<\/p>\n<p>Na rede estadual, o retorno est\u00e1 previsto para a pr\u00f3xima segunda-feira, dia 8; na rede municipal, para 15 de fevereiro. Pela determina\u00e7\u00e3o do governo Jo\u00e3o Doria (PSDB), nas fases vermelha e laranja do plano de flexibiliza\u00e7\u00e3o da quarentena, as escolas podem funcionar com apenas 35% dos estudantes. Na fase amarela, os col\u00e9gios v\u00e3o poder funcionar com 70% da sua capacidade; e na fase verde, com 100% dos seus alunos.<\/p>\n<p>Para as escolas particulares, o retorno presencial \u00e9 opcional, independentemente da fase em que estiver o Estado, mas o ensino remoto precisa continuar sendo oferecido. Segundo Esther Carvalho, diretora-geral do Col\u00e9gio Rio Branco, cerca de 75% dos pais optaram pela volta \u00e0s aulas presenciais neste primeiro momento.<\/p>\n","protected":false},"excerpt":{"rendered":"<p>A Prefeitura de S\u00e3o Paulo autorizou, a partir do dia 1\u00ba de fevereiro, a volta \u00e0s aulas presenciais nas escolas particulares da cidade, da educa\u00e7\u00e3o infantil ao ensino m\u00e9dio. No Col\u00e9gio Rio Branco, em Higien\u00f3polis, os protocolos sanit\u00e1rios adotados contra a covid-19 foram recomendados pelo Hospital S\u00edrio Liban\u00eas. Dentre eles, term\u00f4metros na entrada, sinaliza\u00e7\u00f5es para [&hellip;]<\/p>\n","protected":false},"author":4,"featured_media":0,"comment_status":"closed","ping_status":"closed","sticky":false,"template":"","format":"standard","meta":{"footnotes":"","_links_to":"","_links_to_target":""},"categories":[9],"tags":[],"class_list":["post-13110","post","type-post","status-publish","format-standard","hentry","category-noticias-da-imprensa"],"yoast_head":"<!-- This site is optimized with the Yoast SEO plugin v15.1 - https:\/\/yoast.com\/wordpress\/plugins\/seo\/ -->\n<title>Por dentro das escolas na volta \u00e0s aulas: veja as mudan\u00e7as e medidas de seguran\u00e7a &raquo; Abrelivros<\/title>\n<meta name=\"robots\" content=\"index, follow, max-snippet:-1, max-image-preview:large, max-video-preview:-1\" \/>\n<link rel=\"canonical\" href=\"https:\/\/abrelivros.org.br\/site\/por-dentro-das-escolas-na-volta-as-aulas-veja-as-mudancas-e-medidas-de-seguranca\/\" \/>\n<meta property=\"og:locale\" content=\"pt_BR\" \/>\n<meta property=\"og:type\" content=\"article\" \/>\n<meta property=\"og:title\" content=\"Por dentro das escolas na volta \u00e0s aulas: veja as mudan\u00e7as e medidas de seguran\u00e7a &raquo; Abrelivros\" \/>\n<meta property=\"og:description\" content=\"A Prefeitura de S\u00e3o Paulo autorizou, a partir do dia 1\u00ba de fevereiro, a volta \u00e0s aulas presenciais nas escolas particulares da cidade, da educa\u00e7\u00e3o infantil ao ensino m\u00e9dio. No Col\u00e9gio Rio Branco, em Higien\u00f3polis, os protocolos sanit\u00e1rios adotados contra a covid-19 foram recomendados pelo Hospital S\u00edrio Liban\u00eas. Dentre eles, term\u00f4metros na entrada, sinaliza\u00e7\u00f5es para [&hellip;]\" \/>\n<meta property=\"og:url\" content=\"https:\/\/abrelivros.org.br\/site\/por-dentro-das-escolas-na-volta-as-aulas-veja-as-mudancas-e-medidas-de-seguranca\/\" \/>\n<meta property=\"og:site_name\" content=\"Abrelivros\" \/>\n<meta property=\"article:published_time\" content=\"2021-02-03T17:05:15+00:00\" \/>\n<meta name=\"twitter:card\" content=\"summary_large_image\" \/>\n<script type=\"application\/ld+json\" class=\"yoast-schema-graph\">{\"@context\":\"https:\/\/schema.org\",\"@graph\":[{\"@type\":\"WebSite\",\"@id\":\"https:\/\/abrelivros.org.br\/site\/#website\",\"url\":\"https:\/\/abrelivros.org.br\/site\/\",\"name\":\"Abrelivros\",\"description\":\"\",\"potentialAction\":[{\"@type\":\"SearchAction\",\"target\":\"https:\/\/abrelivros.org.br\/site\/?s={search_term_string}\",\"query-input\":\"required name=search_term_string\"}],\"inLanguage\":\"pt-BR\"},{\"@type\":\"WebPage\",\"@id\":\"https:\/\/abrelivros.org.br\/site\/por-dentro-das-escolas-na-volta-as-aulas-veja-as-mudancas-e-medidas-de-seguranca\/#webpage\",\"url\":\"https:\/\/abrelivros.org.br\/site\/por-dentro-das-escolas-na-volta-as-aulas-veja-as-mudancas-e-medidas-de-seguranca\/\",\"name\":\"Por dentro das escolas na volta \\u00e0s aulas: veja as mudan\\u00e7as e medidas de seguran\\u00e7a &raquo; Abrelivros\",\"isPartOf\":{\"@id\":\"https:\/\/abrelivros.org.br\/site\/#website\"},\"datePublished\":\"2021-02-03T17:05:15+00:00\",\"dateModified\":\"2021-02-03T17:05:15+00:00\",\"author\":{\"@id\":\"https:\/\/abrelivros.org.br\/site\/#\/schema\/person\/65db80e26409802ce15ac5feec6a15fd\"},\"breadcrumb\":{\"@id\":\"https:\/\/abrelivros.org.br\/site\/por-dentro-das-escolas-na-volta-as-aulas-veja-as-mudancas-e-medidas-de-seguranca\/#breadcrumb\"},\"inLanguage\":\"pt-BR\",\"potentialAction\":[{\"@type\":\"ReadAction\",\"target\":[\"https:\/\/abrelivros.org.br\/site\/por-dentro-das-escolas-na-volta-as-aulas-veja-as-mudancas-e-medidas-de-seguranca\/\"]}]},{\"@type\":\"BreadcrumbList\",\"@id\":\"https:\/\/abrelivros.org.br\/site\/por-dentro-das-escolas-na-volta-as-aulas-veja-as-mudancas-e-medidas-de-seguranca\/#breadcrumb\",\"itemListElement\":[{\"@type\":\"ListItem\",\"position\":1,\"item\":{\"@type\":\"WebPage\",\"@id\":\"https:\/\/abrelivros.org.br\/site\/\",\"url\":\"https:\/\/abrelivros.org.br\/site\/\",\"name\":\"In\\u00edcio\"}},{\"@type\":\"ListItem\",\"position\":2,\"item\":{\"@type\":\"WebPage\",\"@id\":\"https:\/\/abrelivros.org.br\/site\/category\/noticias\/\",\"url\":\"https:\/\/abrelivros.org.br\/site\/category\/noticias\/\",\"name\":\"Not\\u00edcias\"}},{\"@type\":\"ListItem\",\"position\":3,\"item\":{\"@type\":\"WebPage\",\"@id\":\"https:\/\/abrelivros.org.br\/site\/category\/noticias\/noticias-da-imprensa\/\",\"url\":\"https:\/\/abrelivros.org.br\/site\/category\/noticias\/noticias-da-imprensa\/\",\"name\":\"Not\\u00edcias da imprensa\"}},{\"@type\":\"ListItem\",\"position\":4,\"item\":{\"@type\":\"WebPage\",\"@id\":\"https:\/\/abrelivros.org.br\/site\/por-dentro-das-escolas-na-volta-as-aulas-veja-as-mudancas-e-medidas-de-seguranca\/\",\"url\":\"https:\/\/abrelivros.org.br\/site\/por-dentro-das-escolas-na-volta-as-aulas-veja-as-mudancas-e-medidas-de-seguranca\/\",\"name\":\"Por dentro das escolas na volta \\u00e0s aulas: veja as mudan\\u00e7as e medidas de seguran\\u00e7a\"}}]},{\"@type\":\"Person\",\"@id\":\"https:\/\/abrelivros.org.br\/site\/#\/schema\/person\/65db80e26409802ce15ac5feec6a15fd\",\"name\":\"Reda\\u00e7\\u00e3o Abrelivros\",\"image\":{\"@type\":\"ImageObject\",\"@id\":\"https:\/\/abrelivros.org.br\/site\/#personlogo\",\"inLanguage\":\"pt-BR\",\"url\":\"https:\/\/secure.gravatar.com\/avatar\/c4e57f9c7e3482965bd428192061218520756c39080b1d1820b679fa5e9af192?s=96&d=mm&r=g\",\"caption\":\"Reda\\u00e7\\u00e3o Abrelivros\"}}]}<\/script>\n<!-- \/ Yoast SEO plugin. -->","_links":{"self":[{"href":"https:\/\/abrelivros.org.br\/site\/wp-json\/wp\/v2\/posts\/13110","targetHints":{"allow":["GET"]}}],"collection":[{"href":"https:\/\/abrelivros.org.br\/site\/wp-json\/wp\/v2\/posts"}],"about":[{"href":"https:\/\/abrelivros.org.br\/site\/wp-json\/wp\/v2\/types\/post"}],"author":[{"embeddable":true,"href":"https:\/\/abrelivros.org.br\/site\/wp-json\/wp\/v2\/users\/4"}],"replies":[{"embeddable":true,"href":"https:\/\/abrelivros.org.br\/site\/wp-json\/wp\/v2\/comments?post=13110"}],"version-history":[{"count":1,"href":"https:\/\/abrelivros.org.br\/site\/wp-json\/wp\/v2\/posts\/13110\/revisions"}],"predecessor-version":[{"id":13111,"href":"https:\/\/abrelivros.org.br\/site\/wp-json\/wp\/v2\/posts\/13110\/revisions\/13111"}],"wp:attachment":[{"href":"https:\/\/abrelivros.org.br\/site\/wp-json\/wp\/v2\/media?parent=13110"}],"wp:term":[{"taxonomy":"category","embeddable":true,"href":"https:\/\/abrelivros.org.br\/site\/wp-json\/wp\/v2\/categories?post=13110"},{"taxonomy":"post_tag","embeddable":true,"href":"https:\/\/abrelivros.org.br\/site\/wp-json\/wp\/v2\/tags?post=13110"}],"curies":[{"name":"wp","href":"https:\/\/api.w.org\/{rel}","templated":true}]}}