{"id":13103,"date":"2021-02-02T16:14:21","date_gmt":"2021-02-02T19:14:21","guid":{"rendered":"https:\/\/abrelivros.org.br\/site\/?p=13103"},"modified":"2021-02-02T16:14:21","modified_gmt":"2021-02-02T19:14:21","slug":"ano-extra-videoaula-busca-ativa-especialistas-sugerem-acoes-para-trazer-de-volta-alunos-que-a-pandemia-afastou","status":"publish","type":"post","link":"https:\/\/abrelivros.org.br\/site\/ano-extra-videoaula-busca-ativa-especialistas-sugerem-acoes-para-trazer-de-volta-alunos-que-a-pandemia-afastou\/","title":{"rendered":"Ano extra, videoaula, busca ativa: especialistas sugerem a\u00e7\u00f5es para trazer de volta alunos que a pandemia afastou"},"content":{"rendered":"<p>A absten\u00e7\u00e3o recorde de 55,3% na segunda prova do Enem 2020 foi o alerta mais recente de que os danos causados \u00e0 educa\u00e7\u00e3o pela Covid-19 ainda est\u00e3o longe de acabar. Problemas como abandono escolar, reprova\u00e7\u00e3o e distor\u00e7\u00e3o idade\/s\u00e9rie (alunos com idade acima do esperado para a etapa que cursam) se tornaram desafios ainda maiores ap\u00f3s um ano de escolas fechadas \u2014 em 2020, 5,5 milh\u00f5es de crian\u00e7as e adolescentes n\u00e3o receberam nenhuma forma de ensino, segundo pesquisa do Unicef e do Instituto Claro publicada nesta quinta-feira.<!--more--><\/p>\n<p>Para enfrentar a crise educacional, especialistas elencaram a pedido da reportagem algumas a\u00e7\u00f5es concretas que podem ser tomadas em n\u00edvel nacional e j\u00e1 possuem exemplos em andamento no pa\u00eds.Al\u00e9m de insistir para que estudantes tenham novas oportunidades de prestar vestibular, pesquisadores da \u00e1rea defendem que \u00e9 preciso uma reformula\u00e7\u00e3o pedag\u00f3gica voltada para trazer jovens e crian\u00e7as de volta ao ambiente escolar (ainda que seja virtual).<\/p>\n<p><strong>Diagn\u00f3stico das perdas<\/strong><\/p>\n<p>Claudia Costin, diretora do Centro de Excel\u00eancia e Inova\u00e7\u00e3o em Pol\u00edticas Educacionais da FGV, defende a import\u00e2ncia de se criar uma avalia\u00e7\u00e3o das perdas de aprendizagem e de se montar um sistema de recupera\u00e7\u00e3o que permita repor conte\u00fados .<\/p>\n<p>Um dos exemplos de projetos que podem ajudar nesse diagn\u00f3stico \u00e9 o Trajet\u00f3rias de Sucesso Escolar, iniciativa do Unicef com o Instituto Claro. A plataforma re\u00fane as taxas de distor\u00e7\u00e3o e os \u00edndices de abandono e reprova\u00e7\u00e3o, com recortes por g\u00eanero, ra\u00e7a e localidade, apontando para as rela\u00e7\u00f5es entre o atraso escolar e as desigualdades brasileiras.<\/p>\n<p>Al\u00e9m disso, os dois institutos lan\u00e7aram na quinta-feira o estudo \u201cEnfrentamento da cultura do fracasso escolar\u201d, produzido pelo Cenpec Educa\u00e7\u00e3o. A pesquisa revelou que 3,8% das crian\u00e7as e adolescentes de 6 a 17 anos (1,38 milh\u00f5es) n\u00e3o frequentavam mais a escola no Brasil em outubro, seja de forma remota ou presencial \u2014 quase o dobro do \u00edndice de 2019, segundo a Pnad Cont\u00ednua.<\/p>\n<p>Diante deste quadro, destacam-se iniciativas como a Busca Ativa Escolar. Capitaneada pelo Unicef, \u00e9 tida como refer\u00eancia para apoiar munic\u00edpios na identifica\u00e7\u00e3o de estudantes que est\u00e3o fora do sistema escolar, ajudando-os a retornar.<\/p>\n<p>\u00c9 preciso ir atr\u00e1s de cada um dos 5,5 milh\u00f5es de estudantes que n\u00e3o conseguiram se manter aprendendo na pandemia \u2014 diz \u00cdtalo Dutra, chefe de educa\u00e7\u00e3o do Unicef no Brasil. \u2014Para trazer esses estudantes de volta e garantir a aprendizagem \u00e9 preciso um esfor\u00e7o conjunto de governo, sociedade e comunidade escolar .<\/p>\n<p><strong>Ano Extra no Ensino M\u00e9dio<\/strong><\/p>\n<p>Antonio Gois, especialista em edu\u00e7\u00e3o e colunista do GLOBO, destaca que uma das pol\u00edticas mais interessantes para responder pontualmente o problema dos jovens que acabaram perdendo o Enem devido \u00e0 pandemia \u00e9 a cria\u00e7\u00e3o de um \u201c4\u00ba ano no ensino m\u00e9dio\u201d. Seria uma esp\u00e9cie de preparat\u00f3rio pr\u00e9-vestibular, para jovens de escolas p\u00fablicas. A ideia \u00e9 atender jovens que desejam entrar no ensino superior mas, como a absten\u00e7\u00e3o do Enem indica, podem desistir sem suporte. Algumas redes estaduais como as de S\u00e3o Paulo, Maranh\u00e3o e Rio de Janeiro j\u00e1 anunciaram a cria\u00e7\u00e3o destas turmas opcionais.<\/p>\n<p>O que acontece quando um jovem com condic\u00f5es financeiras n\u00e3o passa (no vestibular)? Ele faz cursinho at\u00e9 ingressar. \u00c9 importante que o setor p\u00fablico ofere\u00e7a essa oportunidade tamb\u00e9m aos que n\u00e3o t\u00eam essa possibilidade, e que, por conta da pandemia, sequer fez o Enem ou foi muito mal \u2014 sugere Gois.<\/p>\n<p><strong>Pedagogia com Tecnologia<\/strong><\/p>\n<p>Os especialistas tamb\u00e9m apontam para a import\u00e2ncia da inclus\u00e3o definitiva do uso das tecnologias digitais, videoaulas e outras ferramentas digitais na rotina escolar. Cesar Nunes, do conselho consultivo do Pisa 2021, destaca que \u00e9 preciso rever os curr\u00edculos adaptando os cotidianos escolares para que se tornem mais atraentes para os jovens.<\/p>\n<p>A ideia \u00e9 que o uso da tecnologia no ensino h\u00edbrido permita uma mudan\u00e7a de longo prazo. Precisamos de uma mudan\u00e7a de cultura na educa\u00e7\u00e3o. diz Nunes, que trabalha com o Instituto Unibanco para criar a\u00e7\u00f5es voltadas para a educa\u00e7\u00e3o em parceria com seis estados brasileiros.<\/p>\n<p>De olho na virada digital promovida pela pandemia, a Funda\u00e7\u00e3o Roberto Marinho apostou em produzir conte\u00fados e servi\u00e7os educacionais gratuitos em suas plataformas. E j\u00e1 disponibilizou mais de 600 videoaulas in\u00e9ditas no YouTube do Futura, atendendo mais de 4.300 alunos por m\u00eas em aulas online no projeto Classes Abertas, entre outras iniciativas.<\/p>\n<p>Segundo Claudia Costin propostas como essas deveriam virar pol\u00edticas p\u00fablicas de \u00e2mbito nacional ccoordenada pelo Minist\u00e9rio da Educa\u00e7\u00e3o. Por\u00e9m, a especialista diz, a pasta \u201cfoi ausente\u201d nos esfor\u00e7os que v\u00eam sendo promovidos por esferas estaduais, municipais, al\u00e9m da sociedade civil e do terceiro setor.<\/p>\n<p>Podemos agir melhor durante essa crise, temos o nono PIB do planeta\u2014 afirma Costin \u2014 E essa pandemia mostrou que educa\u00e7\u00e3o \u00e9 um servi\u00e7o essencial.<\/p>\n","protected":false},"excerpt":{"rendered":"<p>A absten\u00e7\u00e3o recorde de 55,3% na segunda prova do Enem 2020 foi o alerta mais recente de que os danos causados \u00e0 educa\u00e7\u00e3o pela Covid-19 ainda est\u00e3o longe de acabar. Problemas como abandono escolar, reprova\u00e7\u00e3o e distor\u00e7\u00e3o idade\/s\u00e9rie (alunos com idade acima do esperado para a etapa que cursam) se tornaram desafios ainda maiores ap\u00f3s [&hellip;]<\/p>\n","protected":false},"author":4,"featured_media":0,"comment_status":"closed","ping_status":"closed","sticky":false,"template":"","format":"standard","meta":{"footnotes":"","_links_to":"","_links_to_target":""},"categories":[9],"tags":[],"class_list":["post-13103","post","type-post","status-publish","format-standard","hentry","category-noticias-da-imprensa"],"yoast_head":"<!-- This site is optimized with the Yoast SEO plugin v15.1 - https:\/\/yoast.com\/wordpress\/plugins\/seo\/ -->\n<title>Ano extra, videoaula, busca ativa: especialistas sugerem a\u00e7\u00f5es para trazer de volta alunos que a pandemia afastou &raquo; Abrelivros<\/title>\n<meta name=\"robots\" content=\"index, follow, max-snippet:-1, max-image-preview:large, max-video-preview:-1\" \/>\n<link rel=\"canonical\" href=\"https:\/\/abrelivros.org.br\/site\/ano-extra-videoaula-busca-ativa-especialistas-sugerem-acoes-para-trazer-de-volta-alunos-que-a-pandemia-afastou\/\" \/>\n<meta property=\"og:locale\" content=\"pt_BR\" \/>\n<meta property=\"og:type\" content=\"article\" \/>\n<meta property=\"og:title\" content=\"Ano extra, videoaula, busca ativa: especialistas sugerem a\u00e7\u00f5es para trazer de volta alunos que a pandemia afastou &raquo; Abrelivros\" \/>\n<meta property=\"og:description\" content=\"A absten\u00e7\u00e3o recorde de 55,3% na segunda prova do Enem 2020 foi o alerta mais recente de que os danos causados \u00e0 educa\u00e7\u00e3o pela Covid-19 ainda est\u00e3o longe de acabar. Problemas como abandono escolar, reprova\u00e7\u00e3o e distor\u00e7\u00e3o idade\/s\u00e9rie (alunos com idade acima do esperado para a etapa que cursam) se tornaram desafios ainda maiores ap\u00f3s [&hellip;]\" \/>\n<meta property=\"og:url\" content=\"https:\/\/abrelivros.org.br\/site\/ano-extra-videoaula-busca-ativa-especialistas-sugerem-acoes-para-trazer-de-volta-alunos-que-a-pandemia-afastou\/\" \/>\n<meta property=\"og:site_name\" content=\"Abrelivros\" \/>\n<meta property=\"article:published_time\" content=\"2021-02-02T19:14:21+00:00\" \/>\n<meta name=\"twitter:card\" content=\"summary_large_image\" \/>\n<script type=\"application\/ld+json\" class=\"yoast-schema-graph\">{\"@context\":\"https:\/\/schema.org\",\"@graph\":[{\"@type\":\"WebSite\",\"@id\":\"https:\/\/abrelivros.org.br\/site\/#website\",\"url\":\"https:\/\/abrelivros.org.br\/site\/\",\"name\":\"Abrelivros\",\"description\":\"\",\"potentialAction\":[{\"@type\":\"SearchAction\",\"target\":\"https:\/\/abrelivros.org.br\/site\/?s={search_term_string}\",\"query-input\":\"required name=search_term_string\"}],\"inLanguage\":\"pt-BR\"},{\"@type\":\"WebPage\",\"@id\":\"https:\/\/abrelivros.org.br\/site\/ano-extra-videoaula-busca-ativa-especialistas-sugerem-acoes-para-trazer-de-volta-alunos-que-a-pandemia-afastou\/#webpage\",\"url\":\"https:\/\/abrelivros.org.br\/site\/ano-extra-videoaula-busca-ativa-especialistas-sugerem-acoes-para-trazer-de-volta-alunos-que-a-pandemia-afastou\/\",\"name\":\"Ano extra, videoaula, busca ativa: especialistas sugerem a\\u00e7\\u00f5es para trazer de volta alunos que a pandemia afastou &raquo; Abrelivros\",\"isPartOf\":{\"@id\":\"https:\/\/abrelivros.org.br\/site\/#website\"},\"datePublished\":\"2021-02-02T19:14:21+00:00\",\"dateModified\":\"2021-02-02T19:14:21+00:00\",\"author\":{\"@id\":\"https:\/\/abrelivros.org.br\/site\/#\/schema\/person\/65db80e26409802ce15ac5feec6a15fd\"},\"breadcrumb\":{\"@id\":\"https:\/\/abrelivros.org.br\/site\/ano-extra-videoaula-busca-ativa-especialistas-sugerem-acoes-para-trazer-de-volta-alunos-que-a-pandemia-afastou\/#breadcrumb\"},\"inLanguage\":\"pt-BR\",\"potentialAction\":[{\"@type\":\"ReadAction\",\"target\":[\"https:\/\/abrelivros.org.br\/site\/ano-extra-videoaula-busca-ativa-especialistas-sugerem-acoes-para-trazer-de-volta-alunos-que-a-pandemia-afastou\/\"]}]},{\"@type\":\"BreadcrumbList\",\"@id\":\"https:\/\/abrelivros.org.br\/site\/ano-extra-videoaula-busca-ativa-especialistas-sugerem-acoes-para-trazer-de-volta-alunos-que-a-pandemia-afastou\/#breadcrumb\",\"itemListElement\":[{\"@type\":\"ListItem\",\"position\":1,\"item\":{\"@type\":\"WebPage\",\"@id\":\"https:\/\/abrelivros.org.br\/site\/\",\"url\":\"https:\/\/abrelivros.org.br\/site\/\",\"name\":\"In\\u00edcio\"}},{\"@type\":\"ListItem\",\"position\":2,\"item\":{\"@type\":\"WebPage\",\"@id\":\"https:\/\/abrelivros.org.br\/site\/category\/noticias\/\",\"url\":\"https:\/\/abrelivros.org.br\/site\/category\/noticias\/\",\"name\":\"Not\\u00edcias\"}},{\"@type\":\"ListItem\",\"position\":3,\"item\":{\"@type\":\"WebPage\",\"@id\":\"https:\/\/abrelivros.org.br\/site\/category\/noticias\/noticias-da-imprensa\/\",\"url\":\"https:\/\/abrelivros.org.br\/site\/category\/noticias\/noticias-da-imprensa\/\",\"name\":\"Not\\u00edcias da imprensa\"}},{\"@type\":\"ListItem\",\"position\":4,\"item\":{\"@type\":\"WebPage\",\"@id\":\"https:\/\/abrelivros.org.br\/site\/ano-extra-videoaula-busca-ativa-especialistas-sugerem-acoes-para-trazer-de-volta-alunos-que-a-pandemia-afastou\/\",\"url\":\"https:\/\/abrelivros.org.br\/site\/ano-extra-videoaula-busca-ativa-especialistas-sugerem-acoes-para-trazer-de-volta-alunos-que-a-pandemia-afastou\/\",\"name\":\"Ano extra, videoaula, busca ativa: especialistas sugerem a\\u00e7\\u00f5es para trazer de volta alunos que a pandemia afastou\"}}]},{\"@type\":\"Person\",\"@id\":\"https:\/\/abrelivros.org.br\/site\/#\/schema\/person\/65db80e26409802ce15ac5feec6a15fd\",\"name\":\"Reda\\u00e7\\u00e3o Abrelivros\",\"image\":{\"@type\":\"ImageObject\",\"@id\":\"https:\/\/abrelivros.org.br\/site\/#personlogo\",\"inLanguage\":\"pt-BR\",\"url\":\"https:\/\/secure.gravatar.com\/avatar\/c4e57f9c7e3482965bd428192061218520756c39080b1d1820b679fa5e9af192?s=96&d=mm&r=g\",\"caption\":\"Reda\\u00e7\\u00e3o Abrelivros\"}}]}<\/script>\n<!-- \/ Yoast SEO plugin. -->","_links":{"self":[{"href":"https:\/\/abrelivros.org.br\/site\/wp-json\/wp\/v2\/posts\/13103","targetHints":{"allow":["GET"]}}],"collection":[{"href":"https:\/\/abrelivros.org.br\/site\/wp-json\/wp\/v2\/posts"}],"about":[{"href":"https:\/\/abrelivros.org.br\/site\/wp-json\/wp\/v2\/types\/post"}],"author":[{"embeddable":true,"href":"https:\/\/abrelivros.org.br\/site\/wp-json\/wp\/v2\/users\/4"}],"replies":[{"embeddable":true,"href":"https:\/\/abrelivros.org.br\/site\/wp-json\/wp\/v2\/comments?post=13103"}],"version-history":[{"count":1,"href":"https:\/\/abrelivros.org.br\/site\/wp-json\/wp\/v2\/posts\/13103\/revisions"}],"predecessor-version":[{"id":13104,"href":"https:\/\/abrelivros.org.br\/site\/wp-json\/wp\/v2\/posts\/13103\/revisions\/13104"}],"wp:attachment":[{"href":"https:\/\/abrelivros.org.br\/site\/wp-json\/wp\/v2\/media?parent=13103"}],"wp:term":[{"taxonomy":"category","embeddable":true,"href":"https:\/\/abrelivros.org.br\/site\/wp-json\/wp\/v2\/categories?post=13103"},{"taxonomy":"post_tag","embeddable":true,"href":"https:\/\/abrelivros.org.br\/site\/wp-json\/wp\/v2\/tags?post=13103"}],"curies":[{"name":"wp","href":"https:\/\/api.w.org\/{rel}","templated":true}]}}