{"id":13101,"date":"2021-02-02T16:09:44","date_gmt":"2021-02-02T19:09:44","guid":{"rendered":"https:\/\/abrelivros.org.br\/site\/?p=13101"},"modified":"2021-02-02T16:32:50","modified_gmt":"2021-02-02T19:32:50","slug":"mec-autoriza-o-funcionamento-de-mais-4-polos-de-inovacao","status":"publish","type":"post","link":"https:\/\/abrelivros.org.br\/site\/mec-autoriza-o-funcionamento-de-mais-4-polos-de-inovacao\/","title":{"rendered":"MEC autoriza o funcionamento de mais 4 Polos de Inova\u00e7\u00e3o"},"content":{"rendered":"<p>A Rede Federal de Educa\u00e7\u00e3o Profissional, Cient\u00edfica e Tecnol\u00f3gica ganha mais 4 polos de inova\u00e7\u00e3o, totalizando 13 unidades oficialmente credenciadas. A iniciativa est\u00e1 alinhada \u00e0s estrat\u00e9gias da a\u00e7\u00e3o Novos Caminhos de amplia\u00e7\u00e3o da inova\u00e7\u00e3o e do empreendedorismo, voltados ao desenvolvimento de pesquisas avan\u00e7adas que atendam \u00e0s demandas reais do setor produtivo.<!--more--> A autoriza\u00e7\u00e3o expedida pelo Minist\u00e9rio da Educa\u00e7\u00e3o (MEC), por meio da <a href=\"https:\/\/www.in.gov.br\/en\/web\/dou\/-\/portaria-n-50-de-29-de-janeiro-de-2021-301654023\" target=\"_blank\" rel=\"noopener noreferrer\">Portaria n\u00ba 50, de 29 de janeiro de 2021<\/a>, foi publicada hoje (1), e define uma nova estrutura organizacional para as institui\u00e7\u00f5es contempladas pela <a href=\"https:\/\/embrapii.org.br\/wp-content\/images\/2020\/02\/200217-CHAMADA-PUBLICA_032020-v5-final.pdf\" target=\"_blank\" rel=\"noopener noreferrer\">Chamada P\u00fablica Embrapii n\u00ba 003\/2020<\/a>, que selecionou os 4 Institutos Federais (IFs) para a estrutura\u00e7\u00e3o dos polos.<\/p>\n<p>O Ministro de Estado da Educa\u00e7\u00e3o, Milton Ribeiro, autorizou a distribui\u00e7\u00e3o dos cargos de Dire\u00e7\u00e3o e das Fun\u00e7\u00f5es Gratificadas, sendo 4 CD-2, 4 CD-4 e 7 FG-2, para as novas unidades autorizadas: Instituto Federal do Amazonas (Ifam), em Manaus; Instituto Federal de Goi\u00e1s (IFG), em Goi\u00e2nia; Instituto Federal do Tri\u00e2ngulo Mineiro (IFTM), em Uberaba; e Instituto Federal de S\u00e3o Paulo (IFSP), em Mat\u00e3o, noroeste do estado. Os polos de inova\u00e7\u00e3o s\u00e3o destinados ao atendimento de demandas das cadeias produtivas por Pesquisa, Desenvolvimento e Inova\u00e7\u00e3o (PD&amp;I) e \u00e0 forma\u00e7\u00e3o profissional para os setores de base tecnol\u00f3gica. As novas unidades estruturadas s\u00e3o: Instituto Federal do Amazonas (Ifam), em Manaus; Instituto Federal de Goi\u00e1s (IFG), em Goi\u00e2nia; Instituto Federal do Tri\u00e2ngulo Mineiro (IFTM), em Uberaba; e Instituto Federal de S\u00e3o Paulo (IFSP), em Mat\u00e3o, noroeste do estado.<\/p>\n<p>\u201cAs pesquisas e projetos desenvolvidos pelos polos de inova\u00e7\u00e3o est\u00e3o alinhados ao potencial econ\u00f4mico de cada regi\u00e3o em que as unidades est\u00e3o implantadas, fomentando inclusive, processos de transfer\u00eancia de tecnologia por meio de dep\u00f3sitos de pedidos de prote\u00e7\u00e3o de propriedade intelectual\u201d, informou o secret\u00e1rio de Educa\u00e7\u00e3o Profissional e Tecnol\u00f3gica do MEC, Wandemberg Venceslau.<\/p>\n<p>A estrutura\u00e7\u00e3o dos polos de inova\u00e7\u00e3o na Rede Federal \u00e9 uma iniciativa da Secretaria de Educa\u00e7\u00e3o Profissional e Tecnol\u00f3gica (Setec) do MEC por meio de uma parceria com a Associa\u00e7\u00e3o Brasileira de Pesquisa e Inova\u00e7\u00e3o Industrial (Embrapii), resultante de um investimento de aproximadamente R$ 10 milh\u00f5es, para o per\u00edodo de 3 anos de vig\u00eancia do credenciamento. Al\u00e9m de estimular a intera\u00e7\u00e3o entre o setor produtivo e os centros de pesquisas, os polos devem garantir a participa\u00e7\u00e3o dos estudantes, dando \u00eanfase \u00e0 dimens\u00e3o educacional dos seus projetos. Ao todo, h\u00e1 cerca de 800 estudantes e jovens pesquisadores dos Institutos Federais (IFs) que participam dos 131 projetos desenvolvidos nos 9 polos j\u00e1 existentes.<\/p>\n<p><strong>Polos de Inova\u00e7\u00e3o em funcionamento na Rede Federal.<\/strong><\/p>\n<p>Ao todo, s\u00e3o 13 polos credenciados para o desenvolvimento de projetos de inova\u00e7\u00e3o. Al\u00e9m dos 4 polos autorizados hoje, os outros est\u00e3o em funcionamento no Instituto Federal de Minas Gerais (IFMG), Instituto Federal da Bahia (IFBA), Instituto Federal Fluminense (IFF), Instituto Federal do Esp\u00edrito Santo (Ifes), Instituto Federal do Sul de Minas (IFSuldeMinas), Instituto Federal da Para\u00edba (IFPB), Instituto Federal Goiano (IFGoiano), Instituto Federal de Santa Catarina (IFSC) e Instituto Federal do Cear\u00e1 (IFCE).<\/p>\n<p>Os polos de inova\u00e7\u00e3o s\u00e3o constitu\u00eddos a partir de compet\u00eancias tecnol\u00f3gicas espec\u00edficas dos IFs doMEC, que s\u00e3o mobilizadas para o desenvolvimento de inova\u00e7\u00f5es para a ind\u00fastria brasileira. Os IFs, que possuem polos de inova\u00e7\u00e3o, est\u00e3o credenciados a receberem recursos financeiros para prospectar e executar projetos de Pesquisa, Desenvolvimento e Inovac\u0327a\u0303o (PD&amp;I). Esses projetos ser\u00e3o realizados em parceria com empresas industriais, em \u00e1rea de compet\u00eancia definida em seus planos de a\u00e7\u00e3o, com o compromisso contratual de atingir metas de desempenho pactuadas no ato do credenciamento.<\/p>\n<p>Al\u00e9m disso, os polos atuam de forma inovadora em suas diversas atividades, incluindo os aspectos relativos \u00e0 gest\u00e3o e \u00e0s atividades de ensino, pesquisa e extens\u00e3o, de forma a fomentar a cultura da inova\u00e7\u00e3o em todas as suas unidades administrativas, bem como nas cadeias produtivas com as quais se relacionam.<\/p>\n","protected":false},"excerpt":{"rendered":"<p>A Rede Federal de Educa\u00e7\u00e3o Profissional, Cient\u00edfica e Tecnol\u00f3gica ganha mais 4 polos de inova\u00e7\u00e3o, totalizando 13 unidades oficialmente credenciadas. A iniciativa est\u00e1 alinhada \u00e0s estrat\u00e9gias da a\u00e7\u00e3o Novos Caminhos de amplia\u00e7\u00e3o da inova\u00e7\u00e3o e do empreendedorismo, voltados ao desenvolvimento de pesquisas avan\u00e7adas que atendam \u00e0s demandas reais do setor produtivo.<\/p>\n","protected":false},"author":4,"featured_media":0,"comment_status":"closed","ping_status":"closed","sticky":false,"template":"","format":"standard","meta":{"footnotes":"","_links_to":"","_links_to_target":""},"categories":[9],"tags":[],"class_list":["post-13101","post","type-post","status-publish","format-standard","hentry","category-noticias-da-imprensa"],"yoast_head":"<!-- This site is optimized with the Yoast SEO plugin v15.1 - https:\/\/yoast.com\/wordpress\/plugins\/seo\/ -->\n<title>MEC autoriza o funcionamento de mais 4 Polos de Inova\u00e7\u00e3o &raquo; Abrelivros<\/title>\n<meta name=\"robots\" content=\"index, follow, max-snippet:-1, max-image-preview:large, max-video-preview:-1\" \/>\n<link rel=\"canonical\" href=\"https:\/\/abrelivros.org.br\/site\/mec-autoriza-o-funcionamento-de-mais-4-polos-de-inovacao\/\" \/>\n<meta property=\"og:locale\" content=\"pt_BR\" \/>\n<meta property=\"og:type\" content=\"article\" \/>\n<meta property=\"og:title\" content=\"MEC autoriza o funcionamento de mais 4 Polos de Inova\u00e7\u00e3o &raquo; Abrelivros\" \/>\n<meta property=\"og:description\" content=\"A Rede Federal de Educa\u00e7\u00e3o Profissional, Cient\u00edfica e Tecnol\u00f3gica ganha mais 4 polos de inova\u00e7\u00e3o, totalizando 13 unidades oficialmente credenciadas. A iniciativa est\u00e1 alinhada \u00e0s estrat\u00e9gias da a\u00e7\u00e3o Novos Caminhos de amplia\u00e7\u00e3o da inova\u00e7\u00e3o e do empreendedorismo, voltados ao desenvolvimento de pesquisas avan\u00e7adas que atendam \u00e0s demandas reais do setor produtivo.\" \/>\n<meta property=\"og:url\" content=\"https:\/\/abrelivros.org.br\/site\/mec-autoriza-o-funcionamento-de-mais-4-polos-de-inovacao\/\" \/>\n<meta property=\"og:site_name\" content=\"Abrelivros\" \/>\n<meta property=\"article:published_time\" content=\"2021-02-02T19:09:44+00:00\" \/>\n<meta property=\"article:modified_time\" content=\"2021-02-02T19:32:50+00:00\" \/>\n<meta name=\"twitter:card\" content=\"summary_large_image\" \/>\n<script type=\"application\/ld+json\" class=\"yoast-schema-graph\">{\"@context\":\"https:\/\/schema.org\",\"@graph\":[{\"@type\":\"WebSite\",\"@id\":\"https:\/\/abrelivros.org.br\/site\/#website\",\"url\":\"https:\/\/abrelivros.org.br\/site\/\",\"name\":\"Abrelivros\",\"description\":\"\",\"potentialAction\":[{\"@type\":\"SearchAction\",\"target\":\"https:\/\/abrelivros.org.br\/site\/?s={search_term_string}\",\"query-input\":\"required name=search_term_string\"}],\"inLanguage\":\"pt-BR\"},{\"@type\":\"WebPage\",\"@id\":\"https:\/\/abrelivros.org.br\/site\/mec-autoriza-o-funcionamento-de-mais-4-polos-de-inovacao\/#webpage\",\"url\":\"https:\/\/abrelivros.org.br\/site\/mec-autoriza-o-funcionamento-de-mais-4-polos-de-inovacao\/\",\"name\":\"MEC autoriza o funcionamento de mais 4 Polos de Inova\\u00e7\\u00e3o &raquo; Abrelivros\",\"isPartOf\":{\"@id\":\"https:\/\/abrelivros.org.br\/site\/#website\"},\"datePublished\":\"2021-02-02T19:09:44+00:00\",\"dateModified\":\"2021-02-02T19:32:50+00:00\",\"author\":{\"@id\":\"https:\/\/abrelivros.org.br\/site\/#\/schema\/person\/65db80e26409802ce15ac5feec6a15fd\"},\"breadcrumb\":{\"@id\":\"https:\/\/abrelivros.org.br\/site\/mec-autoriza-o-funcionamento-de-mais-4-polos-de-inovacao\/#breadcrumb\"},\"inLanguage\":\"pt-BR\",\"potentialAction\":[{\"@type\":\"ReadAction\",\"target\":[\"https:\/\/abrelivros.org.br\/site\/mec-autoriza-o-funcionamento-de-mais-4-polos-de-inovacao\/\"]}]},{\"@type\":\"BreadcrumbList\",\"@id\":\"https:\/\/abrelivros.org.br\/site\/mec-autoriza-o-funcionamento-de-mais-4-polos-de-inovacao\/#breadcrumb\",\"itemListElement\":[{\"@type\":\"ListItem\",\"position\":1,\"item\":{\"@type\":\"WebPage\",\"@id\":\"https:\/\/abrelivros.org.br\/site\/\",\"url\":\"https:\/\/abrelivros.org.br\/site\/\",\"name\":\"In\\u00edcio\"}},{\"@type\":\"ListItem\",\"position\":2,\"item\":{\"@type\":\"WebPage\",\"@id\":\"https:\/\/abrelivros.org.br\/site\/category\/noticias\/\",\"url\":\"https:\/\/abrelivros.org.br\/site\/category\/noticias\/\",\"name\":\"Not\\u00edcias\"}},{\"@type\":\"ListItem\",\"position\":3,\"item\":{\"@type\":\"WebPage\",\"@id\":\"https:\/\/abrelivros.org.br\/site\/category\/noticias\/noticias-da-imprensa\/\",\"url\":\"https:\/\/abrelivros.org.br\/site\/category\/noticias\/noticias-da-imprensa\/\",\"name\":\"Not\\u00edcias da imprensa\"}},{\"@type\":\"ListItem\",\"position\":4,\"item\":{\"@type\":\"WebPage\",\"@id\":\"https:\/\/abrelivros.org.br\/site\/mec-autoriza-o-funcionamento-de-mais-4-polos-de-inovacao\/\",\"url\":\"https:\/\/abrelivros.org.br\/site\/mec-autoriza-o-funcionamento-de-mais-4-polos-de-inovacao\/\",\"name\":\"MEC autoriza o funcionamento de mais 4 Polos de Inova\\u00e7\\u00e3o\"}}]},{\"@type\":\"Person\",\"@id\":\"https:\/\/abrelivros.org.br\/site\/#\/schema\/person\/65db80e26409802ce15ac5feec6a15fd\",\"name\":\"Reda\\u00e7\\u00e3o Abrelivros\",\"image\":{\"@type\":\"ImageObject\",\"@id\":\"https:\/\/abrelivros.org.br\/site\/#personlogo\",\"inLanguage\":\"pt-BR\",\"url\":\"https:\/\/secure.gravatar.com\/avatar\/c4e57f9c7e3482965bd428192061218520756c39080b1d1820b679fa5e9af192?s=96&d=mm&r=g\",\"caption\":\"Reda\\u00e7\\u00e3o Abrelivros\"}}]}<\/script>\n<!-- \/ Yoast SEO plugin. -->","_links":{"self":[{"href":"https:\/\/abrelivros.org.br\/site\/wp-json\/wp\/v2\/posts\/13101","targetHints":{"allow":["GET"]}}],"collection":[{"href":"https:\/\/abrelivros.org.br\/site\/wp-json\/wp\/v2\/posts"}],"about":[{"href":"https:\/\/abrelivros.org.br\/site\/wp-json\/wp\/v2\/types\/post"}],"author":[{"embeddable":true,"href":"https:\/\/abrelivros.org.br\/site\/wp-json\/wp\/v2\/users\/4"}],"replies":[{"embeddable":true,"href":"https:\/\/abrelivros.org.br\/site\/wp-json\/wp\/v2\/comments?post=13101"}],"version-history":[{"count":4,"href":"https:\/\/abrelivros.org.br\/site\/wp-json\/wp\/v2\/posts\/13101\/revisions"}],"predecessor-version":[{"id":13109,"href":"https:\/\/abrelivros.org.br\/site\/wp-json\/wp\/v2\/posts\/13101\/revisions\/13109"}],"wp:attachment":[{"href":"https:\/\/abrelivros.org.br\/site\/wp-json\/wp\/v2\/media?parent=13101"}],"wp:term":[{"taxonomy":"category","embeddable":true,"href":"https:\/\/abrelivros.org.br\/site\/wp-json\/wp\/v2\/categories?post=13101"},{"taxonomy":"post_tag","embeddable":true,"href":"https:\/\/abrelivros.org.br\/site\/wp-json\/wp\/v2\/tags?post=13101"}],"curies":[{"name":"wp","href":"https:\/\/api.w.org\/{rel}","templated":true}]}}