{"id":13099,"date":"2021-02-02T16:04:45","date_gmt":"2021-02-02T19:04:45","guid":{"rendered":"https:\/\/abrelivros.org.br\/site\/?p=13099"},"modified":"2021-02-02T16:23:14","modified_gmt":"2021-02-02T19:23:14","slug":"planos-de-educacao-locais-serao-acompanhados-em-ambiente-virtual","status":"publish","type":"post","link":"https:\/\/abrelivros.org.br\/site\/planos-de-educacao-locais-serao-acompanhados-em-ambiente-virtual\/","title":{"rendered":"Planos de Educa\u00e7\u00e3o locais ser\u00e3o acompanhados em ambiente virtual"},"content":{"rendered":"<p>O Minist\u00e9rio da Educa\u00e7\u00e3o (MEC) desenvolve um conjunto de a\u00e7\u00f5es voltadas para o aprimoramento dos processos de gest\u00e3o, monitoramento e avalia\u00e7\u00e3o dos sistemas de ensino por meio do fortalecimento das rela\u00e7\u00f5es colaborativas com os entes federados, para a constru\u00e7\u00e3o de consensos sucessivos em torno dos temas estruturantes dessas \u00e1reas, tendo como horizonte o Plano Nacional de Educa\u00e7\u00e3o (PNE).<!--more--><\/p>\n<p>Entre as diversas a\u00e7\u00f5es para promover, em coopera\u00e7\u00e3o federativa, o<strong> MEC contar\u00e1 com a Plataforma +PNE<\/strong>, um ambiente virtual dedicado ao monitoramento e avalia\u00e7\u00e3o dos Planos de Educa\u00e7\u00e3o dos estados, Distrito Federal e munic\u00edpios.<\/p>\n<p>A ferramenta estabelecida por meio da Portaria n\u00ba 41, de 25 de janeiro de 2021, se integra ao Plano de A\u00e7\u00f5es Articuladas, que fornecer\u00e1 subs\u00eddios para garantir a sustentabilidade das a\u00e7\u00f5es apoiadas pelo MEC e fortalecer\u00e1 os mecanismos de articula\u00e7\u00e3o com os sistemas de ensino, por interm\u00e9dio do desenvolvimento de a\u00e7\u00f5es conjuntas, de forma a contribuir para consolidar o regime de colabora\u00e7\u00e3o.<\/p>\n<p>\u201c\u00c9 um instrumento de planejamento e gest\u00e3o para a melhoria da qualidade da educa\u00e7\u00e3o em converg\u00eancia com metas, estrat\u00e9gias e diretrizes do Plano Nacional de Educa\u00e7\u00e3o\u201d, explicou o coordenador-geral de Apoio \u00e0s Redes e Infraestrutura Educacional da Secretaria de Educa\u00e7\u00e3o B\u00e1sica, do Minist\u00e9rio da Educa\u00e7\u00e3o, Alexsander Moreira.<\/p>\n<p>O Plano de A\u00e7\u00f5es Articuladas \u00e9 uma estrat\u00e9gia de assist\u00eancia t\u00e9cnica e financeira que consiste em oferecer aos entes federados um instrumento de diagn\u00f3stico e planejamento de pol\u00edtica educacional, concebido para estruturar e gerenciar metas definidas de forma estrat\u00e9gica, contribuindo para a constru\u00e7\u00e3o de um Sistema Nacional de Educa\u00e7\u00e3o.<\/p>\n<p>A plataforma contar\u00e1 com os seguintes atores:<br \/>\n<strong>&#8211; Articuladores locais: equipe t\u00e9cnica das secretarias de educa\u00e7\u00e3o estaduais, municipais e distrital;<\/strong><\/p>\n<p><strong>&#8211; Articuladores regionais: profissionais selecionados por edital de chamada p\u00fablica do MEC para atuarem, em car\u00e1ter tempor\u00e1rio, nos estados, nos munic\u00edpios e no Distrito Federal, divididos e coordenados por regi\u00e3o;<\/strong><\/p>\n<p><strong>&#8211; Coordenadores +PNE: profissionais selecionados por edital de chamada p\u00fablica do MEC para coordenarem os trabalhos por regi\u00e3o, que dever\u00e3o passar por capacita\u00e7\u00e3o disponibilizada pela Secretaria de Educa\u00e7\u00e3o B\u00e1sica;<\/strong><\/p>\n<p><strong>&#8211; Atendimento especializado (Central de Atendimento &#8211; 0800 616161): servi\u00e7o de atendimento, via telefone e e-mail, para orienta\u00e7\u00f5es t\u00e9cnicas cont\u00ednuas sobre rotinas, agendas e cronogramas da metodologia de monitoramento e avalia\u00e7\u00e3o;<\/strong><\/p>\n<p><strong>&#8211; Secretaria de Educa\u00e7\u00e3o B\u00e1sica do Minist\u00e9rio da Educa\u00e7\u00e3o; e<\/strong><\/p>\n<p><strong>&#8211; Secretarias de Educa\u00e7\u00e3o dos estados, dos munic\u00edpios e do Distrito Federal<\/strong>.<\/p>\n","protected":false},"excerpt":{"rendered":"<p>O Minist\u00e9rio da Educa\u00e7\u00e3o (MEC) desenvolve um conjunto de a\u00e7\u00f5es voltadas para o aprimoramento dos processos de gest\u00e3o, monitoramento e avalia\u00e7\u00e3o dos sistemas de ensino por meio do fortalecimento das rela\u00e7\u00f5es colaborativas com os entes federados, para a constru\u00e7\u00e3o de consensos sucessivos em torno dos temas estruturantes dessas \u00e1reas, tendo como horizonte o Plano Nacional [&hellip;]<\/p>\n","protected":false},"author":4,"featured_media":0,"comment_status":"closed","ping_status":"closed","sticky":false,"template":"","format":"standard","meta":{"footnotes":"","_links_to":"","_links_to_target":""},"categories":[9],"tags":[],"class_list":["post-13099","post","type-post","status-publish","format-standard","hentry","category-noticias-da-imprensa"],"yoast_head":"<!-- This site is optimized with the Yoast SEO plugin v15.1 - https:\/\/yoast.com\/wordpress\/plugins\/seo\/ -->\n<title>Planos de Educa\u00e7\u00e3o locais ser\u00e3o acompanhados em ambiente virtual &raquo; Abrelivros<\/title>\n<meta name=\"robots\" content=\"index, follow, max-snippet:-1, max-image-preview:large, max-video-preview:-1\" \/>\n<link rel=\"canonical\" href=\"https:\/\/abrelivros.org.br\/site\/planos-de-educacao-locais-serao-acompanhados-em-ambiente-virtual\/\" \/>\n<meta property=\"og:locale\" content=\"pt_BR\" \/>\n<meta property=\"og:type\" content=\"article\" \/>\n<meta property=\"og:title\" content=\"Planos de Educa\u00e7\u00e3o locais ser\u00e3o acompanhados em ambiente virtual &raquo; Abrelivros\" \/>\n<meta property=\"og:description\" content=\"O Minist\u00e9rio da Educa\u00e7\u00e3o (MEC) desenvolve um conjunto de a\u00e7\u00f5es voltadas para o aprimoramento dos processos de gest\u00e3o, monitoramento e avalia\u00e7\u00e3o dos sistemas de ensino por meio do fortalecimento das rela\u00e7\u00f5es colaborativas com os entes federados, para a constru\u00e7\u00e3o de consensos sucessivos em torno dos temas estruturantes dessas \u00e1reas, tendo como horizonte o Plano Nacional [&hellip;]\" \/>\n<meta property=\"og:url\" content=\"https:\/\/abrelivros.org.br\/site\/planos-de-educacao-locais-serao-acompanhados-em-ambiente-virtual\/\" \/>\n<meta property=\"og:site_name\" content=\"Abrelivros\" \/>\n<meta property=\"article:published_time\" content=\"2021-02-02T19:04:45+00:00\" \/>\n<meta property=\"article:modified_time\" content=\"2021-02-02T19:23:14+00:00\" \/>\n<meta name=\"twitter:card\" content=\"summary_large_image\" \/>\n<script type=\"application\/ld+json\" class=\"yoast-schema-graph\">{\"@context\":\"https:\/\/schema.org\",\"@graph\":[{\"@type\":\"WebSite\",\"@id\":\"https:\/\/abrelivros.org.br\/site\/#website\",\"url\":\"https:\/\/abrelivros.org.br\/site\/\",\"name\":\"Abrelivros\",\"description\":\"\",\"potentialAction\":[{\"@type\":\"SearchAction\",\"target\":\"https:\/\/abrelivros.org.br\/site\/?s={search_term_string}\",\"query-input\":\"required name=search_term_string\"}],\"inLanguage\":\"pt-BR\"},{\"@type\":\"WebPage\",\"@id\":\"https:\/\/abrelivros.org.br\/site\/planos-de-educacao-locais-serao-acompanhados-em-ambiente-virtual\/#webpage\",\"url\":\"https:\/\/abrelivros.org.br\/site\/planos-de-educacao-locais-serao-acompanhados-em-ambiente-virtual\/\",\"name\":\"Planos de Educa\\u00e7\\u00e3o locais ser\\u00e3o acompanhados em ambiente virtual &raquo; Abrelivros\",\"isPartOf\":{\"@id\":\"https:\/\/abrelivros.org.br\/site\/#website\"},\"datePublished\":\"2021-02-02T19:04:45+00:00\",\"dateModified\":\"2021-02-02T19:23:14+00:00\",\"author\":{\"@id\":\"https:\/\/abrelivros.org.br\/site\/#\/schema\/person\/65db80e26409802ce15ac5feec6a15fd\"},\"breadcrumb\":{\"@id\":\"https:\/\/abrelivros.org.br\/site\/planos-de-educacao-locais-serao-acompanhados-em-ambiente-virtual\/#breadcrumb\"},\"inLanguage\":\"pt-BR\",\"potentialAction\":[{\"@type\":\"ReadAction\",\"target\":[\"https:\/\/abrelivros.org.br\/site\/planos-de-educacao-locais-serao-acompanhados-em-ambiente-virtual\/\"]}]},{\"@type\":\"BreadcrumbList\",\"@id\":\"https:\/\/abrelivros.org.br\/site\/planos-de-educacao-locais-serao-acompanhados-em-ambiente-virtual\/#breadcrumb\",\"itemListElement\":[{\"@type\":\"ListItem\",\"position\":1,\"item\":{\"@type\":\"WebPage\",\"@id\":\"https:\/\/abrelivros.org.br\/site\/\",\"url\":\"https:\/\/abrelivros.org.br\/site\/\",\"name\":\"In\\u00edcio\"}},{\"@type\":\"ListItem\",\"position\":2,\"item\":{\"@type\":\"WebPage\",\"@id\":\"https:\/\/abrelivros.org.br\/site\/category\/noticias\/\",\"url\":\"https:\/\/abrelivros.org.br\/site\/category\/noticias\/\",\"name\":\"Not\\u00edcias\"}},{\"@type\":\"ListItem\",\"position\":3,\"item\":{\"@type\":\"WebPage\",\"@id\":\"https:\/\/abrelivros.org.br\/site\/category\/noticias\/noticias-da-imprensa\/\",\"url\":\"https:\/\/abrelivros.org.br\/site\/category\/noticias\/noticias-da-imprensa\/\",\"name\":\"Not\\u00edcias da imprensa\"}},{\"@type\":\"ListItem\",\"position\":4,\"item\":{\"@type\":\"WebPage\",\"@id\":\"https:\/\/abrelivros.org.br\/site\/planos-de-educacao-locais-serao-acompanhados-em-ambiente-virtual\/\",\"url\":\"https:\/\/abrelivros.org.br\/site\/planos-de-educacao-locais-serao-acompanhados-em-ambiente-virtual\/\",\"name\":\"Planos de Educa\\u00e7\\u00e3o locais ser\\u00e3o acompanhados em ambiente virtual\"}}]},{\"@type\":\"Person\",\"@id\":\"https:\/\/abrelivros.org.br\/site\/#\/schema\/person\/65db80e26409802ce15ac5feec6a15fd\",\"name\":\"Reda\\u00e7\\u00e3o Abrelivros\",\"image\":{\"@type\":\"ImageObject\",\"@id\":\"https:\/\/abrelivros.org.br\/site\/#personlogo\",\"inLanguage\":\"pt-BR\",\"url\":\"https:\/\/secure.gravatar.com\/avatar\/c4e57f9c7e3482965bd428192061218520756c39080b1d1820b679fa5e9af192?s=96&d=mm&r=g\",\"caption\":\"Reda\\u00e7\\u00e3o Abrelivros\"}}]}<\/script>\n<!-- \/ Yoast SEO plugin. -->","_links":{"self":[{"href":"https:\/\/abrelivros.org.br\/site\/wp-json\/wp\/v2\/posts\/13099","targetHints":{"allow":["GET"]}}],"collection":[{"href":"https:\/\/abrelivros.org.br\/site\/wp-json\/wp\/v2\/posts"}],"about":[{"href":"https:\/\/abrelivros.org.br\/site\/wp-json\/wp\/v2\/types\/post"}],"author":[{"embeddable":true,"href":"https:\/\/abrelivros.org.br\/site\/wp-json\/wp\/v2\/users\/4"}],"replies":[{"embeddable":true,"href":"https:\/\/abrelivros.org.br\/site\/wp-json\/wp\/v2\/comments?post=13099"}],"version-history":[{"count":1,"href":"https:\/\/abrelivros.org.br\/site\/wp-json\/wp\/v2\/posts\/13099\/revisions"}],"predecessor-version":[{"id":13100,"href":"https:\/\/abrelivros.org.br\/site\/wp-json\/wp\/v2\/posts\/13099\/revisions\/13100"}],"wp:attachment":[{"href":"https:\/\/abrelivros.org.br\/site\/wp-json\/wp\/v2\/media?parent=13099"}],"wp:term":[{"taxonomy":"category","embeddable":true,"href":"https:\/\/abrelivros.org.br\/site\/wp-json\/wp\/v2\/categories?post=13099"},{"taxonomy":"post_tag","embeddable":true,"href":"https:\/\/abrelivros.org.br\/site\/wp-json\/wp\/v2\/tags?post=13099"}],"curies":[{"name":"wp","href":"https:\/\/api.w.org\/{rel}","templated":true}]}}