{"id":13097,"date":"2021-02-01T15:28:55","date_gmt":"2021-02-01T18:28:55","guid":{"rendered":"https:\/\/abrelivros.org.br\/site\/?p=13097"},"modified":"2021-02-01T15:28:55","modified_gmt":"2021-02-01T18:28:55","slug":"educacao-de-jovens-e-adultos-tem-queda-de-83-nas-matriculas-indica-censo-escolar","status":"publish","type":"post","link":"https:\/\/abrelivros.org.br\/site\/educacao-de-jovens-e-adultos-tem-queda-de-83-nas-matriculas-indica-censo-escolar\/","title":{"rendered":"Educa\u00e7\u00e3o de jovens e adultos tem queda de 8,3% nas matr\u00edculas, indica Censo Escolar"},"content":{"rendered":"<p>A educa\u00e7\u00e3o de jovens e adultos (EJA) come\u00e7ou em 2020 com 3 milh\u00f5es de matriculados, queda de 8,3% em rela\u00e7\u00e3o ao ano anterior. Isso significa menos 270 mil estudantes nas salas de aula. A redu\u00e7\u00e3o ocorreu tanto na EJA de n\u00edvel fundamental (-9,7%) quanto na de n\u00edvel m\u00e9dio (-6,2%).<!--more--><\/p>\n<p>Os dados que apontam uma redu\u00e7\u00e3o j\u00e1 dr\u00e1stica no in\u00edcio de 2020 s\u00e3o do Censo Escolar da Educa\u00e7\u00e3o B\u00e1sica e foram divulgados nesta sexta-feira pelo Instituto de Estudos e Pesquisas Educacionais An\u00edsio Teixeira (Inep).<\/p>\n<p>A queda nas matr\u00edculas pode ter se intensificado ao longo do ano passado por conta da pandemia, que levou \u00e0 interrup\u00e7\u00e3o das aulas nas escolas. O Inep coletou as informa\u00e7\u00f5es em mar\u00e7o do ano passado, antes da suspens\u00e3o das aulas por causa da Covid-19.<\/p>\n<p>Por esse motivo, o \u00f3rg\u00e3o ressalta que n\u00e3o \u00e9 poss\u00edvel interpretar os dados como impacto da pandemia, uma vez que retratam a situa\u00e7\u00e3o da educa\u00e7\u00e3o no Brasil no momento imediatamente anterior ao avan\u00e7o da doen\u00e7a no pa\u00eds.<\/p>\n<p>Mas, para justificar a redu\u00e7\u00e3o de alunos nas creches, que vinha apresentando crescimentos sucessivos ao longo dos anos, o diretor de estat\u00edsticas do Inep, Carlos Moreno, afirmou durante a apresenta\u00e7\u00e3o dos dados que pode ter havido uma influ\u00eancia da pandemia.<\/p>\n<p>O n\u00famero de matriculados caiu 0,53% nas creches p\u00fablicas em 2020, o que corresponde \u00e0 diminui\u00e7\u00e3o de 13.280 vagas, contrariando uma tend\u00eancia de incremento. Nos anos anteriores, por exemplo, houve aumento das matr\u00edculas: de 6,9% em 2017, 5,6% em 2018 e 4,4% em 2019. Na rede privada, que tamb\u00e9m vinha ampliando a oferta, a redu\u00e7\u00e3o foi de 7% no ano passado, representando 89.823 vagas a menos.<\/p>\n<p>Moreno disse que n\u00e3o h\u00e1 uma explica\u00e7\u00e3o para justificar a `pequena redu\u00e7\u00e3o` nas creches em 2020 `se n\u00e3o for um fator ex\u00f3geno`, destacando que a rede privada responde pela maior queda. E citou a pandemia como uma possibilidade, embora os dados tenham sido colhidos em 11 de mar\u00e7o, antes do fechamento das escolas.<\/p>\n<p>\u2014 Cabe destacar que essa diminui\u00e7\u00e3o (de matr\u00edculas em creches) \u00e9 fundamentalmente decorrente da diminui\u00e7\u00e3o na rede privada. \u00c9 prov\u00e1vel que algumas fam\u00edlias optaram por cancelar a matr\u00edcula. E, observando os dado do Censo, conseguimos identificar um n\u00famero bastante expressivo de escolas que declararam estar paralisadas em 2020. Aqui \u00e9 poss\u00edvel que haja uma influ\u00eancia do processo de pandemia nesses dados relativos a creche \u2014 afirmou o diretor do Inep.<\/p>\n<p>A redu\u00e7\u00e3o, apesar de pequena, \u00e9 considerada preocupante porque ainda h\u00e1 oferta escassa de creches no pa\u00eds. Na faixa et\u00e1ria adequada para a etapa (at\u00e9 3 anos de idade), somente 35,6% das crian\u00e7as s\u00e3o atendidas, o que indica a necessidade de investir na amplia\u00e7\u00e3o das matr\u00edculas. O Plano Nacional de Educa\u00e7\u00e3o determina que, at\u00e9 2024, ao menos 50% do p\u00fablico-alvo esteja matriculado.<\/p>\n<p>A educa\u00e7\u00e3o infantil como um todo (creches e pr\u00e9-escola) apresentou redu\u00e7\u00e3o de 1,6%, passando de 8,9 milh\u00f5es para 8,8 milh\u00f5es de atendidos entre 2019 e o ano passado. A queda ocorre depois de a etapa registrar crescimento de 8% entre 2016 e 2019.<\/p>\n<p>J\u00e1 o ensino m\u00e9dio teve aumento de 1,1%, saindo de 7,4 milh\u00f5es de matriculados em 2019 para 7,5 milh\u00f5es no in\u00edcio de 2020, na contram\u00e3o de uma redu\u00e7\u00e3o vista nos \u00faltimos anos. A educa\u00e7\u00e3o profissional, que demonstra pequenos aumentos desde 2018, tamb\u00e9m registrou 1,1% mais matr\u00edculas no ano passado, com 1,9 milh\u00e3o de alunos.<\/p>\n<p>Na educa\u00e7\u00e3o especial, o n\u00famero de estudantes saltou de 1,2 milh\u00e3o para 1,3 milh\u00e3o. Somente entre os alunos de 4 a 17 anos matriculados nessa etapa, 93,3% estavam inseridos em turmas comuns (com estudantes sem defici\u00eancia). Em 2019, eram 92,8%.<\/p>\n<p>Considerando toda a educa\u00e7\u00e3o b\u00e1sica, a tend\u00eancia de queda de matr\u00edculas permaneceu, com 1,2% a menos de alunos em 2020, chegando a 47,2 milh\u00f5es no total.<\/p>\n<p>Reprova\u00e7\u00e3o de 14% no Ensino M\u00e9dio<\/p>\n<p>A taxa de n\u00e3o aprovados continua elevada no pa\u00eds, especialmente no ensino m\u00e9dio, atingindo 13,9% dos alunos em 2019. O maior \u00edndice est\u00e1 na regi\u00e3o Norte, com 18,5%. L\u00e1, 38,7% dos estudantes do ensino m\u00e9dio apresentam distor\u00e7\u00e3o entre a idade e a s\u00e9rie que cursam, devido ao atraso escolar. A menor taxa de reprova\u00e7\u00e3o \u00e9 registrada no Sudeste (11,9%).<\/p>\n<p>Os dados do Inep apontam ainda poucos avan\u00e7os no que \u00e9 considerado um dos grandes gargalos da educa\u00e7\u00e3o b\u00e1sica no Brasil: a forma\u00e7\u00e3o dos professores.<\/p>\n<p>Cerca de 4,7% dos docentes do ensino fundamental s\u00f3 t\u00eam ensino m\u00e9dio ou menos que isso e 10% fizeram o ensino m\u00e9dio normal\/magist\u00e9rio. As taxas, em 2016, eram de 4,6% e 13,9%, respectivamente \u2014 o que mostra uma estagna\u00e7\u00e3o.<\/p>\n<p>O Censo tamb\u00e9m aponta que a forma de chegar ao cargo de diretor de escola varia muito. Na rede federal, 67,2% dos ocupantes da cadeira foram escolhidos por elei\u00e7\u00e3o com a participa\u00e7\u00e3o da comunidade escolar. Na rede estadual, esse \u00edndice \u00e9 de 38,1%. Nas escolas municipais, prevalece a indica\u00e7\u00e3o ou escolha da gest\u00e3o: 65% dos diretores. Na rede privada, 54,3% dos diretores s\u00e3o propriet\u00e1rios da escola. N\u00e3o h\u00e1 a escolha por elei\u00e7\u00e3o.<\/p>\n<p>O presidente do Inep, Alexandre Lopes, disse que haver\u00e1 uma segunda etapa do levantamento em que ser\u00e3o abordados os aspectos relacionados \u00e0 pandemia, como o per\u00edodo em que cada escola ficou paralisada e o que foi feito no per\u00edodo, bem como indicadores de desempenho.<\/p>\n<p>&nbsp;<\/p>\n","protected":false},"excerpt":{"rendered":"<p>A educa\u00e7\u00e3o de jovens e adultos (EJA) come\u00e7ou em 2020 com 3 milh\u00f5es de matriculados, queda de 8,3% em rela\u00e7\u00e3o ao ano anterior. Isso significa menos 270 mil estudantes nas salas de aula. A redu\u00e7\u00e3o ocorreu tanto na EJA de n\u00edvel fundamental (-9,7%) quanto na de n\u00edvel m\u00e9dio (-6,2%).<\/p>\n","protected":false},"author":4,"featured_media":0,"comment_status":"closed","ping_status":"closed","sticky":false,"template":"","format":"standard","meta":{"footnotes":"","_links_to":"","_links_to_target":""},"categories":[9],"tags":[],"class_list":["post-13097","post","type-post","status-publish","format-standard","hentry","category-noticias-da-imprensa"],"yoast_head":"<!-- This site is optimized with the Yoast SEO plugin v15.1 - https:\/\/yoast.com\/wordpress\/plugins\/seo\/ -->\n<title>Educa\u00e7\u00e3o de jovens e adultos tem queda de 8,3% nas matr\u00edculas, indica Censo Escolar &raquo; Abrelivros<\/title>\n<meta name=\"robots\" content=\"index, follow, max-snippet:-1, max-image-preview:large, max-video-preview:-1\" \/>\n<link rel=\"canonical\" href=\"https:\/\/abrelivros.org.br\/site\/educacao-de-jovens-e-adultos-tem-queda-de-83-nas-matriculas-indica-censo-escolar\/\" \/>\n<meta property=\"og:locale\" content=\"pt_BR\" \/>\n<meta property=\"og:type\" content=\"article\" \/>\n<meta property=\"og:title\" content=\"Educa\u00e7\u00e3o de jovens e adultos tem queda de 8,3% nas matr\u00edculas, indica Censo Escolar &raquo; Abrelivros\" \/>\n<meta property=\"og:description\" content=\"A educa\u00e7\u00e3o de jovens e adultos (EJA) come\u00e7ou em 2020 com 3 milh\u00f5es de matriculados, queda de 8,3% em rela\u00e7\u00e3o ao ano anterior. Isso significa menos 270 mil estudantes nas salas de aula. A redu\u00e7\u00e3o ocorreu tanto na EJA de n\u00edvel fundamental (-9,7%) quanto na de n\u00edvel m\u00e9dio (-6,2%).\" \/>\n<meta property=\"og:url\" content=\"https:\/\/abrelivros.org.br\/site\/educacao-de-jovens-e-adultos-tem-queda-de-83-nas-matriculas-indica-censo-escolar\/\" \/>\n<meta property=\"og:site_name\" content=\"Abrelivros\" \/>\n<meta property=\"article:published_time\" content=\"2021-02-01T18:28:55+00:00\" \/>\n<meta name=\"twitter:card\" content=\"summary_large_image\" \/>\n<script type=\"application\/ld+json\" class=\"yoast-schema-graph\">{\"@context\":\"https:\/\/schema.org\",\"@graph\":[{\"@type\":\"WebSite\",\"@id\":\"https:\/\/abrelivros.org.br\/site\/#website\",\"url\":\"https:\/\/abrelivros.org.br\/site\/\",\"name\":\"Abrelivros\",\"description\":\"\",\"potentialAction\":[{\"@type\":\"SearchAction\",\"target\":\"https:\/\/abrelivros.org.br\/site\/?s={search_term_string}\",\"query-input\":\"required name=search_term_string\"}],\"inLanguage\":\"pt-BR\"},{\"@type\":\"WebPage\",\"@id\":\"https:\/\/abrelivros.org.br\/site\/educacao-de-jovens-e-adultos-tem-queda-de-83-nas-matriculas-indica-censo-escolar\/#webpage\",\"url\":\"https:\/\/abrelivros.org.br\/site\/educacao-de-jovens-e-adultos-tem-queda-de-83-nas-matriculas-indica-censo-escolar\/\",\"name\":\"Educa\\u00e7\\u00e3o de jovens e adultos tem queda de 8,3% nas matr\\u00edculas, indica Censo Escolar &raquo; Abrelivros\",\"isPartOf\":{\"@id\":\"https:\/\/abrelivros.org.br\/site\/#website\"},\"datePublished\":\"2021-02-01T18:28:55+00:00\",\"dateModified\":\"2021-02-01T18:28:55+00:00\",\"author\":{\"@id\":\"https:\/\/abrelivros.org.br\/site\/#\/schema\/person\/65db80e26409802ce15ac5feec6a15fd\"},\"breadcrumb\":{\"@id\":\"https:\/\/abrelivros.org.br\/site\/educacao-de-jovens-e-adultos-tem-queda-de-83-nas-matriculas-indica-censo-escolar\/#breadcrumb\"},\"inLanguage\":\"pt-BR\",\"potentialAction\":[{\"@type\":\"ReadAction\",\"target\":[\"https:\/\/abrelivros.org.br\/site\/educacao-de-jovens-e-adultos-tem-queda-de-83-nas-matriculas-indica-censo-escolar\/\"]}]},{\"@type\":\"BreadcrumbList\",\"@id\":\"https:\/\/abrelivros.org.br\/site\/educacao-de-jovens-e-adultos-tem-queda-de-83-nas-matriculas-indica-censo-escolar\/#breadcrumb\",\"itemListElement\":[{\"@type\":\"ListItem\",\"position\":1,\"item\":{\"@type\":\"WebPage\",\"@id\":\"https:\/\/abrelivros.org.br\/site\/\",\"url\":\"https:\/\/abrelivros.org.br\/site\/\",\"name\":\"In\\u00edcio\"}},{\"@type\":\"ListItem\",\"position\":2,\"item\":{\"@type\":\"WebPage\",\"@id\":\"https:\/\/abrelivros.org.br\/site\/category\/noticias\/\",\"url\":\"https:\/\/abrelivros.org.br\/site\/category\/noticias\/\",\"name\":\"Not\\u00edcias\"}},{\"@type\":\"ListItem\",\"position\":3,\"item\":{\"@type\":\"WebPage\",\"@id\":\"https:\/\/abrelivros.org.br\/site\/category\/noticias\/noticias-da-imprensa\/\",\"url\":\"https:\/\/abrelivros.org.br\/site\/category\/noticias\/noticias-da-imprensa\/\",\"name\":\"Not\\u00edcias da imprensa\"}},{\"@type\":\"ListItem\",\"position\":4,\"item\":{\"@type\":\"WebPage\",\"@id\":\"https:\/\/abrelivros.org.br\/site\/educacao-de-jovens-e-adultos-tem-queda-de-83-nas-matriculas-indica-censo-escolar\/\",\"url\":\"https:\/\/abrelivros.org.br\/site\/educacao-de-jovens-e-adultos-tem-queda-de-83-nas-matriculas-indica-censo-escolar\/\",\"name\":\"Educa\\u00e7\\u00e3o de jovens e adultos tem queda de 8,3% nas matr\\u00edculas, indica Censo Escolar\"}}]},{\"@type\":\"Person\",\"@id\":\"https:\/\/abrelivros.org.br\/site\/#\/schema\/person\/65db80e26409802ce15ac5feec6a15fd\",\"name\":\"Reda\\u00e7\\u00e3o Abrelivros\",\"image\":{\"@type\":\"ImageObject\",\"@id\":\"https:\/\/abrelivros.org.br\/site\/#personlogo\",\"inLanguage\":\"pt-BR\",\"url\":\"https:\/\/secure.gravatar.com\/avatar\/c4e57f9c7e3482965bd428192061218520756c39080b1d1820b679fa5e9af192?s=96&d=mm&r=g\",\"caption\":\"Reda\\u00e7\\u00e3o Abrelivros\"}}]}<\/script>\n<!-- \/ Yoast SEO plugin. -->","_links":{"self":[{"href":"https:\/\/abrelivros.org.br\/site\/wp-json\/wp\/v2\/posts\/13097","targetHints":{"allow":["GET"]}}],"collection":[{"href":"https:\/\/abrelivros.org.br\/site\/wp-json\/wp\/v2\/posts"}],"about":[{"href":"https:\/\/abrelivros.org.br\/site\/wp-json\/wp\/v2\/types\/post"}],"author":[{"embeddable":true,"href":"https:\/\/abrelivros.org.br\/site\/wp-json\/wp\/v2\/users\/4"}],"replies":[{"embeddable":true,"href":"https:\/\/abrelivros.org.br\/site\/wp-json\/wp\/v2\/comments?post=13097"}],"version-history":[{"count":1,"href":"https:\/\/abrelivros.org.br\/site\/wp-json\/wp\/v2\/posts\/13097\/revisions"}],"predecessor-version":[{"id":13098,"href":"https:\/\/abrelivros.org.br\/site\/wp-json\/wp\/v2\/posts\/13097\/revisions\/13098"}],"wp:attachment":[{"href":"https:\/\/abrelivros.org.br\/site\/wp-json\/wp\/v2\/media?parent=13097"}],"wp:term":[{"taxonomy":"category","embeddable":true,"href":"https:\/\/abrelivros.org.br\/site\/wp-json\/wp\/v2\/categories?post=13097"},{"taxonomy":"post_tag","embeddable":true,"href":"https:\/\/abrelivros.org.br\/site\/wp-json\/wp\/v2\/tags?post=13097"}],"curies":[{"name":"wp","href":"https:\/\/api.w.org\/{rel}","templated":true}]}}