{"id":13095,"date":"2021-02-01T15:24:45","date_gmt":"2021-02-01T18:24:45","guid":{"rendered":"https:\/\/abrelivros.org.br\/site\/?p=13095"},"modified":"2021-02-01T15:24:45","modified_gmt":"2021-02-01T18:24:45","slug":"1o-enem-digital-da-historia-tem-falhas-tecnicas-no-sistema-e-abstencao-alta-68","status":"publish","type":"post","link":"https:\/\/abrelivros.org.br\/site\/1o-enem-digital-da-historia-tem-falhas-tecnicas-no-sistema-e-abstencao-alta-68\/","title":{"rendered":"1\u00ba Enem digital da hist\u00f3ria tem falhas t\u00e9cnicas no sistema e absten\u00e7\u00e3o alta: 68%"},"content":{"rendered":"<p>A primeira experi\u00eancia de um <a href=\"https:\/\/g1.globo.com\/educacao\/enem\/2020\/\" target=\"_blank\" rel=\"noopener noreferrer\">Enem<\/a> digital, que tem prazo de 5 anos para atingir 100% dos estudantes, teve menos de 30 mil participantes e problemas t\u00e9cnicos que deixaram candidatos sem prova em alguns locais. A absten\u00e7\u00e3o foi de<a href=\"https:\/\/g1.globo.com\/educacao\/enem\/2020\/noticia\/2021\/01\/31\/enem-digital-tem-68percent-de-abstencao-anuncia-inep.ghtml\" target=\"_blank\" rel=\"noopener noreferrer\"> 68% entre os 96 mil candidatos confirmados<\/a>.<!--more--><\/p>\n<p><strong>O Enem digital registrou problemas como:<\/strong><\/p>\n<p>Uma espera de 2 horas para o in\u00edcio da prova para <a href=\"https:\/\/g1.globo.com\/mg\/minas-gerais\/noticia\/2021\/01\/31\/candidatos-de-belo-horizonte-reclamam-de-atrasos-na-aplicacao-do-enem-digital.ghtml\" target=\"_blank\" rel=\"noopener noreferrer\">candidatos de Belo Horizonte<\/a>. Um dos alunos deixou o exame porque disse que come\u00e7ou a passar mal.<\/p>\n<p>Estudantes <a href=\"https:\/\/g1.globo.com\/df\/distrito-federal\/noticia\/2021\/01\/31\/enem-digital-2020-candidatos-sao-dispensados-de-local-de-prova-no-df-apos-erro-no-sistema.ghtml\" target=\"_blank\" rel=\"noopener noreferrer\">foram dispensados ap\u00f3s erro no sistema<\/a> em Taguatinga, no Distrito Federal.<\/p>\n<p>No Tocantins, <a href=\"https:\/\/g1.globo.com\/to\/tocantins\/noticia\/2021\/01\/31\/estudantes-enfrentam-problemas-no-primeiro-dia-de-provas-do-enem-digital-no-tocantins-uma-decepcao.ghtml\" target=\"_blank\" rel=\"noopener noreferrer\">dificuldades t\u00e9cnicas foram registradas<\/a> e alunos foram mandados para casa.<\/p>\n<p>No Amap\u00e1, um dos locais de prova teve <a href=\"https:\/\/g1.globo.com\/ap\/amapa\/noticia\/2021\/01\/31\/macapa-e-a-unica-cidade-do-ap-a-estrear-o-enem-digital-provas-foram-suspensas-para-111-inscritos.ghtml\" target=\"_blank\" rel=\"noopener noreferrer\">problemas no pr\u00e9dio e foi interditado<\/a>.<\/p>\n<p>&#8220;Tivemos alguns problemas, mas todo processo in\u00e9dito est\u00e1 sujeito a obst\u00e1culos&#8221;, disse o presidente da autarquia, Alexandre Lopes. Sobre o alto n\u00famero de absten\u00e7\u00f5es, declarou que \u00e9 &#8220;em fun\u00e7\u00e3o da pandemia&#8221;. O segundo dia de provas da edi\u00e7\u00e3o digital acontecer\u00e1 no pr\u00f3ximo domingo (7).<\/p>\n<p>Sobre a &#8220;experi\u00eancia do usu\u00e1rio&#8221; nesse primeiro digital, candidatos disseram achar a plataforma simples de manejar, <a href=\"https:\/\/g1.globo.com\/pe\/pernambuco\/educacao\/noticia\/2021\/01\/31\/formato-digital-do-enem-divide-opinioes-de-candidatos-no-recife.ghtml\" target=\"_blank\" rel=\"noopener noreferrer\">mas houve cr\u00edticas sobre o tempo de tela para quem tem problemas de vis\u00e3o.<\/a><\/p>\n<p>Candidato no Distrito Federal, Hian Lucas Mesquita Dourado, de 18 anos, <a href=\"https:\/\/g1.globo.com\/df\/distrito-federal\/noticia\/2021\/01\/31\/enem-digital-2020-candidatos-sao-dispensados-de-local-de-prova-no-df-apos-erro-no-sistema.ghtml\" target=\"_blank\" rel=\"noopener noreferrer\">reclamou da falta de informa\u00e7\u00e3o<\/a> ap\u00f3s seu local de prova enfrentar uma falha t\u00e9cnica.<\/p>\n<p>&#8220;Basicamente, chegamos l\u00e1 e esperamos a prova ser liberada. Depois de duas horas, informaram que n\u00e3o conseguir\u00edamos fazer a avalia\u00e7\u00e3o e nos passaram um n\u00famero de telefone para tentar reagendar o exame&#8221;, disse ele, um dos afetados pelo problema no sistema em Taguatinga (DF).<\/p>\n<p>&#8220;Ficamos na torcida, esperando acontecer algo e, quando houve, mandaram a gente embora&#8221;, lamentou Hian, que \u00e9 morador de Ceil\u00e2ndia.<\/p>\n<p><a href=\"https:\/\/g1.globo.com\/mg\/minas-gerais\/noticia\/2021\/01\/31\/estudantes-que-tiveram-problemas-com-o-sistema-do-enem-digital-vao-refazer-a-prova-no-fim-deste-mes-diz-ministro.ghtml\" target=\"_blank\" rel=\"noopener noreferrer\">Mais cedo, o ministro da Educa\u00e7\u00e3o, Milton Ribeiro<\/a>, comentou as falhas no sistema e citou uma sobrecarga. &#8220;Ainda n\u00e3o tenho todos os relatos de problemas, mas isso iria acontecer por causa de sobrecarga do sistema.&#8221;<\/p>\n<p>Ele tamb\u00e9m disse que os candidatos que enfrentaram essas dificuldades poder\u00e3o fazer o exame nos dias 23 e 24 de fevereiro. Nessas mesmas datas ser\u00e3o aplicadas as provas digitais no Amazonas, estado que tamb\u00e9m suspendeu a aplica\u00e7\u00e3o da vers\u00e3o impressa em raz\u00e3o do agravamento da pandemia, e do Amap\u00e1, que teve problemas na estrutura do local de prova.<\/p>\n<p>H\u00e1 a op\u00e7\u00e3o de fazer o exame digital do pr\u00f3ximo domingo e pedir reaplica\u00e7\u00e3o de apenas um dia. Os pedidos de reaplica\u00e7\u00e3o ser\u00e3o recebidos na <a href=\"https:\/\/enem.inep.gov.br\/participante\/#!\/\" target=\"_blank\" rel=\"noopener noreferrer\">P\u00e1gina do Participante<\/a> entre os dias 8 e 12 de fevereiro.<\/p>\n<p>Especialistas em educa\u00e7\u00e3o ouvidos pelo G1 afirmam que <a href=\"https:\/\/g1.globo.com\/educacao\/enem\/2020\/noticia\/2021\/01\/31\/quais-serao-os-desafios-para-tornar-o-enem-100percent-digital-em-todo-o-brasil-no-prazo-de-5-anos.ghtml\" target=\"_blank\" rel=\"noopener noreferrer\">obst\u00e1culos precisar\u00e3o ser superados para que o Enem digital seja aplicado<\/a> para os mais de 5,5 milh\u00f5es de estudantes que fazem a vers\u00e3o impressa. O Inep afirmou que o objetivo \u00e9 tornar o Enem 100% digital at\u00e9 2026.<\/p>\n<p>As provas da vers\u00e3o digital <a href=\"https:\/\/www.gov.br\/inep\/pt-br\/areas-de-atuacao\/avaliacao-e-exames-educacionais\/enem\/provas-e-gabaritos\" target=\"_blank\" rel=\"noopener noreferrer\">j\u00e1 foram divulgadas no site do Inep<\/a>. O tema da reda\u00e7\u00e3o foi <a href=\"https:\/\/g1.globo.com\/educacao\/enem\/2020\/noticia\/2021\/01\/31\/enem-digital-veja-como-foi-a-primeira-prova-no-novo-formato.ghtml\" target=\"_blank\" rel=\"noopener noreferrer\">desigualdade social entre regi\u00f5es brasileiras<\/a>.<\/p>\n<p><strong>Outros n\u00fameros do primeiro domingo de Enem digital:<\/strong><\/p>\n<p>70 candidatos eliminados (n\u00e3o foram especificados os motivos)<\/p>\n<p>104 munic\u00edpios realizaram o exame<\/p>\n<p>foram 1.028 locais de prova<\/p>\n<p><strong>Informa\u00e7\u00e3o<\/strong><\/p>\n<p>Camilo Mussi, diretor de tecnologia do Inep, ressaltou a grande quantidade de informa\u00e7\u00e3o que o exame digital agora oferece: &#8220;Voc\u00ea tem o hor\u00e1rio exato que cada participante come\u00e7ou ou terminou a prova. O tempo de pausa. Sabe em tempo real quem foi eliminado. S\u00e3o diversas informa\u00e7\u00f5es&#8221;.<\/p>\n<p>Afirmou que nenhum problema de seguran\u00e7a foi detectado que pudesse afetar a lisura do processo.<\/p>\n<p><strong>Neste ano, ser\u00e3o tr\u00eas vers\u00f5es diferentes do Enem:<\/strong><\/p>\n<p>impressa, em 17 e 24 de janeiro;<\/p>\n<p>impressa, em 23 e 24 de fevereiro, na reaplica\u00e7\u00e3o do exame (para candidatos do Amazonas, por exemplo, onde a prova foi adiada; privados de liberdade; afetados por problemas log\u00edsticos, como falta de luz no local de prova; e pessoas com doen\u00e7as infectocontagiosas);<\/p>\n<p>digital, em 31 de janeiro e 7 de fevereiro.<\/p>\n","protected":false},"excerpt":{"rendered":"<p>A primeira experi\u00eancia de um Enem digital, que tem prazo de 5 anos para atingir 100% dos estudantes, teve menos de 30 mil participantes e problemas t\u00e9cnicos que deixaram candidatos sem prova em alguns locais. A absten\u00e7\u00e3o foi de 68% entre os 96 mil candidatos confirmados.<\/p>\n","protected":false},"author":4,"featured_media":0,"comment_status":"closed","ping_status":"closed","sticky":false,"template":"","format":"standard","meta":{"footnotes":"","_links_to":"","_links_to_target":""},"categories":[9],"tags":[],"class_list":["post-13095","post","type-post","status-publish","format-standard","hentry","category-noticias-da-imprensa"],"yoast_head":"<!-- This site is optimized with the Yoast SEO plugin v15.1 - https:\/\/yoast.com\/wordpress\/plugins\/seo\/ -->\n<title>1\u00ba Enem digital da hist\u00f3ria tem falhas t\u00e9cnicas no sistema e absten\u00e7\u00e3o alta: 68% &raquo; Abrelivros<\/title>\n<meta name=\"robots\" content=\"index, follow, max-snippet:-1, max-image-preview:large, max-video-preview:-1\" \/>\n<link rel=\"canonical\" href=\"https:\/\/abrelivros.org.br\/site\/1o-enem-digital-da-historia-tem-falhas-tecnicas-no-sistema-e-abstencao-alta-68\/\" \/>\n<meta property=\"og:locale\" content=\"pt_BR\" \/>\n<meta property=\"og:type\" content=\"article\" \/>\n<meta property=\"og:title\" content=\"1\u00ba Enem digital da hist\u00f3ria tem falhas t\u00e9cnicas no sistema e absten\u00e7\u00e3o alta: 68% &raquo; Abrelivros\" \/>\n<meta property=\"og:description\" content=\"A primeira experi\u00eancia de um Enem digital, que tem prazo de 5 anos para atingir 100% dos estudantes, teve menos de 30 mil participantes e problemas t\u00e9cnicos que deixaram candidatos sem prova em alguns locais. A absten\u00e7\u00e3o foi de 68% entre os 96 mil candidatos confirmados.\" \/>\n<meta property=\"og:url\" content=\"https:\/\/abrelivros.org.br\/site\/1o-enem-digital-da-historia-tem-falhas-tecnicas-no-sistema-e-abstencao-alta-68\/\" \/>\n<meta property=\"og:site_name\" content=\"Abrelivros\" \/>\n<meta property=\"article:published_time\" content=\"2021-02-01T18:24:45+00:00\" \/>\n<meta name=\"twitter:card\" content=\"summary_large_image\" \/>\n<script type=\"application\/ld+json\" class=\"yoast-schema-graph\">{\"@context\":\"https:\/\/schema.org\",\"@graph\":[{\"@type\":\"WebSite\",\"@id\":\"https:\/\/abrelivros.org.br\/site\/#website\",\"url\":\"https:\/\/abrelivros.org.br\/site\/\",\"name\":\"Abrelivros\",\"description\":\"\",\"potentialAction\":[{\"@type\":\"SearchAction\",\"target\":\"https:\/\/abrelivros.org.br\/site\/?s={search_term_string}\",\"query-input\":\"required name=search_term_string\"}],\"inLanguage\":\"pt-BR\"},{\"@type\":\"WebPage\",\"@id\":\"https:\/\/abrelivros.org.br\/site\/1o-enem-digital-da-historia-tem-falhas-tecnicas-no-sistema-e-abstencao-alta-68\/#webpage\",\"url\":\"https:\/\/abrelivros.org.br\/site\/1o-enem-digital-da-historia-tem-falhas-tecnicas-no-sistema-e-abstencao-alta-68\/\",\"name\":\"1\\u00ba Enem digital da hist\\u00f3ria tem falhas t\\u00e9cnicas no sistema e absten\\u00e7\\u00e3o alta: 68% &raquo; Abrelivros\",\"isPartOf\":{\"@id\":\"https:\/\/abrelivros.org.br\/site\/#website\"},\"datePublished\":\"2021-02-01T18:24:45+00:00\",\"dateModified\":\"2021-02-01T18:24:45+00:00\",\"author\":{\"@id\":\"https:\/\/abrelivros.org.br\/site\/#\/schema\/person\/65db80e26409802ce15ac5feec6a15fd\"},\"breadcrumb\":{\"@id\":\"https:\/\/abrelivros.org.br\/site\/1o-enem-digital-da-historia-tem-falhas-tecnicas-no-sistema-e-abstencao-alta-68\/#breadcrumb\"},\"inLanguage\":\"pt-BR\",\"potentialAction\":[{\"@type\":\"ReadAction\",\"target\":[\"https:\/\/abrelivros.org.br\/site\/1o-enem-digital-da-historia-tem-falhas-tecnicas-no-sistema-e-abstencao-alta-68\/\"]}]},{\"@type\":\"BreadcrumbList\",\"@id\":\"https:\/\/abrelivros.org.br\/site\/1o-enem-digital-da-historia-tem-falhas-tecnicas-no-sistema-e-abstencao-alta-68\/#breadcrumb\",\"itemListElement\":[{\"@type\":\"ListItem\",\"position\":1,\"item\":{\"@type\":\"WebPage\",\"@id\":\"https:\/\/abrelivros.org.br\/site\/\",\"url\":\"https:\/\/abrelivros.org.br\/site\/\",\"name\":\"In\\u00edcio\"}},{\"@type\":\"ListItem\",\"position\":2,\"item\":{\"@type\":\"WebPage\",\"@id\":\"https:\/\/abrelivros.org.br\/site\/category\/noticias\/\",\"url\":\"https:\/\/abrelivros.org.br\/site\/category\/noticias\/\",\"name\":\"Not\\u00edcias\"}},{\"@type\":\"ListItem\",\"position\":3,\"item\":{\"@type\":\"WebPage\",\"@id\":\"https:\/\/abrelivros.org.br\/site\/category\/noticias\/noticias-da-imprensa\/\",\"url\":\"https:\/\/abrelivros.org.br\/site\/category\/noticias\/noticias-da-imprensa\/\",\"name\":\"Not\\u00edcias da imprensa\"}},{\"@type\":\"ListItem\",\"position\":4,\"item\":{\"@type\":\"WebPage\",\"@id\":\"https:\/\/abrelivros.org.br\/site\/1o-enem-digital-da-historia-tem-falhas-tecnicas-no-sistema-e-abstencao-alta-68\/\",\"url\":\"https:\/\/abrelivros.org.br\/site\/1o-enem-digital-da-historia-tem-falhas-tecnicas-no-sistema-e-abstencao-alta-68\/\",\"name\":\"1\\u00ba Enem digital da hist\\u00f3ria tem falhas t\\u00e9cnicas no sistema e absten\\u00e7\\u00e3o alta: 68%\"}}]},{\"@type\":\"Person\",\"@id\":\"https:\/\/abrelivros.org.br\/site\/#\/schema\/person\/65db80e26409802ce15ac5feec6a15fd\",\"name\":\"Reda\\u00e7\\u00e3o Abrelivros\",\"image\":{\"@type\":\"ImageObject\",\"@id\":\"https:\/\/abrelivros.org.br\/site\/#personlogo\",\"inLanguage\":\"pt-BR\",\"url\":\"https:\/\/secure.gravatar.com\/avatar\/c4e57f9c7e3482965bd428192061218520756c39080b1d1820b679fa5e9af192?s=96&d=mm&r=g\",\"caption\":\"Reda\\u00e7\\u00e3o Abrelivros\"}}]}<\/script>\n<!-- \/ Yoast SEO plugin. -->","_links":{"self":[{"href":"https:\/\/abrelivros.org.br\/site\/wp-json\/wp\/v2\/posts\/13095","targetHints":{"allow":["GET"]}}],"collection":[{"href":"https:\/\/abrelivros.org.br\/site\/wp-json\/wp\/v2\/posts"}],"about":[{"href":"https:\/\/abrelivros.org.br\/site\/wp-json\/wp\/v2\/types\/post"}],"author":[{"embeddable":true,"href":"https:\/\/abrelivros.org.br\/site\/wp-json\/wp\/v2\/users\/4"}],"replies":[{"embeddable":true,"href":"https:\/\/abrelivros.org.br\/site\/wp-json\/wp\/v2\/comments?post=13095"}],"version-history":[{"count":1,"href":"https:\/\/abrelivros.org.br\/site\/wp-json\/wp\/v2\/posts\/13095\/revisions"}],"predecessor-version":[{"id":13096,"href":"https:\/\/abrelivros.org.br\/site\/wp-json\/wp\/v2\/posts\/13095\/revisions\/13096"}],"wp:attachment":[{"href":"https:\/\/abrelivros.org.br\/site\/wp-json\/wp\/v2\/media?parent=13095"}],"wp:term":[{"taxonomy":"category","embeddable":true,"href":"https:\/\/abrelivros.org.br\/site\/wp-json\/wp\/v2\/categories?post=13095"},{"taxonomy":"post_tag","embeddable":true,"href":"https:\/\/abrelivros.org.br\/site\/wp-json\/wp\/v2\/tags?post=13095"}],"curies":[{"name":"wp","href":"https:\/\/api.w.org\/{rel}","templated":true}]}}