{"id":13093,"date":"2021-02-01T15:00:10","date_gmt":"2021-02-01T18:00:10","guid":{"rendered":"https:\/\/abrelivros.org.br\/site\/?p=13093"},"modified":"2021-02-01T15:00:10","modified_gmt":"2021-02-01T18:00:10","slug":"projeto-regulamenta-regras-de-fiscalizacao-e-apuracao-dos-gastos-publicos-com-educacao","status":"publish","type":"post","link":"https:\/\/abrelivros.org.br\/site\/projeto-regulamenta-regras-de-fiscalizacao-e-apuracao-dos-gastos-publicos-com-educacao\/","title":{"rendered":"Projeto regulamenta regras de fiscaliza\u00e7\u00e3o e apura\u00e7\u00e3o dos gastos p\u00fablicos com educa\u00e7\u00e3o"},"content":{"rendered":"<p>O Projeto de Lei 5615\/20 regulamenta as regras de monitoramento, avalia\u00e7\u00e3o e apura\u00e7\u00e3o dos gastos com educa\u00e7\u00e3o p\u00fablica nos estados, no Distrito Federal e nos munic\u00edpios. O texto tramita na C\u00e2mara dos Deputados.<!--more--><\/p>\n<p>A proposta \u00e9 das deputadas <a href=\"https:\/\/www.camara.leg.br\/deputados\/204377\" target=\"_blank\" rel=\"noopener noreferrer\">Paula Belmonte<\/a> (Cidadania-DF) e <a href=\"https:\/\/www.camara.leg.br\/deputados\/160639\" target=\"_blank\" rel=\"noopener noreferrer\">Professora Dorinha Seabra Rezende (DEM-TO)<\/a>, e \u00e9 um desdobramento da <a href=\"https:\/\/www2.camara.leg.br\/legin\/fed\/emecon\/2020\/emendaconstitucional-108-26-agosto-2020-790577-norma-pl.html\" target=\"_blank\" rel=\"noopener noreferrer\">emenda constitucional<\/a> do Fundo de Manuten\u00e7\u00e3o e Desenvolvimento da Educa\u00e7\u00e3o B\u00e1sica e de Valoriza\u00e7\u00e3o dos Profissionais da Educa\u00e7\u00e3o (Fundeb),<a href=\"https:\/\/www.camara.leg.br\/noticias\/687621-CONGRESSO-PROMULGA-EMENDA-QUE-TORNA-FUNDEB-PERMANENTE-E-AUMENTA-REPASSES-DA-UNIAO-PARA-O-FUNDO\" target=\"_blank\" rel=\"noopener noreferrer\"> promulgada em agosto de 2020<\/a>.<\/p>\n<p>A emenda determina a aprova\u00e7\u00e3o de uma lei espec\u00edfica com regras sobre fiscaliza\u00e7\u00e3o, avalia\u00e7\u00e3o e controle das despesas com educa\u00e7\u00e3o nos estados e munic\u00edpios.<\/p>\n<p>Pelo texto, o Sistema de Informa\u00e7\u00f5es sobre Or\u00e7amentos P\u00fablicos em Educa\u00e7\u00e3o (Siope) ser\u00e1 o principal instrumento de gest\u00e3o e acompanhamento dos or\u00e7amentos da educa\u00e7\u00e3o p\u00fablica, incluindo a aplica\u00e7\u00e3o m\u00ednima de recursos determinada pela Constitui\u00e7\u00e3o.<\/p>\n<p>Mantido pelo Fundo Nacional de Desenvolvimento da Educa\u00e7\u00e3o (FNDE), o Siope \u00e9 uma ferramenta eletr\u00f4nica de gest\u00e3o, que re\u00fane informa\u00e7\u00f5es sobre as receitas e as despesas com educa\u00e7\u00e3o nas tr\u00eas esferas administrativas (federal, estadual e municipal). Hoje, o Siope est\u00e1 regulado por normas do Poder Executivo. O projeto torna o sistema refer\u00eancia legal para a educa\u00e7\u00e3o.<\/p>\n<p>Entre outros pontos, o Siope dever\u00e1: servir de base de dados nacional sobre receitas e investimentos p\u00fablicos em educa\u00e7\u00e3o de todos os entes federativos; estabelecer padr\u00e3o m\u00ednimo de oportunidades educacionais para o ensino, baseado no c\u00e1lculo do custo m\u00ednimo por aluno; permitir o planejamento e o dimensionamento das a\u00e7\u00f5es complementares da Uni\u00e3o em educa\u00e7\u00e3o; e produzir indicadores de efici\u00eancia e efic\u00e1cia dos investimentos p\u00fablicos na \u00e1rea educacional.<\/p>\n<p>As autoras do projeto explicam que a medida dar\u00e1 a transpar\u00eancia necess\u00e1ria para as informa\u00e7\u00f5es or\u00e7ament\u00e1rias da educa\u00e7\u00e3o p\u00fablica brasileira, favorecendo os mecanismos de controle social da aplica\u00e7\u00e3o dos recursos. \u201cO Siope \u00e9 de extrema import\u00e2ncia para que se acompanhe o desenvolvimento educacional brasileiro nos diversos entes federados\u201d, afirmam as deputadas.<\/p>\n<p>O projeto traz regras detalhadas para o Siope, como a valida\u00e7\u00e3o e a publica\u00e7\u00e3o dos dados educacionais, com suspens\u00e3o de repasses federais para os entes que n\u00e3o divulgarem as informa\u00e7\u00f5es no sistema. Tamb\u00e9m prev\u00ea a integra\u00e7\u00e3o do Siope aos sistemas eletr\u00f4nicos dos tribunais de contas.<\/p>\n<p><a href=\"https:\/\/www.camara.leg.br\/noticias\/573454-SAIBA-MAIS-SOBRE-A-TRAMITACAO-DE-PROJETOS-DE-LEI\" target=\"_blank\" rel=\"noopener noreferrer\">Saiba mais sobre a tramita\u00e7\u00e3o de projetos de lei<\/a><\/p>\n","protected":false},"excerpt":{"rendered":"<p>O Projeto de Lei 5615\/20 regulamenta as regras de monitoramento, avalia\u00e7\u00e3o e apura\u00e7\u00e3o dos gastos com educa\u00e7\u00e3o p\u00fablica nos estados, no Distrito Federal e nos munic\u00edpios. O texto tramita na C\u00e2mara dos Deputados.<\/p>\n","protected":false},"author":4,"featured_media":0,"comment_status":"closed","ping_status":"closed","sticky":false,"template":"","format":"standard","meta":{"footnotes":"","_links_to":"","_links_to_target":""},"categories":[9],"tags":[],"class_list":["post-13093","post","type-post","status-publish","format-standard","hentry","category-noticias-da-imprensa"],"yoast_head":"<!-- This site is optimized with the Yoast SEO plugin v15.1 - https:\/\/yoast.com\/wordpress\/plugins\/seo\/ -->\n<title>Projeto regulamenta regras de fiscaliza\u00e7\u00e3o e apura\u00e7\u00e3o dos gastos p\u00fablicos com educa\u00e7\u00e3o &raquo; Abrelivros<\/title>\n<meta name=\"robots\" content=\"index, follow, max-snippet:-1, max-image-preview:large, max-video-preview:-1\" \/>\n<link rel=\"canonical\" href=\"https:\/\/abrelivros.org.br\/site\/projeto-regulamenta-regras-de-fiscalizacao-e-apuracao-dos-gastos-publicos-com-educacao\/\" \/>\n<meta property=\"og:locale\" content=\"pt_BR\" \/>\n<meta property=\"og:type\" content=\"article\" \/>\n<meta property=\"og:title\" content=\"Projeto regulamenta regras de fiscaliza\u00e7\u00e3o e apura\u00e7\u00e3o dos gastos p\u00fablicos com educa\u00e7\u00e3o &raquo; Abrelivros\" \/>\n<meta property=\"og:description\" content=\"O Projeto de Lei 5615\/20 regulamenta as regras de monitoramento, avalia\u00e7\u00e3o e apura\u00e7\u00e3o dos gastos com educa\u00e7\u00e3o p\u00fablica nos estados, no Distrito Federal e nos munic\u00edpios. O texto tramita na C\u00e2mara dos Deputados.\" \/>\n<meta property=\"og:url\" content=\"https:\/\/abrelivros.org.br\/site\/projeto-regulamenta-regras-de-fiscalizacao-e-apuracao-dos-gastos-publicos-com-educacao\/\" \/>\n<meta property=\"og:site_name\" content=\"Abrelivros\" \/>\n<meta property=\"article:published_time\" content=\"2021-02-01T18:00:10+00:00\" \/>\n<meta name=\"twitter:card\" content=\"summary_large_image\" \/>\n<script type=\"application\/ld+json\" class=\"yoast-schema-graph\">{\"@context\":\"https:\/\/schema.org\",\"@graph\":[{\"@type\":\"WebSite\",\"@id\":\"https:\/\/abrelivros.org.br\/site\/#website\",\"url\":\"https:\/\/abrelivros.org.br\/site\/\",\"name\":\"Abrelivros\",\"description\":\"\",\"potentialAction\":[{\"@type\":\"SearchAction\",\"target\":\"https:\/\/abrelivros.org.br\/site\/?s={search_term_string}\",\"query-input\":\"required name=search_term_string\"}],\"inLanguage\":\"pt-BR\"},{\"@type\":\"WebPage\",\"@id\":\"https:\/\/abrelivros.org.br\/site\/projeto-regulamenta-regras-de-fiscalizacao-e-apuracao-dos-gastos-publicos-com-educacao\/#webpage\",\"url\":\"https:\/\/abrelivros.org.br\/site\/projeto-regulamenta-regras-de-fiscalizacao-e-apuracao-dos-gastos-publicos-com-educacao\/\",\"name\":\"Projeto regulamenta regras de fiscaliza\\u00e7\\u00e3o e apura\\u00e7\\u00e3o dos gastos p\\u00fablicos com educa\\u00e7\\u00e3o &raquo; Abrelivros\",\"isPartOf\":{\"@id\":\"https:\/\/abrelivros.org.br\/site\/#website\"},\"datePublished\":\"2021-02-01T18:00:10+00:00\",\"dateModified\":\"2021-02-01T18:00:10+00:00\",\"author\":{\"@id\":\"https:\/\/abrelivros.org.br\/site\/#\/schema\/person\/65db80e26409802ce15ac5feec6a15fd\"},\"breadcrumb\":{\"@id\":\"https:\/\/abrelivros.org.br\/site\/projeto-regulamenta-regras-de-fiscalizacao-e-apuracao-dos-gastos-publicos-com-educacao\/#breadcrumb\"},\"inLanguage\":\"pt-BR\",\"potentialAction\":[{\"@type\":\"ReadAction\",\"target\":[\"https:\/\/abrelivros.org.br\/site\/projeto-regulamenta-regras-de-fiscalizacao-e-apuracao-dos-gastos-publicos-com-educacao\/\"]}]},{\"@type\":\"BreadcrumbList\",\"@id\":\"https:\/\/abrelivros.org.br\/site\/projeto-regulamenta-regras-de-fiscalizacao-e-apuracao-dos-gastos-publicos-com-educacao\/#breadcrumb\",\"itemListElement\":[{\"@type\":\"ListItem\",\"position\":1,\"item\":{\"@type\":\"WebPage\",\"@id\":\"https:\/\/abrelivros.org.br\/site\/\",\"url\":\"https:\/\/abrelivros.org.br\/site\/\",\"name\":\"In\\u00edcio\"}},{\"@type\":\"ListItem\",\"position\":2,\"item\":{\"@type\":\"WebPage\",\"@id\":\"https:\/\/abrelivros.org.br\/site\/category\/noticias\/\",\"url\":\"https:\/\/abrelivros.org.br\/site\/category\/noticias\/\",\"name\":\"Not\\u00edcias\"}},{\"@type\":\"ListItem\",\"position\":3,\"item\":{\"@type\":\"WebPage\",\"@id\":\"https:\/\/abrelivros.org.br\/site\/category\/noticias\/noticias-da-imprensa\/\",\"url\":\"https:\/\/abrelivros.org.br\/site\/category\/noticias\/noticias-da-imprensa\/\",\"name\":\"Not\\u00edcias da imprensa\"}},{\"@type\":\"ListItem\",\"position\":4,\"item\":{\"@type\":\"WebPage\",\"@id\":\"https:\/\/abrelivros.org.br\/site\/projeto-regulamenta-regras-de-fiscalizacao-e-apuracao-dos-gastos-publicos-com-educacao\/\",\"url\":\"https:\/\/abrelivros.org.br\/site\/projeto-regulamenta-regras-de-fiscalizacao-e-apuracao-dos-gastos-publicos-com-educacao\/\",\"name\":\"Projeto regulamenta regras de fiscaliza\\u00e7\\u00e3o e apura\\u00e7\\u00e3o dos gastos p\\u00fablicos com educa\\u00e7\\u00e3o\"}}]},{\"@type\":\"Person\",\"@id\":\"https:\/\/abrelivros.org.br\/site\/#\/schema\/person\/65db80e26409802ce15ac5feec6a15fd\",\"name\":\"Reda\\u00e7\\u00e3o Abrelivros\",\"image\":{\"@type\":\"ImageObject\",\"@id\":\"https:\/\/abrelivros.org.br\/site\/#personlogo\",\"inLanguage\":\"pt-BR\",\"url\":\"https:\/\/secure.gravatar.com\/avatar\/c4e57f9c7e3482965bd428192061218520756c39080b1d1820b679fa5e9af192?s=96&d=mm&r=g\",\"caption\":\"Reda\\u00e7\\u00e3o Abrelivros\"}}]}<\/script>\n<!-- \/ Yoast SEO plugin. -->","_links":{"self":[{"href":"https:\/\/abrelivros.org.br\/site\/wp-json\/wp\/v2\/posts\/13093","targetHints":{"allow":["GET"]}}],"collection":[{"href":"https:\/\/abrelivros.org.br\/site\/wp-json\/wp\/v2\/posts"}],"about":[{"href":"https:\/\/abrelivros.org.br\/site\/wp-json\/wp\/v2\/types\/post"}],"author":[{"embeddable":true,"href":"https:\/\/abrelivros.org.br\/site\/wp-json\/wp\/v2\/users\/4"}],"replies":[{"embeddable":true,"href":"https:\/\/abrelivros.org.br\/site\/wp-json\/wp\/v2\/comments?post=13093"}],"version-history":[{"count":1,"href":"https:\/\/abrelivros.org.br\/site\/wp-json\/wp\/v2\/posts\/13093\/revisions"}],"predecessor-version":[{"id":13094,"href":"https:\/\/abrelivros.org.br\/site\/wp-json\/wp\/v2\/posts\/13093\/revisions\/13094"}],"wp:attachment":[{"href":"https:\/\/abrelivros.org.br\/site\/wp-json\/wp\/v2\/media?parent=13093"}],"wp:term":[{"taxonomy":"category","embeddable":true,"href":"https:\/\/abrelivros.org.br\/site\/wp-json\/wp\/v2\/categories?post=13093"},{"taxonomy":"post_tag","embeddable":true,"href":"https:\/\/abrelivros.org.br\/site\/wp-json\/wp\/v2\/tags?post=13093"}],"curies":[{"name":"wp","href":"https:\/\/api.w.org\/{rel}","templated":true}]}}