{"id":13089,"date":"2021-02-01T14:46:12","date_gmt":"2021-02-01T17:46:12","guid":{"rendered":"https:\/\/abrelivros.org.br\/site\/?p=13089"},"modified":"2021-02-01T14:46:12","modified_gmt":"2021-02-01T17:46:12","slug":"ministro-da-educacao-pode-ser-convocado-pelo-senado-para-prestar-esclarecimentos-sobre-falhas-no-enem","status":"publish","type":"post","link":"https:\/\/abrelivros.org.br\/site\/ministro-da-educacao-pode-ser-convocado-pelo-senado-para-prestar-esclarecimentos-sobre-falhas-no-enem\/","title":{"rendered":"Ministro da Educa\u00e7\u00e3o pode ser convocado pelo Senado para prestar esclarecimentos sobre falhas no Enem"},"content":{"rendered":"<p>O ministro da Educa\u00e7\u00e3o, Milton Ribeiro, pode ser convocado para prestar esclarecimentos sobre os problemas na aplica\u00e7\u00e3o do Enem 2020. O governo se recusou a adiar as provas, apesar dos in\u00fameros pedidos nesse sentido. O requerimento pela convoca\u00e7\u00e3o de Ribeiro \u00e9 do senador Alessandro Vieira (Cidadania-SE), que chamou aten\u00e7\u00e3o para o percentual de absten\u00e7\u00e3o, que registrou o maior \u00edndice da hist\u00f3ria do exame. Alessandro Vieira tamb\u00e9m observou que o MEC precisa avaliar alternativas para mitigar os preju\u00edzos causados pelas falhas de planejamento e log\u00edstica.<!--more--><\/p>\n","protected":false},"excerpt":{"rendered":"<p>O ministro da Educa\u00e7\u00e3o, Milton Ribeiro, pode ser convocado para prestar esclarecimentos sobre os problemas na aplica\u00e7\u00e3o do Enem 2020. O governo se recusou a adiar as provas, apesar dos in\u00fameros pedidos nesse sentido. O requerimento pela convoca\u00e7\u00e3o de Ribeiro \u00e9 do senador Alessandro Vieira (Cidadania-SE), que chamou aten\u00e7\u00e3o para o percentual de absten\u00e7\u00e3o, que [&hellip;]<\/p>\n","protected":false},"author":4,"featured_media":0,"comment_status":"closed","ping_status":"closed","sticky":false,"template":"","format":"standard","meta":{"footnotes":"","_links_to":"","_links_to_target":""},"categories":[9],"tags":[],"class_list":["post-13089","post","type-post","status-publish","format-standard","hentry","category-noticias-da-imprensa"],"yoast_head":"<!-- This site is optimized with the Yoast SEO plugin v15.1 - https:\/\/yoast.com\/wordpress\/plugins\/seo\/ -->\n<title>Ministro da Educa\u00e7\u00e3o pode ser convocado pelo Senado para prestar esclarecimentos sobre falhas no Enem &raquo; Abrelivros<\/title>\n<meta name=\"robots\" content=\"index, follow, max-snippet:-1, max-image-preview:large, max-video-preview:-1\" \/>\n<link rel=\"canonical\" href=\"https:\/\/abrelivros.org.br\/site\/ministro-da-educacao-pode-ser-convocado-pelo-senado-para-prestar-esclarecimentos-sobre-falhas-no-enem\/\" \/>\n<meta property=\"og:locale\" content=\"pt_BR\" \/>\n<meta property=\"og:type\" content=\"article\" \/>\n<meta property=\"og:title\" content=\"Ministro da Educa\u00e7\u00e3o pode ser convocado pelo Senado para prestar esclarecimentos sobre falhas no Enem &raquo; Abrelivros\" \/>\n<meta property=\"og:description\" content=\"O ministro da Educa\u00e7\u00e3o, Milton Ribeiro, pode ser convocado para prestar esclarecimentos sobre os problemas na aplica\u00e7\u00e3o do Enem 2020. O governo se recusou a adiar as provas, apesar dos in\u00fameros pedidos nesse sentido. O requerimento pela convoca\u00e7\u00e3o de Ribeiro \u00e9 do senador Alessandro Vieira (Cidadania-SE), que chamou aten\u00e7\u00e3o para o percentual de absten\u00e7\u00e3o, que [&hellip;]\" \/>\n<meta property=\"og:url\" content=\"https:\/\/abrelivros.org.br\/site\/ministro-da-educacao-pode-ser-convocado-pelo-senado-para-prestar-esclarecimentos-sobre-falhas-no-enem\/\" \/>\n<meta property=\"og:site_name\" content=\"Abrelivros\" \/>\n<meta property=\"article:published_time\" content=\"2021-02-01T17:46:12+00:00\" \/>\n<meta name=\"twitter:card\" content=\"summary_large_image\" \/>\n<script type=\"application\/ld+json\" class=\"yoast-schema-graph\">{\"@context\":\"https:\/\/schema.org\",\"@graph\":[{\"@type\":\"WebSite\",\"@id\":\"https:\/\/abrelivros.org.br\/site\/#website\",\"url\":\"https:\/\/abrelivros.org.br\/site\/\",\"name\":\"Abrelivros\",\"description\":\"\",\"potentialAction\":[{\"@type\":\"SearchAction\",\"target\":\"https:\/\/abrelivros.org.br\/site\/?s={search_term_string}\",\"query-input\":\"required name=search_term_string\"}],\"inLanguage\":\"pt-BR\"},{\"@type\":\"WebPage\",\"@id\":\"https:\/\/abrelivros.org.br\/site\/ministro-da-educacao-pode-ser-convocado-pelo-senado-para-prestar-esclarecimentos-sobre-falhas-no-enem\/#webpage\",\"url\":\"https:\/\/abrelivros.org.br\/site\/ministro-da-educacao-pode-ser-convocado-pelo-senado-para-prestar-esclarecimentos-sobre-falhas-no-enem\/\",\"name\":\"Ministro da Educa\\u00e7\\u00e3o pode ser convocado pelo Senado para prestar esclarecimentos sobre falhas no Enem &raquo; Abrelivros\",\"isPartOf\":{\"@id\":\"https:\/\/abrelivros.org.br\/site\/#website\"},\"datePublished\":\"2021-02-01T17:46:12+00:00\",\"dateModified\":\"2021-02-01T17:46:12+00:00\",\"author\":{\"@id\":\"https:\/\/abrelivros.org.br\/site\/#\/schema\/person\/65db80e26409802ce15ac5feec6a15fd\"},\"breadcrumb\":{\"@id\":\"https:\/\/abrelivros.org.br\/site\/ministro-da-educacao-pode-ser-convocado-pelo-senado-para-prestar-esclarecimentos-sobre-falhas-no-enem\/#breadcrumb\"},\"inLanguage\":\"pt-BR\",\"potentialAction\":[{\"@type\":\"ReadAction\",\"target\":[\"https:\/\/abrelivros.org.br\/site\/ministro-da-educacao-pode-ser-convocado-pelo-senado-para-prestar-esclarecimentos-sobre-falhas-no-enem\/\"]}]},{\"@type\":\"BreadcrumbList\",\"@id\":\"https:\/\/abrelivros.org.br\/site\/ministro-da-educacao-pode-ser-convocado-pelo-senado-para-prestar-esclarecimentos-sobre-falhas-no-enem\/#breadcrumb\",\"itemListElement\":[{\"@type\":\"ListItem\",\"position\":1,\"item\":{\"@type\":\"WebPage\",\"@id\":\"https:\/\/abrelivros.org.br\/site\/\",\"url\":\"https:\/\/abrelivros.org.br\/site\/\",\"name\":\"In\\u00edcio\"}},{\"@type\":\"ListItem\",\"position\":2,\"item\":{\"@type\":\"WebPage\",\"@id\":\"https:\/\/abrelivros.org.br\/site\/category\/noticias\/\",\"url\":\"https:\/\/abrelivros.org.br\/site\/category\/noticias\/\",\"name\":\"Not\\u00edcias\"}},{\"@type\":\"ListItem\",\"position\":3,\"item\":{\"@type\":\"WebPage\",\"@id\":\"https:\/\/abrelivros.org.br\/site\/category\/noticias\/noticias-da-imprensa\/\",\"url\":\"https:\/\/abrelivros.org.br\/site\/category\/noticias\/noticias-da-imprensa\/\",\"name\":\"Not\\u00edcias da imprensa\"}},{\"@type\":\"ListItem\",\"position\":4,\"item\":{\"@type\":\"WebPage\",\"@id\":\"https:\/\/abrelivros.org.br\/site\/ministro-da-educacao-pode-ser-convocado-pelo-senado-para-prestar-esclarecimentos-sobre-falhas-no-enem\/\",\"url\":\"https:\/\/abrelivros.org.br\/site\/ministro-da-educacao-pode-ser-convocado-pelo-senado-para-prestar-esclarecimentos-sobre-falhas-no-enem\/\",\"name\":\"Ministro da Educa\\u00e7\\u00e3o pode ser convocado pelo Senado para prestar esclarecimentos sobre falhas no Enem\"}}]},{\"@type\":\"Person\",\"@id\":\"https:\/\/abrelivros.org.br\/site\/#\/schema\/person\/65db80e26409802ce15ac5feec6a15fd\",\"name\":\"Reda\\u00e7\\u00e3o Abrelivros\",\"image\":{\"@type\":\"ImageObject\",\"@id\":\"https:\/\/abrelivros.org.br\/site\/#personlogo\",\"inLanguage\":\"pt-BR\",\"url\":\"https:\/\/secure.gravatar.com\/avatar\/c4e57f9c7e3482965bd428192061218520756c39080b1d1820b679fa5e9af192?s=96&d=mm&r=g\",\"caption\":\"Reda\\u00e7\\u00e3o Abrelivros\"}}]}<\/script>\n<!-- \/ Yoast SEO plugin. -->","_links":{"self":[{"href":"https:\/\/abrelivros.org.br\/site\/wp-json\/wp\/v2\/posts\/13089","targetHints":{"allow":["GET"]}}],"collection":[{"href":"https:\/\/abrelivros.org.br\/site\/wp-json\/wp\/v2\/posts"}],"about":[{"href":"https:\/\/abrelivros.org.br\/site\/wp-json\/wp\/v2\/types\/post"}],"author":[{"embeddable":true,"href":"https:\/\/abrelivros.org.br\/site\/wp-json\/wp\/v2\/users\/4"}],"replies":[{"embeddable":true,"href":"https:\/\/abrelivros.org.br\/site\/wp-json\/wp\/v2\/comments?post=13089"}],"version-history":[{"count":1,"href":"https:\/\/abrelivros.org.br\/site\/wp-json\/wp\/v2\/posts\/13089\/revisions"}],"predecessor-version":[{"id":13090,"href":"https:\/\/abrelivros.org.br\/site\/wp-json\/wp\/v2\/posts\/13089\/revisions\/13090"}],"wp:attachment":[{"href":"https:\/\/abrelivros.org.br\/site\/wp-json\/wp\/v2\/media?parent=13089"}],"wp:term":[{"taxonomy":"category","embeddable":true,"href":"https:\/\/abrelivros.org.br\/site\/wp-json\/wp\/v2\/categories?post=13089"},{"taxonomy":"post_tag","embeddable":true,"href":"https:\/\/abrelivros.org.br\/site\/wp-json\/wp\/v2\/tags?post=13089"}],"curies":[{"name":"wp","href":"https:\/\/api.w.org\/{rel}","templated":true}]}}