{"id":13083,"date":"2021-01-29T15:49:02","date_gmt":"2021-01-29T18:49:02","guid":{"rendered":"https:\/\/abrelivros.org.br\/site\/?p=13083"},"modified":"2021-01-29T16:11:32","modified_gmt":"2021-01-29T19:11:32","slug":"varejo-de-livros-cresce-em-2020-aponta-gfk","status":"publish","type":"post","link":"https:\/\/abrelivros.org.br\/site\/varejo-de-livros-cresce-em-2020-aponta-gfk\/","title":{"rendered":"Varejo de livros cresce em 2020, aponta GfK"},"content":{"rendered":"<p>Se, no fim do primeiro trimestre de 2020, algu\u00e9m falasse que o varejo de livros cresceria ao longo do ano, poderia ser classificado de louco. Entre mar\u00e7o e abril, o esse setor da economia caiu mais de 40% por conta das medidas de isolamento social e, no ano marcado profundamente pela pandemia do covid-19, ningu\u00e9m poderia supor que \u2013 em termos gerais \u2013 houvesse crescimento tanto no n\u00famero de exemplares vendidos quanto do faturamento apurado por livrarias, supermercados e lojas de autoatendimento com a venda de livros.<!--more--> Pois a GfK acaba de apresentar os resultados do seu relat\u00f3rio realizado em parceria com a Associa\u00e7\u00e3o Nacional de Livrarias (ANL) e mostra ali que houve crescimento de 4% no n\u00famero de exemplares vendidos e de 2% (sem considerar aqui a infla\u00e7\u00e3o no per\u00edodo que foi de 4,23%, segundo o IPCA) em faturamento. Em n\u00fameros absolutos, o instituto apurou a venda de 50,9 milh\u00f5es de unidades o que totalizou faturamento de R$ 2,15 bilh\u00f5es.<\/p>\n<p>O pre\u00e7o m\u00e9dio do livro ao consumidor ficou 2% menor em 2020 e o patamar de descontos aplicados pelos estabelecimentos comerciais fechou o ano em 19,4%, 3,5 pontos percentuais acima do registrado em 2019.<\/p>\n<p>O relat\u00f3rio informa que 74,1% das vendas do ano aconteceram em livrarias, mas n\u00e3o especifica quanto disso foi em livrarias exclusivamente virtuais. De acordo com fontes ouvidas pelo PublishNews, \u00e9 facilmente comprovado que esse segmento \u2013 representado em grande parte pela Amazon e pelo Submarino \u2013 ganhou musculatura em 2020.<\/p>\n<p>Para Bernardo Gurbanov, presidente da ANL, foi um ano de reinven\u00e7\u00e3o que acelerou o processo de digitaliza\u00e7\u00e3o das livrarias que tradicionalmente focavam seus neg\u00f3cios em suas lojas de argamassa e tijolos. \u201cAs livrarias est\u00e3o se conscientizando, cada vez mais, da necessidade de aproveitamento desses recursos para minimizar o impacto na queda de vendas e at\u00e9 para impulsion\u00e1-las novamente. Estamos caminhando para um modelo h\u00edbrido, em que as livrarias precisam trabalhar entre o mundo f\u00edsico e o mundo virtual, comunicando-se das mais variadas formas com seu cliente e nesse novo cen\u00e1rio, a ANL quer ser um facilitador\u201d, analisou.<\/p>\n<p>O relat\u00f3rio traz consolidados os resultados do \u00faltimo bimestre de 2020. Novembro \u2013 m\u00eas da Black Friday \u2013 mostrou recupera\u00e7\u00e3o do mercado, com crescimento de 21% em unidades e 23% em faturamento contra o mesmo per\u00edodo do ano passado. Dezembro, tamb\u00e9m, acompanhou essa recupera\u00e7\u00e3o do mercado, com crescimento de 31% em unidades e 28% em faturamento na mesma base de compara\u00e7\u00e3o.<\/p>\n<p>No ano, a GfK apontou crescimento de 62% na venda de livros de Ci\u00eancias e de 24% nos de Literatura Estrangeira. Religi\u00f5es \/ Cren\u00e7as \/ Esoterismo tamb\u00e9m apresentou varia\u00e7\u00e3o positiva de 16%. No outro prato da balan\u00e7a, ficaram as categorias Direito (-31%) e Concursos P\u00fablicos (-29%) que foram as que mais sofreram.<\/p>\n<p>Gurbanov olha para o futuro com otimismo: \u201cPara 2021 esperamos um ano mais est\u00e1vel, apesar da persist\u00eancia da pandemia, com profissionais do setor cada vez mais criativos e leitores cada vez mais conscientes de que a leitura \u00e9 uma atividade nutritiva, tanto no aspecto espiritual e emocional como no campo do conhecimento\u201d.<\/p>\n<p><a href=\"https:\/\/www.publishnews.com.br\/estaticos\/uploads\/2021\/01\/LuR6acDLxb5lULa68uW62wA4xDKaQHYHMmdwWsHNgf9178zEmffulbqbGChvq4Ddwj5QYPnk7wgX85ix.pdf\" target=\"_blank\" rel=\"noopener noreferrer\">Clique aqui<\/a> para baixar a \u00edntegra do relat\u00f3rio.<\/p>\n","protected":false},"excerpt":{"rendered":"<p>Se, no fim do primeiro trimestre de 2020, algu\u00e9m falasse que o varejo de livros cresceria ao longo do ano, poderia ser classificado de louco. Entre mar\u00e7o e abril, o esse setor da economia caiu mais de 40% por conta das medidas de isolamento social e, no ano marcado profundamente pela pandemia do covid-19, ningu\u00e9m [&hellip;]<\/p>\n","protected":false},"author":4,"featured_media":0,"comment_status":"closed","ping_status":"closed","sticky":false,"template":"","format":"standard","meta":{"footnotes":"","_links_to":"","_links_to_target":""},"categories":[9],"tags":[],"class_list":["post-13083","post","type-post","status-publish","format-standard","hentry","category-noticias-da-imprensa"],"yoast_head":"<!-- This site is optimized with the Yoast SEO plugin v15.1 - https:\/\/yoast.com\/wordpress\/plugins\/seo\/ -->\n<title>Varejo de livros cresce em 2020, aponta GfK &raquo; Abrelivros<\/title>\n<meta name=\"robots\" content=\"index, follow, max-snippet:-1, max-image-preview:large, max-video-preview:-1\" \/>\n<link rel=\"canonical\" href=\"https:\/\/abrelivros.org.br\/site\/varejo-de-livros-cresce-em-2020-aponta-gfk\/\" \/>\n<meta property=\"og:locale\" content=\"pt_BR\" \/>\n<meta property=\"og:type\" content=\"article\" \/>\n<meta property=\"og:title\" content=\"Varejo de livros cresce em 2020, aponta GfK &raquo; Abrelivros\" \/>\n<meta property=\"og:description\" content=\"Se, no fim do primeiro trimestre de 2020, algu\u00e9m falasse que o varejo de livros cresceria ao longo do ano, poderia ser classificado de louco. Entre mar\u00e7o e abril, o esse setor da economia caiu mais de 40% por conta das medidas de isolamento social e, no ano marcado profundamente pela pandemia do covid-19, ningu\u00e9m [&hellip;]\" \/>\n<meta property=\"og:url\" content=\"https:\/\/abrelivros.org.br\/site\/varejo-de-livros-cresce-em-2020-aponta-gfk\/\" \/>\n<meta property=\"og:site_name\" content=\"Abrelivros\" \/>\n<meta property=\"article:published_time\" content=\"2021-01-29T18:49:02+00:00\" \/>\n<meta property=\"article:modified_time\" content=\"2021-01-29T19:11:32+00:00\" \/>\n<meta name=\"twitter:card\" content=\"summary_large_image\" \/>\n<script type=\"application\/ld+json\" class=\"yoast-schema-graph\">{\"@context\":\"https:\/\/schema.org\",\"@graph\":[{\"@type\":\"WebSite\",\"@id\":\"https:\/\/abrelivros.org.br\/site\/#website\",\"url\":\"https:\/\/abrelivros.org.br\/site\/\",\"name\":\"Abrelivros\",\"description\":\"\",\"potentialAction\":[{\"@type\":\"SearchAction\",\"target\":\"https:\/\/abrelivros.org.br\/site\/?s={search_term_string}\",\"query-input\":\"required name=search_term_string\"}],\"inLanguage\":\"pt-BR\"},{\"@type\":\"WebPage\",\"@id\":\"https:\/\/abrelivros.org.br\/site\/varejo-de-livros-cresce-em-2020-aponta-gfk\/#webpage\",\"url\":\"https:\/\/abrelivros.org.br\/site\/varejo-de-livros-cresce-em-2020-aponta-gfk\/\",\"name\":\"Varejo de livros cresce em 2020, aponta GfK &raquo; Abrelivros\",\"isPartOf\":{\"@id\":\"https:\/\/abrelivros.org.br\/site\/#website\"},\"datePublished\":\"2021-01-29T18:49:02+00:00\",\"dateModified\":\"2021-01-29T19:11:32+00:00\",\"author\":{\"@id\":\"https:\/\/abrelivros.org.br\/site\/#\/schema\/person\/65db80e26409802ce15ac5feec6a15fd\"},\"breadcrumb\":{\"@id\":\"https:\/\/abrelivros.org.br\/site\/varejo-de-livros-cresce-em-2020-aponta-gfk\/#breadcrumb\"},\"inLanguage\":\"pt-BR\",\"potentialAction\":[{\"@type\":\"ReadAction\",\"target\":[\"https:\/\/abrelivros.org.br\/site\/varejo-de-livros-cresce-em-2020-aponta-gfk\/\"]}]},{\"@type\":\"BreadcrumbList\",\"@id\":\"https:\/\/abrelivros.org.br\/site\/varejo-de-livros-cresce-em-2020-aponta-gfk\/#breadcrumb\",\"itemListElement\":[{\"@type\":\"ListItem\",\"position\":1,\"item\":{\"@type\":\"WebPage\",\"@id\":\"https:\/\/abrelivros.org.br\/site\/\",\"url\":\"https:\/\/abrelivros.org.br\/site\/\",\"name\":\"In\\u00edcio\"}},{\"@type\":\"ListItem\",\"position\":2,\"item\":{\"@type\":\"WebPage\",\"@id\":\"https:\/\/abrelivros.org.br\/site\/category\/noticias\/\",\"url\":\"https:\/\/abrelivros.org.br\/site\/category\/noticias\/\",\"name\":\"Not\\u00edcias\"}},{\"@type\":\"ListItem\",\"position\":3,\"item\":{\"@type\":\"WebPage\",\"@id\":\"https:\/\/abrelivros.org.br\/site\/category\/noticias\/noticias-da-imprensa\/\",\"url\":\"https:\/\/abrelivros.org.br\/site\/category\/noticias\/noticias-da-imprensa\/\",\"name\":\"Not\\u00edcias da imprensa\"}},{\"@type\":\"ListItem\",\"position\":4,\"item\":{\"@type\":\"WebPage\",\"@id\":\"https:\/\/abrelivros.org.br\/site\/varejo-de-livros-cresce-em-2020-aponta-gfk\/\",\"url\":\"https:\/\/abrelivros.org.br\/site\/varejo-de-livros-cresce-em-2020-aponta-gfk\/\",\"name\":\"Varejo de livros cresce em 2020, aponta GfK\"}}]},{\"@type\":\"Person\",\"@id\":\"https:\/\/abrelivros.org.br\/site\/#\/schema\/person\/65db80e26409802ce15ac5feec6a15fd\",\"name\":\"Reda\\u00e7\\u00e3o Abrelivros\",\"image\":{\"@type\":\"ImageObject\",\"@id\":\"https:\/\/abrelivros.org.br\/site\/#personlogo\",\"inLanguage\":\"pt-BR\",\"url\":\"https:\/\/secure.gravatar.com\/avatar\/c4e57f9c7e3482965bd428192061218520756c39080b1d1820b679fa5e9af192?s=96&d=mm&r=g\",\"caption\":\"Reda\\u00e7\\u00e3o Abrelivros\"}}]}<\/script>\n<!-- \/ Yoast SEO plugin. -->","_links":{"self":[{"href":"https:\/\/abrelivros.org.br\/site\/wp-json\/wp\/v2\/posts\/13083","targetHints":{"allow":["GET"]}}],"collection":[{"href":"https:\/\/abrelivros.org.br\/site\/wp-json\/wp\/v2\/posts"}],"about":[{"href":"https:\/\/abrelivros.org.br\/site\/wp-json\/wp\/v2\/types\/post"}],"author":[{"embeddable":true,"href":"https:\/\/abrelivros.org.br\/site\/wp-json\/wp\/v2\/users\/4"}],"replies":[{"embeddable":true,"href":"https:\/\/abrelivros.org.br\/site\/wp-json\/wp\/v2\/comments?post=13083"}],"version-history":[{"count":2,"href":"https:\/\/abrelivros.org.br\/site\/wp-json\/wp\/v2\/posts\/13083\/revisions"}],"predecessor-version":[{"id":13087,"href":"https:\/\/abrelivros.org.br\/site\/wp-json\/wp\/v2\/posts\/13083\/revisions\/13087"}],"wp:attachment":[{"href":"https:\/\/abrelivros.org.br\/site\/wp-json\/wp\/v2\/media?parent=13083"}],"wp:term":[{"taxonomy":"category","embeddable":true,"href":"https:\/\/abrelivros.org.br\/site\/wp-json\/wp\/v2\/categories?post=13083"},{"taxonomy":"post_tag","embeddable":true,"href":"https:\/\/abrelivros.org.br\/site\/wp-json\/wp\/v2\/tags?post=13083"}],"curies":[{"name":"wp","href":"https:\/\/api.w.org\/{rel}","templated":true}]}}