{"id":13079,"date":"2021-01-29T15:39:23","date_gmt":"2021-01-29T18:39:23","guid":{"rendered":"https:\/\/abrelivros.org.br\/site\/?p=13079"},"modified":"2021-01-29T16:06:34","modified_gmt":"2021-01-29T19:06:34","slug":"confucio-moura-defende-programa-de-inclusao-digital-para-a-educacao-basica","status":"publish","type":"post","link":"https:\/\/abrelivros.org.br\/site\/confucio-moura-defende-programa-de-inclusao-digital-para-a-educacao-basica\/","title":{"rendered":"Conf\u00facio Moura defende programa de inclus\u00e3o digital para a educa\u00e7\u00e3o b\u00e1sica"},"content":{"rendered":"<p>O senador Conf\u00facio Moura (MDB-RO) defendeu um amplo programa de inclus\u00e3o digital, para garantir aos estudantes de baixa renda o acesso a computadores e \u00e0 internet. Dois projetos do parlamentar com esse objetivo aguardam a delibera\u00e7\u00e3o do Senado.<!--more--> De acordo com o<a href=\"https:\/\/www25.senado.leg.br\/web\/atividade\/materias\/-\/materia\/142927\" target=\"_blank\" rel=\"noopener noreferrer\"> PL 3.491\/2020<\/a>, estudantes poder\u00e3o ter linha de cr\u00e9dito especial para adquirir computadores. J\u00e1 o<a href=\"https:\/\/www25.senado.leg.br\/web\/atividade\/materias\/-\/materia\/144657\" target=\"_blank\" rel=\"noopener noreferrer\"> PL 4.538\/2020<\/a> cria o Programa Nacional de Inclus\u00e3o Digital para a Educa\u00e7\u00e3o B\u00e1sica.<\/p>\n","protected":false},"excerpt":{"rendered":"<p>O senador Conf\u00facio Moura (MDB-RO) defendeu um amplo programa de inclus\u00e3o digital, para garantir aos estudantes de baixa renda o acesso a computadores e \u00e0 internet. Dois projetos do parlamentar com esse objetivo aguardam a delibera\u00e7\u00e3o do Senado.<\/p>\n","protected":false},"author":4,"featured_media":0,"comment_status":"closed","ping_status":"closed","sticky":false,"template":"","format":"standard","meta":{"footnotes":"","_links_to":"","_links_to_target":""},"categories":[9],"tags":[],"class_list":["post-13079","post","type-post","status-publish","format-standard","hentry","category-noticias-da-imprensa"],"yoast_head":"<!-- This site is optimized with the Yoast SEO plugin v15.1 - https:\/\/yoast.com\/wordpress\/plugins\/seo\/ -->\n<title>Conf\u00facio Moura defende programa de inclus\u00e3o digital para a educa\u00e7\u00e3o b\u00e1sica &raquo; Abrelivros<\/title>\n<meta name=\"robots\" content=\"index, follow, max-snippet:-1, max-image-preview:large, max-video-preview:-1\" \/>\n<link rel=\"canonical\" href=\"https:\/\/abrelivros.org.br\/site\/confucio-moura-defende-programa-de-inclusao-digital-para-a-educacao-basica\/\" \/>\n<meta property=\"og:locale\" content=\"pt_BR\" \/>\n<meta property=\"og:type\" content=\"article\" \/>\n<meta property=\"og:title\" content=\"Conf\u00facio Moura defende programa de inclus\u00e3o digital para a educa\u00e7\u00e3o b\u00e1sica &raquo; Abrelivros\" \/>\n<meta property=\"og:description\" content=\"O senador Conf\u00facio Moura (MDB-RO) defendeu um amplo programa de inclus\u00e3o digital, para garantir aos estudantes de baixa renda o acesso a computadores e \u00e0 internet. Dois projetos do parlamentar com esse objetivo aguardam a delibera\u00e7\u00e3o do Senado.\" \/>\n<meta property=\"og:url\" content=\"https:\/\/abrelivros.org.br\/site\/confucio-moura-defende-programa-de-inclusao-digital-para-a-educacao-basica\/\" \/>\n<meta property=\"og:site_name\" content=\"Abrelivros\" \/>\n<meta property=\"article:published_time\" content=\"2021-01-29T18:39:23+00:00\" \/>\n<meta property=\"article:modified_time\" content=\"2021-01-29T19:06:34+00:00\" \/>\n<meta name=\"twitter:card\" content=\"summary_large_image\" \/>\n<script type=\"application\/ld+json\" class=\"yoast-schema-graph\">{\"@context\":\"https:\/\/schema.org\",\"@graph\":[{\"@type\":\"WebSite\",\"@id\":\"https:\/\/abrelivros.org.br\/site\/#website\",\"url\":\"https:\/\/abrelivros.org.br\/site\/\",\"name\":\"Abrelivros\",\"description\":\"\",\"potentialAction\":[{\"@type\":\"SearchAction\",\"target\":\"https:\/\/abrelivros.org.br\/site\/?s={search_term_string}\",\"query-input\":\"required name=search_term_string\"}],\"inLanguage\":\"pt-BR\"},{\"@type\":\"WebPage\",\"@id\":\"https:\/\/abrelivros.org.br\/site\/confucio-moura-defende-programa-de-inclusao-digital-para-a-educacao-basica\/#webpage\",\"url\":\"https:\/\/abrelivros.org.br\/site\/confucio-moura-defende-programa-de-inclusao-digital-para-a-educacao-basica\/\",\"name\":\"Conf\\u00facio Moura defende programa de inclus\\u00e3o digital para a educa\\u00e7\\u00e3o b\\u00e1sica &raquo; Abrelivros\",\"isPartOf\":{\"@id\":\"https:\/\/abrelivros.org.br\/site\/#website\"},\"datePublished\":\"2021-01-29T18:39:23+00:00\",\"dateModified\":\"2021-01-29T19:06:34+00:00\",\"author\":{\"@id\":\"https:\/\/abrelivros.org.br\/site\/#\/schema\/person\/65db80e26409802ce15ac5feec6a15fd\"},\"breadcrumb\":{\"@id\":\"https:\/\/abrelivros.org.br\/site\/confucio-moura-defende-programa-de-inclusao-digital-para-a-educacao-basica\/#breadcrumb\"},\"inLanguage\":\"pt-BR\",\"potentialAction\":[{\"@type\":\"ReadAction\",\"target\":[\"https:\/\/abrelivros.org.br\/site\/confucio-moura-defende-programa-de-inclusao-digital-para-a-educacao-basica\/\"]}]},{\"@type\":\"BreadcrumbList\",\"@id\":\"https:\/\/abrelivros.org.br\/site\/confucio-moura-defende-programa-de-inclusao-digital-para-a-educacao-basica\/#breadcrumb\",\"itemListElement\":[{\"@type\":\"ListItem\",\"position\":1,\"item\":{\"@type\":\"WebPage\",\"@id\":\"https:\/\/abrelivros.org.br\/site\/\",\"url\":\"https:\/\/abrelivros.org.br\/site\/\",\"name\":\"In\\u00edcio\"}},{\"@type\":\"ListItem\",\"position\":2,\"item\":{\"@type\":\"WebPage\",\"@id\":\"https:\/\/abrelivros.org.br\/site\/category\/noticias\/\",\"url\":\"https:\/\/abrelivros.org.br\/site\/category\/noticias\/\",\"name\":\"Not\\u00edcias\"}},{\"@type\":\"ListItem\",\"position\":3,\"item\":{\"@type\":\"WebPage\",\"@id\":\"https:\/\/abrelivros.org.br\/site\/category\/noticias\/noticias-da-imprensa\/\",\"url\":\"https:\/\/abrelivros.org.br\/site\/category\/noticias\/noticias-da-imprensa\/\",\"name\":\"Not\\u00edcias da imprensa\"}},{\"@type\":\"ListItem\",\"position\":4,\"item\":{\"@type\":\"WebPage\",\"@id\":\"https:\/\/abrelivros.org.br\/site\/confucio-moura-defende-programa-de-inclusao-digital-para-a-educacao-basica\/\",\"url\":\"https:\/\/abrelivros.org.br\/site\/confucio-moura-defende-programa-de-inclusao-digital-para-a-educacao-basica\/\",\"name\":\"Conf\\u00facio Moura defende programa de inclus\\u00e3o digital para a educa\\u00e7\\u00e3o b\\u00e1sica\"}}]},{\"@type\":\"Person\",\"@id\":\"https:\/\/abrelivros.org.br\/site\/#\/schema\/person\/65db80e26409802ce15ac5feec6a15fd\",\"name\":\"Reda\\u00e7\\u00e3o Abrelivros\",\"image\":{\"@type\":\"ImageObject\",\"@id\":\"https:\/\/abrelivros.org.br\/site\/#personlogo\",\"inLanguage\":\"pt-BR\",\"url\":\"https:\/\/secure.gravatar.com\/avatar\/c4e57f9c7e3482965bd428192061218520756c39080b1d1820b679fa5e9af192?s=96&d=mm&r=g\",\"caption\":\"Reda\\u00e7\\u00e3o Abrelivros\"}}]}<\/script>\n<!-- \/ Yoast SEO plugin. -->","_links":{"self":[{"href":"https:\/\/abrelivros.org.br\/site\/wp-json\/wp\/v2\/posts\/13079","targetHints":{"allow":["GET"]}}],"collection":[{"href":"https:\/\/abrelivros.org.br\/site\/wp-json\/wp\/v2\/posts"}],"about":[{"href":"https:\/\/abrelivros.org.br\/site\/wp-json\/wp\/v2\/types\/post"}],"author":[{"embeddable":true,"href":"https:\/\/abrelivros.org.br\/site\/wp-json\/wp\/v2\/users\/4"}],"replies":[{"embeddable":true,"href":"https:\/\/abrelivros.org.br\/site\/wp-json\/wp\/v2\/comments?post=13079"}],"version-history":[{"count":3,"href":"https:\/\/abrelivros.org.br\/site\/wp-json\/wp\/v2\/posts\/13079\/revisions"}],"predecessor-version":[{"id":13086,"href":"https:\/\/abrelivros.org.br\/site\/wp-json\/wp\/v2\/posts\/13079\/revisions\/13086"}],"wp:attachment":[{"href":"https:\/\/abrelivros.org.br\/site\/wp-json\/wp\/v2\/media?parent=13079"}],"wp:term":[{"taxonomy":"category","embeddable":true,"href":"https:\/\/abrelivros.org.br\/site\/wp-json\/wp\/v2\/categories?post=13079"},{"taxonomy":"post_tag","embeddable":true,"href":"https:\/\/abrelivros.org.br\/site\/wp-json\/wp\/v2\/tags?post=13079"}],"curies":[{"name":"wp","href":"https:\/\/api.w.org\/{rel}","templated":true}]}}