{"id":13070,"date":"2021-01-28T15:10:57","date_gmt":"2021-01-28T18:10:57","guid":{"rendered":"https:\/\/abrelivros.org.br\/site\/?p=13070"},"modified":"2021-01-28T15:41:46","modified_gmt":"2021-01-28T18:41:46","slug":"escolas-publicas-tem-ate-1-de-marco-para-informar-quantitativo-de-alunos-matriculados","status":"publish","type":"post","link":"https:\/\/abrelivros.org.br\/site\/escolas-publicas-tem-ate-1-de-marco-para-informar-quantitativo-de-alunos-matriculados\/","title":{"rendered":"Escolas p\u00fablicas t\u00eam at\u00e9 1\u00b0 de mar\u00e7o para informar quantitativo de alunos matriculados"},"content":{"rendered":"<p>O Fundo Nacional de Desenvolvimento da Educa\u00e7\u00e3o (FNDE) tem trabalhado em parceria com as redes de ensino para evitar atrasos e devolu\u00e7\u00f5es na entrega dos livros do Programa Nacional do Livro e do Material Did\u00e1tico (PNLD).<!--more--> Para continuar com o \u00eaxito nas a\u00e7\u00f5es do programa, as escolas da rede p\u00fablica de todo o pa\u00eds t\u00eam at\u00e9 o dia 1\u00ba de mar\u00e7o para informar o quantitativo de alunos matriculados em 2021 no ensino fundamental e no ensino m\u00e9dio, por meio da ferramenta \u201cMatr\u00edcula\u201d, dispon\u00edvel no<a href=\"http:\/\/pddeinterativo.mec.gov.br\/\" target=\"_blank\" rel=\"noopener noreferrer\"> Sistema PDDE Interativo\/SIMEC<\/a>.<\/p>\n<p>\u00c9 importante que todas as escolas registrem essa informa\u00e7\u00e3o no sistema. Para aquelas que n\u00e3o disponham dos dados, deve ser indicada a op\u00e7\u00e3o \u201cN\u00e3o sei informar\u201d. As escolas de ensino m\u00e9dio tamb\u00e9m precisam declarar nessa aba o quantitativo de livros did\u00e1ticos devolvidos para embasar o levantamento de reposi\u00e7\u00e3o para os anos seguintes. Em breve tamb\u00e9m ser\u00e1 poss\u00edvel informar o quantitativo de livros devolvidos para os anos finais do ensino fundamental.<\/p>\n<p>Para ter acesso ao manual da ferramenta \u201cMatr\u00edcula\u201d, <a href=\"https:\/\/www.fnde.gov.br\/index.php\/programas\/programas-do-livro\/pnld\/manuais-pdde-simec\" target=\"_blank\" rel=\"noopener noreferrer\">clique aqui<\/a>.<\/p>\n<p>Demais informa\u00e7\u00f5es sobre o PNLD est\u00e3o dispon\u00edveis em: <a href=\"http:\/\/www.fnde.gov.br\/programas\/programas-do-livro\" target=\"_blank\" rel=\"noopener noreferrer\">http:\/\/www.fnde.gov.br\/programas\/programas-do-livro<\/a>.<\/p>\n<p>&nbsp;<\/p>\n","protected":false},"excerpt":{"rendered":"<p>O Fundo Nacional de Desenvolvimento da Educa\u00e7\u00e3o (FNDE) tem trabalhado em parceria com as redes de ensino para evitar atrasos e devolu\u00e7\u00f5es na entrega dos livros do Programa Nacional do Livro e do Material Did\u00e1tico (PNLD).<\/p>\n","protected":false},"author":4,"featured_media":0,"comment_status":"closed","ping_status":"closed","sticky":false,"template":"","format":"standard","meta":{"footnotes":"","_links_to":"","_links_to_target":""},"categories":[9,10],"tags":[],"class_list":["post-13070","post","type-post","status-publish","format-standard","hentry","category-noticias-da-imprensa","category-pnld-programa-nacional-do-livro-e-do-material-didatico"],"yoast_head":"<!-- This site is optimized with the Yoast SEO plugin v15.1 - https:\/\/yoast.com\/wordpress\/plugins\/seo\/ -->\n<title>Escolas p\u00fablicas t\u00eam at\u00e9 1\u00b0 de mar\u00e7o para informar quantitativo de alunos matriculados &raquo; Abrelivros<\/title>\n<meta name=\"robots\" content=\"index, follow, max-snippet:-1, max-image-preview:large, max-video-preview:-1\" \/>\n<link rel=\"canonical\" href=\"https:\/\/abrelivros.org.br\/site\/escolas-publicas-tem-ate-1-de-marco-para-informar-quantitativo-de-alunos-matriculados\/\" \/>\n<meta property=\"og:locale\" content=\"pt_BR\" \/>\n<meta property=\"og:type\" content=\"article\" \/>\n<meta property=\"og:title\" content=\"Escolas p\u00fablicas t\u00eam at\u00e9 1\u00b0 de mar\u00e7o para informar quantitativo de alunos matriculados &raquo; Abrelivros\" \/>\n<meta property=\"og:description\" content=\"O Fundo Nacional de Desenvolvimento da Educa\u00e7\u00e3o (FNDE) tem trabalhado em parceria com as redes de ensino para evitar atrasos e devolu\u00e7\u00f5es na entrega dos livros do Programa Nacional do Livro e do Material Did\u00e1tico (PNLD).\" \/>\n<meta property=\"og:url\" content=\"https:\/\/abrelivros.org.br\/site\/escolas-publicas-tem-ate-1-de-marco-para-informar-quantitativo-de-alunos-matriculados\/\" \/>\n<meta property=\"og:site_name\" content=\"Abrelivros\" \/>\n<meta property=\"article:published_time\" content=\"2021-01-28T18:10:57+00:00\" \/>\n<meta property=\"article:modified_time\" content=\"2021-01-28T18:41:46+00:00\" \/>\n<meta name=\"twitter:card\" content=\"summary_large_image\" \/>\n<script type=\"application\/ld+json\" class=\"yoast-schema-graph\">{\"@context\":\"https:\/\/schema.org\",\"@graph\":[{\"@type\":\"WebSite\",\"@id\":\"https:\/\/abrelivros.org.br\/site\/#website\",\"url\":\"https:\/\/abrelivros.org.br\/site\/\",\"name\":\"Abrelivros\",\"description\":\"\",\"potentialAction\":[{\"@type\":\"SearchAction\",\"target\":\"https:\/\/abrelivros.org.br\/site\/?s={search_term_string}\",\"query-input\":\"required name=search_term_string\"}],\"inLanguage\":\"pt-BR\"},{\"@type\":\"WebPage\",\"@id\":\"https:\/\/abrelivros.org.br\/site\/escolas-publicas-tem-ate-1-de-marco-para-informar-quantitativo-de-alunos-matriculados\/#webpage\",\"url\":\"https:\/\/abrelivros.org.br\/site\/escolas-publicas-tem-ate-1-de-marco-para-informar-quantitativo-de-alunos-matriculados\/\",\"name\":\"Escolas p\\u00fablicas t\\u00eam at\\u00e9 1\\u00b0 de mar\\u00e7o para informar quantitativo de alunos matriculados &raquo; Abrelivros\",\"isPartOf\":{\"@id\":\"https:\/\/abrelivros.org.br\/site\/#website\"},\"datePublished\":\"2021-01-28T18:10:57+00:00\",\"dateModified\":\"2021-01-28T18:41:46+00:00\",\"author\":{\"@id\":\"https:\/\/abrelivros.org.br\/site\/#\/schema\/person\/65db80e26409802ce15ac5feec6a15fd\"},\"breadcrumb\":{\"@id\":\"https:\/\/abrelivros.org.br\/site\/escolas-publicas-tem-ate-1-de-marco-para-informar-quantitativo-de-alunos-matriculados\/#breadcrumb\"},\"inLanguage\":\"pt-BR\",\"potentialAction\":[{\"@type\":\"ReadAction\",\"target\":[\"https:\/\/abrelivros.org.br\/site\/escolas-publicas-tem-ate-1-de-marco-para-informar-quantitativo-de-alunos-matriculados\/\"]}]},{\"@type\":\"BreadcrumbList\",\"@id\":\"https:\/\/abrelivros.org.br\/site\/escolas-publicas-tem-ate-1-de-marco-para-informar-quantitativo-de-alunos-matriculados\/#breadcrumb\",\"itemListElement\":[{\"@type\":\"ListItem\",\"position\":1,\"item\":{\"@type\":\"WebPage\",\"@id\":\"https:\/\/abrelivros.org.br\/site\/\",\"url\":\"https:\/\/abrelivros.org.br\/site\/\",\"name\":\"In\\u00edcio\"}},{\"@type\":\"ListItem\",\"position\":2,\"item\":{\"@type\":\"WebPage\",\"@id\":\"https:\/\/abrelivros.org.br\/site\/category\/noticias\/\",\"url\":\"https:\/\/abrelivros.org.br\/site\/category\/noticias\/\",\"name\":\"Not\\u00edcias\"}},{\"@type\":\"ListItem\",\"position\":3,\"item\":{\"@type\":\"WebPage\",\"@id\":\"https:\/\/abrelivros.org.br\/site\/category\/noticias\/noticias-da-imprensa\/\",\"url\":\"https:\/\/abrelivros.org.br\/site\/category\/noticias\/noticias-da-imprensa\/\",\"name\":\"Not\\u00edcias da imprensa\"}},{\"@type\":\"ListItem\",\"position\":4,\"item\":{\"@type\":\"WebPage\",\"@id\":\"https:\/\/abrelivros.org.br\/site\/escolas-publicas-tem-ate-1-de-marco-para-informar-quantitativo-de-alunos-matriculados\/\",\"url\":\"https:\/\/abrelivros.org.br\/site\/escolas-publicas-tem-ate-1-de-marco-para-informar-quantitativo-de-alunos-matriculados\/\",\"name\":\"Escolas p\\u00fablicas t\\u00eam at\\u00e9 1\\u00b0 de mar\\u00e7o para informar quantitativo de alunos matriculados\"}}]},{\"@type\":\"Person\",\"@id\":\"https:\/\/abrelivros.org.br\/site\/#\/schema\/person\/65db80e26409802ce15ac5feec6a15fd\",\"name\":\"Reda\\u00e7\\u00e3o Abrelivros\",\"image\":{\"@type\":\"ImageObject\",\"@id\":\"https:\/\/abrelivros.org.br\/site\/#personlogo\",\"inLanguage\":\"pt-BR\",\"url\":\"https:\/\/secure.gravatar.com\/avatar\/c4e57f9c7e3482965bd428192061218520756c39080b1d1820b679fa5e9af192?s=96&d=mm&r=g\",\"caption\":\"Reda\\u00e7\\u00e3o Abrelivros\"}}]}<\/script>\n<!-- \/ Yoast SEO plugin. -->","_links":{"self":[{"href":"https:\/\/abrelivros.org.br\/site\/wp-json\/wp\/v2\/posts\/13070","targetHints":{"allow":["GET"]}}],"collection":[{"href":"https:\/\/abrelivros.org.br\/site\/wp-json\/wp\/v2\/posts"}],"about":[{"href":"https:\/\/abrelivros.org.br\/site\/wp-json\/wp\/v2\/types\/post"}],"author":[{"embeddable":true,"href":"https:\/\/abrelivros.org.br\/site\/wp-json\/wp\/v2\/users\/4"}],"replies":[{"embeddable":true,"href":"https:\/\/abrelivros.org.br\/site\/wp-json\/wp\/v2\/comments?post=13070"}],"version-history":[{"count":3,"href":"https:\/\/abrelivros.org.br\/site\/wp-json\/wp\/v2\/posts\/13070\/revisions"}],"predecessor-version":[{"id":13075,"href":"https:\/\/abrelivros.org.br\/site\/wp-json\/wp\/v2\/posts\/13070\/revisions\/13075"}],"wp:attachment":[{"href":"https:\/\/abrelivros.org.br\/site\/wp-json\/wp\/v2\/media?parent=13070"}],"wp:term":[{"taxonomy":"category","embeddable":true,"href":"https:\/\/abrelivros.org.br\/site\/wp-json\/wp\/v2\/categories?post=13070"},{"taxonomy":"post_tag","embeddable":true,"href":"https:\/\/abrelivros.org.br\/site\/wp-json\/wp\/v2\/tags?post=13070"}],"curies":[{"name":"wp","href":"https:\/\/api.w.org\/{rel}","templated":true}]}}