{"id":13068,"date":"2021-01-28T15:05:33","date_gmt":"2021-01-28T18:05:33","guid":{"rendered":"https:\/\/abrelivros.org.br\/site\/?p=13068"},"modified":"2021-01-28T15:05:34","modified_gmt":"2021-01-28T18:05:34","slug":"brasil-tem-quase-14-milhao-de-criancas-e-adolescentes-fora-da-escola-diz-estudo-do-unicef-com-dados-do-ibge","status":"publish","type":"post","link":"https:\/\/abrelivros.org.br\/site\/brasil-tem-quase-14-milhao-de-criancas-e-adolescentes-fora-da-escola-diz-estudo-do-unicef-com-dados-do-ibge\/","title":{"rendered":"Brasil tem quase 1,4 milh\u00e3o de crian\u00e7as e adolescentes fora da escola, diz estudo do Unicef com dados do IBGE"},"content":{"rendered":"<p>Estudo lan\u00e7ado pelo Unicef (Fundo das Na\u00e7\u00f5es Unidas para a Inf\u00e2ncia) aponta que o pa\u00eds tem quase 1,4 milh\u00e3o de crian\u00e7as e adolescentes entre 6 e 17 anos fora da escola. Tamb\u00e9m conclui que mais de 5,5 milh\u00f5es de brasileiros nessa faixa et\u00e1ria n\u00e3o tiveram atividades escolares em 2020 por causa da pandemia.<!--more--><\/p>\n<p>Os dados foram extra\u00eddos de levantamento feito pelo IBGE sobre os impactos da Covid em outubro do ano passado.<\/p>\n<p>O percentual de estudantes de 6 a 17 anos que n\u00e3o frequentavam a escola foi de 3,8% (1,38 milh\u00e3o), superior \u00e0 m\u00e9dia nacional de 2019, que foi de 2%, segundo a Pnad (Pesquisa Nacional por Amostra de Domic\u00edlios) Cont\u00ednua.<\/p>\n<p>Do total, 11,2% afirmaram frequentar a escola, mas sem que haja aulas ou outras atividades. Assim a pesquisa estima que mais de 5,5 milh\u00f5es de crian\u00e7as e adolescentes ficaram sem acesso a atividades educacionais em 2020.<\/p>\n<p>O estudo \u201cEnfrentamento da cultura do fracasso escolar\u201d foi feito em parceria com o Instituto Claro e produzido pelo Cenpec Educa\u00e7\u00e3o.<\/p>\n<p><strong>Reprova\u00e7\u00e3o e abandono escolar<\/strong><\/p>\n<p>Com dados do Censo Escolar 2019, ou seja, pr\u00e9-pandemia, a pesquisa aponta que foram reprovados mais de 2 milh\u00f5es de estudantes no pa\u00eds &#8211; meninos s\u00e3o mais reprovados do que meninas.<\/p>\n<p>Em 2019, mais de 600 mil crian\u00e7as e adolescentes abandonaram a escola. Especialistas dizem que os desafios da pandemia devem elevar esses n\u00fameros. As maiores taxas (9,9%) est\u00e3o na Regi\u00e3o Norte do pa\u00eds.<\/p>\n<p>O abandono incide mais sobre crian\u00e7as e adolescentes pardas (2,6%), pretas (2,9%) e ind\u00edgenas (5,3%) na compara\u00e7\u00e3o com brancas (1,4%).<\/p>\n<p>H\u00e1 tamb\u00e9m a estimativa de que 6 milh\u00f5es de estudantes estejam fora da faixa et\u00e1ria considerada ideal para determinada s\u00e9rie escolar &#8211; a chamada distor\u00e7\u00e3o idade-s\u00e9rie.<\/p>\n<p>De acordo com o estudo, a escolariza\u00e7\u00e3o contribui para a melhoria das possibilidades de trabalho e renda, preven\u00e7\u00e3o de doen\u00e7as e supera\u00e7\u00e3o de desigualdades sociais e econ\u00f4micas.<\/p>\n<p>\u00cdtalo Dutra, chefe de educa\u00e7\u00e3o do Unicef no Brasil, considera que existe no pa\u00eds &#8220;uma naturaliza\u00e7\u00e3o do fracasso escolar&#8221;.<\/p>\n","protected":false},"excerpt":{"rendered":"<p>Estudo lan\u00e7ado pelo Unicef (Fundo das Na\u00e7\u00f5es Unidas para a Inf\u00e2ncia) aponta que o pa\u00eds tem quase 1,4 milh\u00e3o de crian\u00e7as e adolescentes entre 6 e 17 anos fora da escola. Tamb\u00e9m conclui que mais de 5,5 milh\u00f5es de brasileiros nessa faixa et\u00e1ria n\u00e3o tiveram atividades escolares em 2020 por causa da pandemia.<\/p>\n","protected":false},"author":4,"featured_media":0,"comment_status":"closed","ping_status":"closed","sticky":false,"template":"","format":"standard","meta":{"footnotes":"","_links_to":"","_links_to_target":""},"categories":[9],"tags":[],"class_list":["post-13068","post","type-post","status-publish","format-standard","hentry","category-noticias-da-imprensa"],"yoast_head":"<!-- This site is optimized with the Yoast SEO plugin v15.1 - https:\/\/yoast.com\/wordpress\/plugins\/seo\/ -->\n<title>Brasil tem quase 1,4 milh\u00e3o de crian\u00e7as e adolescentes fora da escola, diz estudo do Unicef com dados do IBGE &raquo; Abrelivros<\/title>\n<meta name=\"robots\" content=\"index, follow, max-snippet:-1, max-image-preview:large, max-video-preview:-1\" \/>\n<link rel=\"canonical\" href=\"https:\/\/abrelivros.org.br\/site\/brasil-tem-quase-14-milhao-de-criancas-e-adolescentes-fora-da-escola-diz-estudo-do-unicef-com-dados-do-ibge\/\" \/>\n<meta property=\"og:locale\" content=\"pt_BR\" \/>\n<meta property=\"og:type\" content=\"article\" \/>\n<meta property=\"og:title\" content=\"Brasil tem quase 1,4 milh\u00e3o de crian\u00e7as e adolescentes fora da escola, diz estudo do Unicef com dados do IBGE &raquo; Abrelivros\" \/>\n<meta property=\"og:description\" content=\"Estudo lan\u00e7ado pelo Unicef (Fundo das Na\u00e7\u00f5es Unidas para a Inf\u00e2ncia) aponta que o pa\u00eds tem quase 1,4 milh\u00e3o de crian\u00e7as e adolescentes entre 6 e 17 anos fora da escola. Tamb\u00e9m conclui que mais de 5,5 milh\u00f5es de brasileiros nessa faixa et\u00e1ria n\u00e3o tiveram atividades escolares em 2020 por causa da pandemia.\" \/>\n<meta property=\"og:url\" content=\"https:\/\/abrelivros.org.br\/site\/brasil-tem-quase-14-milhao-de-criancas-e-adolescentes-fora-da-escola-diz-estudo-do-unicef-com-dados-do-ibge\/\" \/>\n<meta property=\"og:site_name\" content=\"Abrelivros\" \/>\n<meta property=\"article:published_time\" content=\"2021-01-28T18:05:33+00:00\" \/>\n<meta property=\"article:modified_time\" content=\"2021-01-28T18:05:34+00:00\" \/>\n<meta name=\"twitter:card\" content=\"summary_large_image\" \/>\n<script type=\"application\/ld+json\" class=\"yoast-schema-graph\">{\"@context\":\"https:\/\/schema.org\",\"@graph\":[{\"@type\":\"WebSite\",\"@id\":\"https:\/\/abrelivros.org.br\/site\/#website\",\"url\":\"https:\/\/abrelivros.org.br\/site\/\",\"name\":\"Abrelivros\",\"description\":\"\",\"potentialAction\":[{\"@type\":\"SearchAction\",\"target\":\"https:\/\/abrelivros.org.br\/site\/?s={search_term_string}\",\"query-input\":\"required name=search_term_string\"}],\"inLanguage\":\"pt-BR\"},{\"@type\":\"WebPage\",\"@id\":\"https:\/\/abrelivros.org.br\/site\/brasil-tem-quase-14-milhao-de-criancas-e-adolescentes-fora-da-escola-diz-estudo-do-unicef-com-dados-do-ibge\/#webpage\",\"url\":\"https:\/\/abrelivros.org.br\/site\/brasil-tem-quase-14-milhao-de-criancas-e-adolescentes-fora-da-escola-diz-estudo-do-unicef-com-dados-do-ibge\/\",\"name\":\"Brasil tem quase 1,4 milh\\u00e3o de crian\\u00e7as e adolescentes fora da escola, diz estudo do Unicef com dados do IBGE &raquo; Abrelivros\",\"isPartOf\":{\"@id\":\"https:\/\/abrelivros.org.br\/site\/#website\"},\"datePublished\":\"2021-01-28T18:05:33+00:00\",\"dateModified\":\"2021-01-28T18:05:34+00:00\",\"author\":{\"@id\":\"https:\/\/abrelivros.org.br\/site\/#\/schema\/person\/65db80e26409802ce15ac5feec6a15fd\"},\"breadcrumb\":{\"@id\":\"https:\/\/abrelivros.org.br\/site\/brasil-tem-quase-14-milhao-de-criancas-e-adolescentes-fora-da-escola-diz-estudo-do-unicef-com-dados-do-ibge\/#breadcrumb\"},\"inLanguage\":\"pt-BR\",\"potentialAction\":[{\"@type\":\"ReadAction\",\"target\":[\"https:\/\/abrelivros.org.br\/site\/brasil-tem-quase-14-milhao-de-criancas-e-adolescentes-fora-da-escola-diz-estudo-do-unicef-com-dados-do-ibge\/\"]}]},{\"@type\":\"BreadcrumbList\",\"@id\":\"https:\/\/abrelivros.org.br\/site\/brasil-tem-quase-14-milhao-de-criancas-e-adolescentes-fora-da-escola-diz-estudo-do-unicef-com-dados-do-ibge\/#breadcrumb\",\"itemListElement\":[{\"@type\":\"ListItem\",\"position\":1,\"item\":{\"@type\":\"WebPage\",\"@id\":\"https:\/\/abrelivros.org.br\/site\/\",\"url\":\"https:\/\/abrelivros.org.br\/site\/\",\"name\":\"In\\u00edcio\"}},{\"@type\":\"ListItem\",\"position\":2,\"item\":{\"@type\":\"WebPage\",\"@id\":\"https:\/\/abrelivros.org.br\/site\/category\/noticias\/\",\"url\":\"https:\/\/abrelivros.org.br\/site\/category\/noticias\/\",\"name\":\"Not\\u00edcias\"}},{\"@type\":\"ListItem\",\"position\":3,\"item\":{\"@type\":\"WebPage\",\"@id\":\"https:\/\/abrelivros.org.br\/site\/category\/noticias\/noticias-da-imprensa\/\",\"url\":\"https:\/\/abrelivros.org.br\/site\/category\/noticias\/noticias-da-imprensa\/\",\"name\":\"Not\\u00edcias da imprensa\"}},{\"@type\":\"ListItem\",\"position\":4,\"item\":{\"@type\":\"WebPage\",\"@id\":\"https:\/\/abrelivros.org.br\/site\/brasil-tem-quase-14-milhao-de-criancas-e-adolescentes-fora-da-escola-diz-estudo-do-unicef-com-dados-do-ibge\/\",\"url\":\"https:\/\/abrelivros.org.br\/site\/brasil-tem-quase-14-milhao-de-criancas-e-adolescentes-fora-da-escola-diz-estudo-do-unicef-com-dados-do-ibge\/\",\"name\":\"Brasil tem quase 1,4 milh\\u00e3o de crian\\u00e7as e adolescentes fora da escola, diz estudo do Unicef com dados do IBGE\"}}]},{\"@type\":\"Person\",\"@id\":\"https:\/\/abrelivros.org.br\/site\/#\/schema\/person\/65db80e26409802ce15ac5feec6a15fd\",\"name\":\"Reda\\u00e7\\u00e3o Abrelivros\",\"image\":{\"@type\":\"ImageObject\",\"@id\":\"https:\/\/abrelivros.org.br\/site\/#personlogo\",\"inLanguage\":\"pt-BR\",\"url\":\"https:\/\/secure.gravatar.com\/avatar\/c4e57f9c7e3482965bd428192061218520756c39080b1d1820b679fa5e9af192?s=96&d=mm&r=g\",\"caption\":\"Reda\\u00e7\\u00e3o Abrelivros\"}}]}<\/script>\n<!-- \/ Yoast SEO plugin. -->","_links":{"self":[{"href":"https:\/\/abrelivros.org.br\/site\/wp-json\/wp\/v2\/posts\/13068","targetHints":{"allow":["GET"]}}],"collection":[{"href":"https:\/\/abrelivros.org.br\/site\/wp-json\/wp\/v2\/posts"}],"about":[{"href":"https:\/\/abrelivros.org.br\/site\/wp-json\/wp\/v2\/types\/post"}],"author":[{"embeddable":true,"href":"https:\/\/abrelivros.org.br\/site\/wp-json\/wp\/v2\/users\/4"}],"replies":[{"embeddable":true,"href":"https:\/\/abrelivros.org.br\/site\/wp-json\/wp\/v2\/comments?post=13068"}],"version-history":[{"count":1,"href":"https:\/\/abrelivros.org.br\/site\/wp-json\/wp\/v2\/posts\/13068\/revisions"}],"predecessor-version":[{"id":13069,"href":"https:\/\/abrelivros.org.br\/site\/wp-json\/wp\/v2\/posts\/13068\/revisions\/13069"}],"wp:attachment":[{"href":"https:\/\/abrelivros.org.br\/site\/wp-json\/wp\/v2\/media?parent=13068"}],"wp:term":[{"taxonomy":"category","embeddable":true,"href":"https:\/\/abrelivros.org.br\/site\/wp-json\/wp\/v2\/categories?post=13068"},{"taxonomy":"post_tag","embeddable":true,"href":"https:\/\/abrelivros.org.br\/site\/wp-json\/wp\/v2\/tags?post=13068"}],"curies":[{"name":"wp","href":"https:\/\/api.w.org\/{rel}","templated":true}]}}