{"id":13064,"date":"2021-01-27T15:49:54","date_gmt":"2021-01-27T18:49:54","guid":{"rendered":"https:\/\/abrelivros.org.br\/site\/?p=13064"},"modified":"2021-01-27T15:49:54","modified_gmt":"2021-01-27T18:49:54","slug":"prorrogado-prazo-para-municipios-manifestarem-interesse-em-aderir-ao-programa-nacional-das-escolas-civico-militares","status":"publish","type":"post","link":"https:\/\/abrelivros.org.br\/site\/prorrogado-prazo-para-municipios-manifestarem-interesse-em-aderir-ao-programa-nacional-das-escolas-civico-militares\/","title":{"rendered":"Prorrogado prazo para munic\u00edpios manifestarem interesse em aderir ao Programa Nacional das Escolas C\u00edvico-Militares"},"content":{"rendered":"<p>O Minist\u00e9rio da Educa\u00e7\u00e3o (MEC) publicou nessa segunda-feira, 25, de janeiro de 2021, no Di\u00e1rio Oficial da Uni\u00e3o (DOU), a extens\u00e3o do prazo de ades\u00e3o dos munic\u00edpios ao Programa Nacional das Escolas C\u00edvico-Militares (Pecim) em 2021. O limite previsto, anteriormente era at\u00e9 o dia 29 de janeiro de 2021.<!--more--><\/p>\n<p>Ao todo, 16 Estados aderiram ao projeto. S\u00e3o eles: Acre, Amap\u00e1, Cear\u00e1, Distrito Federal, Goi\u00e1s, Mato Grosso, Mato Grosso do Sul, Minas Gerais, Par\u00e1, Para\u00edba, Paran\u00e1, Rio Grande do Sul, Rond\u00f4nia, Santa Catarina, S\u00e3o Paulo e Tocantins.<\/p>\n<p>As vagas remanescentes ser\u00e3o destinadas aos munic\u00edpios. O prazo para manifesta\u00e7\u00e3o das autoridades municipais ser\u00e1 at\u00e9 o dia 5 de fevereiro. O of\u00edcio dever\u00e1 ser enviado pelo prefeito (a) ou secret\u00e1rio municipal de educa\u00e7\u00e3o para o e-mail: pecim@mec.gov.br<\/p>\n<p>Pecim<\/p>\n<p>O Programa Nacional das Escolas C\u00edvico-Militares \u00e9 uma iniciativa do Minist\u00e9rio da Educa\u00e7\u00e3o, em parceria com o Minist\u00e9rio da Defesa. Ele apresenta um conceito de gest\u00e3o nas \u00e1reas educacional, did\u00e1tico-pedag\u00f3gica e administrativa com a participa\u00e7\u00e3o do corpo docente da escola e apoio dos militares. A proposta \u00e9 implantar 216 Escolas C\u00edvico-Militares em todo o pa\u00eds, at\u00e9 2023, sendo 54 em 2021.<\/p>\n<p>Os militares desempenhar\u00e3o tarefas nas escolas c\u00edvico-militares nas \u00e1reas da gest\u00e3o educacional, administrativa e did\u00e1tico-pedag\u00f3gica, enquanto professores e demais profissionais da educa\u00e7\u00e3o continuar\u00e3o respons\u00e1veis pelo trabalho did\u00e1tico-pedag\u00f3gico.<\/p>\n<p>O crit\u00e9rio de sele\u00e7\u00e3o envolve aspectos como:<\/p>\n<p>\u2022 Estudantes em situa\u00e7\u00e3o de vulnerabilidade socioecon\u00f4mica;<\/p>\n<p>\u2022 Desempenho abaixo da m\u00e9dia estadual no \u00cdndice de Desenvolvimento da Educa\u00e7\u00e3o B\u00e1sica (Ideb);<\/p>\n<p>\u2022 Preferencialmente, com o n\u00famero de matr\u00edculas de 501 a 1.000.<\/p>\n","protected":false},"excerpt":{"rendered":"<p>O Minist\u00e9rio da Educa\u00e7\u00e3o (MEC) publicou nessa segunda-feira, 25, de janeiro de 2021, no Di\u00e1rio Oficial da Uni\u00e3o (DOU), a extens\u00e3o do prazo de ades\u00e3o dos munic\u00edpios ao Programa Nacional das Escolas C\u00edvico-Militares (Pecim) em 2021. O limite previsto, anteriormente era at\u00e9 o dia 29 de janeiro de 2021.<\/p>\n","protected":false},"author":4,"featured_media":0,"comment_status":"closed","ping_status":"closed","sticky":false,"template":"","format":"standard","meta":{"footnotes":"","_links_to":"","_links_to_target":""},"categories":[9],"tags":[],"class_list":["post-13064","post","type-post","status-publish","format-standard","hentry","category-noticias-da-imprensa"],"yoast_head":"<!-- This site is optimized with the Yoast SEO plugin v15.1 - https:\/\/yoast.com\/wordpress\/plugins\/seo\/ -->\n<title>Prorrogado prazo para munic\u00edpios manifestarem interesse em aderir ao Programa Nacional das Escolas C\u00edvico-Militares &raquo; Abrelivros<\/title>\n<meta name=\"robots\" content=\"index, follow, max-snippet:-1, max-image-preview:large, max-video-preview:-1\" \/>\n<link rel=\"canonical\" href=\"https:\/\/abrelivros.org.br\/site\/prorrogado-prazo-para-municipios-manifestarem-interesse-em-aderir-ao-programa-nacional-das-escolas-civico-militares\/\" \/>\n<meta property=\"og:locale\" content=\"pt_BR\" \/>\n<meta property=\"og:type\" content=\"article\" \/>\n<meta property=\"og:title\" content=\"Prorrogado prazo para munic\u00edpios manifestarem interesse em aderir ao Programa Nacional das Escolas C\u00edvico-Militares &raquo; Abrelivros\" \/>\n<meta property=\"og:description\" content=\"O Minist\u00e9rio da Educa\u00e7\u00e3o (MEC) publicou nessa segunda-feira, 25, de janeiro de 2021, no Di\u00e1rio Oficial da Uni\u00e3o (DOU), a extens\u00e3o do prazo de ades\u00e3o dos munic\u00edpios ao Programa Nacional das Escolas C\u00edvico-Militares (Pecim) em 2021. O limite previsto, anteriormente era at\u00e9 o dia 29 de janeiro de 2021.\" \/>\n<meta property=\"og:url\" content=\"https:\/\/abrelivros.org.br\/site\/prorrogado-prazo-para-municipios-manifestarem-interesse-em-aderir-ao-programa-nacional-das-escolas-civico-militares\/\" \/>\n<meta property=\"og:site_name\" content=\"Abrelivros\" \/>\n<meta property=\"article:published_time\" content=\"2021-01-27T18:49:54+00:00\" \/>\n<meta name=\"twitter:card\" content=\"summary_large_image\" \/>\n<script type=\"application\/ld+json\" class=\"yoast-schema-graph\">{\"@context\":\"https:\/\/schema.org\",\"@graph\":[{\"@type\":\"WebSite\",\"@id\":\"https:\/\/abrelivros.org.br\/site\/#website\",\"url\":\"https:\/\/abrelivros.org.br\/site\/\",\"name\":\"Abrelivros\",\"description\":\"\",\"potentialAction\":[{\"@type\":\"SearchAction\",\"target\":\"https:\/\/abrelivros.org.br\/site\/?s={search_term_string}\",\"query-input\":\"required name=search_term_string\"}],\"inLanguage\":\"pt-BR\"},{\"@type\":\"WebPage\",\"@id\":\"https:\/\/abrelivros.org.br\/site\/prorrogado-prazo-para-municipios-manifestarem-interesse-em-aderir-ao-programa-nacional-das-escolas-civico-militares\/#webpage\",\"url\":\"https:\/\/abrelivros.org.br\/site\/prorrogado-prazo-para-municipios-manifestarem-interesse-em-aderir-ao-programa-nacional-das-escolas-civico-militares\/\",\"name\":\"Prorrogado prazo para munic\\u00edpios manifestarem interesse em aderir ao Programa Nacional das Escolas C\\u00edvico-Militares &raquo; Abrelivros\",\"isPartOf\":{\"@id\":\"https:\/\/abrelivros.org.br\/site\/#website\"},\"datePublished\":\"2021-01-27T18:49:54+00:00\",\"dateModified\":\"2021-01-27T18:49:54+00:00\",\"author\":{\"@id\":\"https:\/\/abrelivros.org.br\/site\/#\/schema\/person\/65db80e26409802ce15ac5feec6a15fd\"},\"breadcrumb\":{\"@id\":\"https:\/\/abrelivros.org.br\/site\/prorrogado-prazo-para-municipios-manifestarem-interesse-em-aderir-ao-programa-nacional-das-escolas-civico-militares\/#breadcrumb\"},\"inLanguage\":\"pt-BR\",\"potentialAction\":[{\"@type\":\"ReadAction\",\"target\":[\"https:\/\/abrelivros.org.br\/site\/prorrogado-prazo-para-municipios-manifestarem-interesse-em-aderir-ao-programa-nacional-das-escolas-civico-militares\/\"]}]},{\"@type\":\"BreadcrumbList\",\"@id\":\"https:\/\/abrelivros.org.br\/site\/prorrogado-prazo-para-municipios-manifestarem-interesse-em-aderir-ao-programa-nacional-das-escolas-civico-militares\/#breadcrumb\",\"itemListElement\":[{\"@type\":\"ListItem\",\"position\":1,\"item\":{\"@type\":\"WebPage\",\"@id\":\"https:\/\/abrelivros.org.br\/site\/\",\"url\":\"https:\/\/abrelivros.org.br\/site\/\",\"name\":\"In\\u00edcio\"}},{\"@type\":\"ListItem\",\"position\":2,\"item\":{\"@type\":\"WebPage\",\"@id\":\"https:\/\/abrelivros.org.br\/site\/category\/noticias\/\",\"url\":\"https:\/\/abrelivros.org.br\/site\/category\/noticias\/\",\"name\":\"Not\\u00edcias\"}},{\"@type\":\"ListItem\",\"position\":3,\"item\":{\"@type\":\"WebPage\",\"@id\":\"https:\/\/abrelivros.org.br\/site\/category\/noticias\/noticias-da-imprensa\/\",\"url\":\"https:\/\/abrelivros.org.br\/site\/category\/noticias\/noticias-da-imprensa\/\",\"name\":\"Not\\u00edcias da imprensa\"}},{\"@type\":\"ListItem\",\"position\":4,\"item\":{\"@type\":\"WebPage\",\"@id\":\"https:\/\/abrelivros.org.br\/site\/prorrogado-prazo-para-municipios-manifestarem-interesse-em-aderir-ao-programa-nacional-das-escolas-civico-militares\/\",\"url\":\"https:\/\/abrelivros.org.br\/site\/prorrogado-prazo-para-municipios-manifestarem-interesse-em-aderir-ao-programa-nacional-das-escolas-civico-militares\/\",\"name\":\"Prorrogado prazo para munic\\u00edpios manifestarem interesse em aderir ao Programa Nacional das Escolas C\\u00edvico-Militares\"}}]},{\"@type\":\"Person\",\"@id\":\"https:\/\/abrelivros.org.br\/site\/#\/schema\/person\/65db80e26409802ce15ac5feec6a15fd\",\"name\":\"Reda\\u00e7\\u00e3o Abrelivros\",\"image\":{\"@type\":\"ImageObject\",\"@id\":\"https:\/\/abrelivros.org.br\/site\/#personlogo\",\"inLanguage\":\"pt-BR\",\"url\":\"https:\/\/secure.gravatar.com\/avatar\/c4e57f9c7e3482965bd428192061218520756c39080b1d1820b679fa5e9af192?s=96&d=mm&r=g\",\"caption\":\"Reda\\u00e7\\u00e3o Abrelivros\"}}]}<\/script>\n<!-- \/ Yoast SEO plugin. -->","_links":{"self":[{"href":"https:\/\/abrelivros.org.br\/site\/wp-json\/wp\/v2\/posts\/13064","targetHints":{"allow":["GET"]}}],"collection":[{"href":"https:\/\/abrelivros.org.br\/site\/wp-json\/wp\/v2\/posts"}],"about":[{"href":"https:\/\/abrelivros.org.br\/site\/wp-json\/wp\/v2\/types\/post"}],"author":[{"embeddable":true,"href":"https:\/\/abrelivros.org.br\/site\/wp-json\/wp\/v2\/users\/4"}],"replies":[{"embeddable":true,"href":"https:\/\/abrelivros.org.br\/site\/wp-json\/wp\/v2\/comments?post=13064"}],"version-history":[{"count":1,"href":"https:\/\/abrelivros.org.br\/site\/wp-json\/wp\/v2\/posts\/13064\/revisions"}],"predecessor-version":[{"id":13065,"href":"https:\/\/abrelivros.org.br\/site\/wp-json\/wp\/v2\/posts\/13064\/revisions\/13065"}],"wp:attachment":[{"href":"https:\/\/abrelivros.org.br\/site\/wp-json\/wp\/v2\/media?parent=13064"}],"wp:term":[{"taxonomy":"category","embeddable":true,"href":"https:\/\/abrelivros.org.br\/site\/wp-json\/wp\/v2\/categories?post=13064"},{"taxonomy":"post_tag","embeddable":true,"href":"https:\/\/abrelivros.org.br\/site\/wp-json\/wp\/v2\/tags?post=13064"}],"curies":[{"name":"wp","href":"https:\/\/api.w.org\/{rel}","templated":true}]}}