{"id":13062,"date":"2021-01-27T15:45:20","date_gmt":"2021-01-27T18:45:20","guid":{"rendered":"https:\/\/abrelivros.org.br\/site\/?p=13062"},"modified":"2021-01-27T15:45:20","modified_gmt":"2021-01-27T18:45:20","slug":"ultima-semana-de-inscricoes-para-o-premio-barco-a-vapor-2021","status":"publish","type":"post","link":"https:\/\/abrelivros.org.br\/site\/ultima-semana-de-inscricoes-para-o-premio-barco-a-vapor-2021\/","title":{"rendered":"\u00daltima semana de inscri\u00e7\u00f5es para o Pr\u00eamio Barco a Vapor 2021"},"content":{"rendered":"<p>Esta \u00e9 a \u00faltima semana de inscri\u00e7\u00f5es para sua 17\u00aa edi\u00e7\u00e3o do Pr\u00eamio Barco a Vapor, realizado pela Funda\u00e7\u00e3o SM. Os interessados t\u00eam apenas at\u00e9 o dia 31 de janeiro (domingo) para inscrever textos nos g\u00eaneros romance e\/ou novela para crian\u00e7as e jovens. O regulamento prev\u00ea que qualquer pessoa pode participar, incluindo cidad\u00e3os de outras nacionalidades, desde que os originais sejam in\u00e9ditos, escritos em l\u00edngua portuguesa, assinados com nome fict\u00edcio (pseud\u00f4nimo) &#8211; para assegurar a idoneidade do concurso &#8211; e que o autor seja maior de 18 anos e more no Brasil. Al\u00e9m do pr\u00eamio de R$ 40 mil, o vencedor ter\u00e1 seu livro publicado na cole\u00e7\u00e3o Barco a Vapor, da SM Educa\u00e7\u00e3o. Para inscri\u00e7\u00f5es e mais informa\u00e7\u00f5es <a href=\"https:\/\/barcoavapor.smeducacao.com.br\/\" target=\"_blank\" rel=\"noopener noreferrer\">clique aqui<\/a>.<!--more--><\/p>\n","protected":false},"excerpt":{"rendered":"<p>Esta \u00e9 a \u00faltima semana de inscri\u00e7\u00f5es para sua 17\u00aa edi\u00e7\u00e3o do Pr\u00eamio Barco a Vapor, realizado pela Funda\u00e7\u00e3o SM. Os interessados t\u00eam apenas at\u00e9 o dia 31 de janeiro (domingo) para inscrever textos nos g\u00eaneros romance e\/ou novela para crian\u00e7as e jovens. O regulamento prev\u00ea que qualquer pessoa pode participar, incluindo cidad\u00e3os de outras [&hellip;]<\/p>\n","protected":false},"author":4,"featured_media":0,"comment_status":"closed","ping_status":"closed","sticky":false,"template":"","format":"standard","meta":{"footnotes":"","_links_to":"","_links_to_target":""},"categories":[9],"tags":[],"class_list":["post-13062","post","type-post","status-publish","format-standard","hentry","category-noticias-da-imprensa"],"yoast_head":"<!-- This site is optimized with the Yoast SEO plugin v15.1 - https:\/\/yoast.com\/wordpress\/plugins\/seo\/ -->\n<title>\u00daltima semana de inscri\u00e7\u00f5es para o Pr\u00eamio Barco a Vapor 2021 &raquo; Abrelivros<\/title>\n<meta name=\"robots\" content=\"index, follow, max-snippet:-1, max-image-preview:large, max-video-preview:-1\" \/>\n<link rel=\"canonical\" href=\"https:\/\/abrelivros.org.br\/site\/ultima-semana-de-inscricoes-para-o-premio-barco-a-vapor-2021\/\" \/>\n<meta property=\"og:locale\" content=\"pt_BR\" \/>\n<meta property=\"og:type\" content=\"article\" \/>\n<meta property=\"og:title\" content=\"\u00daltima semana de inscri\u00e7\u00f5es para o Pr\u00eamio Barco a Vapor 2021 &raquo; Abrelivros\" \/>\n<meta property=\"og:description\" content=\"Esta \u00e9 a \u00faltima semana de inscri\u00e7\u00f5es para sua 17\u00aa edi\u00e7\u00e3o do Pr\u00eamio Barco a Vapor, realizado pela Funda\u00e7\u00e3o SM. Os interessados t\u00eam apenas at\u00e9 o dia 31 de janeiro (domingo) para inscrever textos nos g\u00eaneros romance e\/ou novela para crian\u00e7as e jovens. O regulamento prev\u00ea que qualquer pessoa pode participar, incluindo cidad\u00e3os de outras [&hellip;]\" \/>\n<meta property=\"og:url\" content=\"https:\/\/abrelivros.org.br\/site\/ultima-semana-de-inscricoes-para-o-premio-barco-a-vapor-2021\/\" \/>\n<meta property=\"og:site_name\" content=\"Abrelivros\" \/>\n<meta property=\"article:published_time\" content=\"2021-01-27T18:45:20+00:00\" \/>\n<meta name=\"twitter:card\" content=\"summary_large_image\" \/>\n<script type=\"application\/ld+json\" class=\"yoast-schema-graph\">{\"@context\":\"https:\/\/schema.org\",\"@graph\":[{\"@type\":\"WebSite\",\"@id\":\"https:\/\/abrelivros.org.br\/site\/#website\",\"url\":\"https:\/\/abrelivros.org.br\/site\/\",\"name\":\"Abrelivros\",\"description\":\"\",\"potentialAction\":[{\"@type\":\"SearchAction\",\"target\":\"https:\/\/abrelivros.org.br\/site\/?s={search_term_string}\",\"query-input\":\"required name=search_term_string\"}],\"inLanguage\":\"pt-BR\"},{\"@type\":\"WebPage\",\"@id\":\"https:\/\/abrelivros.org.br\/site\/ultima-semana-de-inscricoes-para-o-premio-barco-a-vapor-2021\/#webpage\",\"url\":\"https:\/\/abrelivros.org.br\/site\/ultima-semana-de-inscricoes-para-o-premio-barco-a-vapor-2021\/\",\"name\":\"\\u00daltima semana de inscri\\u00e7\\u00f5es para o Pr\\u00eamio Barco a Vapor 2021 &raquo; Abrelivros\",\"isPartOf\":{\"@id\":\"https:\/\/abrelivros.org.br\/site\/#website\"},\"datePublished\":\"2021-01-27T18:45:20+00:00\",\"dateModified\":\"2021-01-27T18:45:20+00:00\",\"author\":{\"@id\":\"https:\/\/abrelivros.org.br\/site\/#\/schema\/person\/65db80e26409802ce15ac5feec6a15fd\"},\"breadcrumb\":{\"@id\":\"https:\/\/abrelivros.org.br\/site\/ultima-semana-de-inscricoes-para-o-premio-barco-a-vapor-2021\/#breadcrumb\"},\"inLanguage\":\"pt-BR\",\"potentialAction\":[{\"@type\":\"ReadAction\",\"target\":[\"https:\/\/abrelivros.org.br\/site\/ultima-semana-de-inscricoes-para-o-premio-barco-a-vapor-2021\/\"]}]},{\"@type\":\"BreadcrumbList\",\"@id\":\"https:\/\/abrelivros.org.br\/site\/ultima-semana-de-inscricoes-para-o-premio-barco-a-vapor-2021\/#breadcrumb\",\"itemListElement\":[{\"@type\":\"ListItem\",\"position\":1,\"item\":{\"@type\":\"WebPage\",\"@id\":\"https:\/\/abrelivros.org.br\/site\/\",\"url\":\"https:\/\/abrelivros.org.br\/site\/\",\"name\":\"In\\u00edcio\"}},{\"@type\":\"ListItem\",\"position\":2,\"item\":{\"@type\":\"WebPage\",\"@id\":\"https:\/\/abrelivros.org.br\/site\/category\/noticias\/\",\"url\":\"https:\/\/abrelivros.org.br\/site\/category\/noticias\/\",\"name\":\"Not\\u00edcias\"}},{\"@type\":\"ListItem\",\"position\":3,\"item\":{\"@type\":\"WebPage\",\"@id\":\"https:\/\/abrelivros.org.br\/site\/category\/noticias\/noticias-da-imprensa\/\",\"url\":\"https:\/\/abrelivros.org.br\/site\/category\/noticias\/noticias-da-imprensa\/\",\"name\":\"Not\\u00edcias da imprensa\"}},{\"@type\":\"ListItem\",\"position\":4,\"item\":{\"@type\":\"WebPage\",\"@id\":\"https:\/\/abrelivros.org.br\/site\/ultima-semana-de-inscricoes-para-o-premio-barco-a-vapor-2021\/\",\"url\":\"https:\/\/abrelivros.org.br\/site\/ultima-semana-de-inscricoes-para-o-premio-barco-a-vapor-2021\/\",\"name\":\"\\u00daltima semana de inscri\\u00e7\\u00f5es para o Pr\\u00eamio Barco a Vapor 2021\"}}]},{\"@type\":\"Person\",\"@id\":\"https:\/\/abrelivros.org.br\/site\/#\/schema\/person\/65db80e26409802ce15ac5feec6a15fd\",\"name\":\"Reda\\u00e7\\u00e3o Abrelivros\",\"image\":{\"@type\":\"ImageObject\",\"@id\":\"https:\/\/abrelivros.org.br\/site\/#personlogo\",\"inLanguage\":\"pt-BR\",\"url\":\"https:\/\/secure.gravatar.com\/avatar\/c4e57f9c7e3482965bd428192061218520756c39080b1d1820b679fa5e9af192?s=96&d=mm&r=g\",\"caption\":\"Reda\\u00e7\\u00e3o Abrelivros\"}}]}<\/script>\n<!-- \/ Yoast SEO plugin. -->","_links":{"self":[{"href":"https:\/\/abrelivros.org.br\/site\/wp-json\/wp\/v2\/posts\/13062","targetHints":{"allow":["GET"]}}],"collection":[{"href":"https:\/\/abrelivros.org.br\/site\/wp-json\/wp\/v2\/posts"}],"about":[{"href":"https:\/\/abrelivros.org.br\/site\/wp-json\/wp\/v2\/types\/post"}],"author":[{"embeddable":true,"href":"https:\/\/abrelivros.org.br\/site\/wp-json\/wp\/v2\/users\/4"}],"replies":[{"embeddable":true,"href":"https:\/\/abrelivros.org.br\/site\/wp-json\/wp\/v2\/comments?post=13062"}],"version-history":[{"count":1,"href":"https:\/\/abrelivros.org.br\/site\/wp-json\/wp\/v2\/posts\/13062\/revisions"}],"predecessor-version":[{"id":13063,"href":"https:\/\/abrelivros.org.br\/site\/wp-json\/wp\/v2\/posts\/13062\/revisions\/13063"}],"wp:attachment":[{"href":"https:\/\/abrelivros.org.br\/site\/wp-json\/wp\/v2\/media?parent=13062"}],"wp:term":[{"taxonomy":"category","embeddable":true,"href":"https:\/\/abrelivros.org.br\/site\/wp-json\/wp\/v2\/categories?post=13062"},{"taxonomy":"post_tag","embeddable":true,"href":"https:\/\/abrelivros.org.br\/site\/wp-json\/wp\/v2\/tags?post=13062"}],"curies":[{"name":"wp","href":"https:\/\/api.w.org\/{rel}","templated":true}]}}