{"id":13060,"date":"2021-01-27T15:38:30","date_gmt":"2021-01-27T18:38:30","guid":{"rendered":"https:\/\/abrelivros.org.br\/site\/?p=13060"},"modified":"2021-01-27T15:38:30","modified_gmt":"2021-01-27T18:38:30","slug":"primeiro-enem-digital-comeca-no-domingo-31","status":"publish","type":"post","link":"https:\/\/abrelivros.org.br\/site\/primeiro-enem-digital-comeca-no-domingo-31\/","title":{"rendered":"Primeiro Enem Digital come\u00e7a no domingo (31)"},"content":{"rendered":"<p>O Instituto Nacional de Estudos e Pesquisas Educacionais An\u00edsio Teixeira (Inep) come\u00e7a a aplicar a vers\u00e3o digital do Exame Nacional do Ensino M\u00e9dio (Enem) 2020 neste domingo, 31 de janeiro. \u00c9 a primeira vez que o exame ter\u00e1 provas digitais. A estreia ocorrer\u00e1 em modelo-piloto e a implementa\u00e7\u00e3o ser\u00e1 progressiva, com previs\u00e3o de se consolidar em 2026. O segundo dia de aplica\u00e7\u00e3o ser\u00e1 no domingo seguinte, dia 7 de fevereiro. Mas, afinal, o que \u00e9 o Enem Digital? Como ser\u00e1 a aplica\u00e7\u00e3o? Quem vai participar?<!--more--><\/p>\n<p>A inscri\u00e7\u00e3o na edi\u00e7\u00e3o de 2020 foi opcional. Com isso, os participantes puderam optar entre o modelo digital e a prova em papel. Nesta primeira aplica\u00e7\u00e3o em computador, n\u00e3o haver\u00e1 a participa\u00e7\u00e3o dos chamados \u201ctreineiros\u201d \u2014 inscritos da 1\u00aa ou da 2\u00aa s\u00e9rie do ensino m\u00e9dio que realizam a prova para testar conhecimentos. Assim, apenas concluintes do ensino m\u00e9dio e pessoas que j\u00e1 conclu\u00edram essa etapa de ensino em anos anteriores far\u00e3o as provas. Tamb\u00e9m n\u00e3o haver\u00e1 atendimento especializado nesta edi\u00e7\u00e3o.<\/p>\n<p>O Inep disponibilizou 100 mil inscri\u00e7\u00f5es para a vers\u00e3o digital, de acordo com a distribui\u00e7\u00e3o de vagas prevista no edital. Vale ressaltar que a ades\u00e3o ao modelo foi total. Ao todo, 96.086 pessoas confirmaram a participa\u00e7\u00e3o. \u00c9 importante destacar, ainda, que as provas ser\u00e3o aplicadas para 93.217 inscritos em 104 cidades brasileiras, j\u00e1 que n\u00e3o haver\u00e1 aplica\u00e7\u00e3o para os 2.896 inscritos do Amazonas. O Inep e o Minist\u00e9rio da Educa\u00e7\u00e3o (MEC) ir\u00e3o unir esfor\u00e7os institucionais, em conjunto com o governo amazonense, para a ado\u00e7\u00e3o de solu\u00e7\u00f5es administrativas alternativas com vistas \u00e0 realiza\u00e7\u00e3o do Enem no estado, nas datas previstas para a reaplica\u00e7\u00e3o, em 23 e 24 de fevereiro.<\/p>\n<p>Durante entrevista coletiva no Inep, ap\u00f3s o encerramento da aplica\u00e7\u00e3o impressa, no \u00faltimo domingo, 24 de janeiro, o presidente da autarquia, Alexandre Lopes, falou sobre a import\u00e2ncia do novo formato do exame. \u201cO futuro \u00e9 o Enem Digital. Pela primeira vez na hist\u00f3ria do Brasil, haver\u00e1 uma aplica\u00e7\u00e3o em computador. Com isso, voc\u00ea n\u00e3o tem a impress\u00e3o de provas, como na vers\u00e3o em papel. Al\u00e9m disso, isso nos possibilita uma velocidade muito maior para receber os resultados, com agilidade e flexibilidade\u201d, pontuou.<\/p>\n<p>Alexandre Lopes tamb\u00e9m destacou o aprimoramento da execu\u00e7\u00e3o log\u00edstica do exame, com o advento da aplica\u00e7\u00e3o digital. \u201cN\u00e3o \u00e9 meramente sobre fazer uma prova digital, o que \u00e9 bom para haver quest\u00f5es melhores, mas para proporcionar flexibiliza\u00e7\u00e3o log\u00edstica. \u00c9 a forma de conseguir uma economia maior, agilidade e quest\u00f5es melhores. As provas digitais representam o futuro da avalia\u00e7\u00e3o e a gente est\u00e1 trazendo isso para o Brasil, em termos de exames em larga escala, por meio do Enem\u201d, disse o presidente do Inep.<\/p>\n<p><strong>Avan\u00e7os<\/strong> \u2013 Al\u00e9m da melhoria na qualidade da prova e dos processos log\u00edsticos, outro objetivo da implementa\u00e7\u00e3o gradativa do Enem Digital \u00e9 possibilitar a realiza\u00e7\u00e3o do exame em v\u00e1rias datas ao longo do ano, por agendamento. O modelo de aplica\u00e7\u00e3o tamb\u00e9m \u00e9 uma forma de incentivar as escolas a implementarem plataformas digitais para os alunos, al\u00e9m de estimular iniciativas de introdu\u00e7\u00e3o dos estudantes \u00e0 cultura digital, por parte das redes de ensino.<\/p>\n<p><strong>Provas<\/strong> \u2013 Vale a pena ressaltar que a aplica\u00e7\u00e3o do Enem Digital ser\u00e1 presencial. Nesse sentido, as provas n\u00e3o ser\u00e3o aplicadas em casa, a dist\u00e2ncia ou em computadores particulares. O exame ocorrer\u00e1 em munic\u00edpios e locais de prova selecionados pelo Inep, sob as mesmas condi\u00e7\u00f5es de seguran\u00e7a e sigilo do Enem impresso. A estrutura da prova tamb\u00e9m ser\u00e1 igual \u00e0 da vers\u00e3o impressa. Cabe destacar, ainda, que a reda\u00e7\u00e3o ser\u00e1 feita como no exame em papel e dever\u00e1 ser escrita \u00e0 m\u00e3o.<\/p>\n<p>No primeiro dia do exame, os inscritos far\u00e3o as provas de linguagens, c\u00f3digos e suas tecnologias, assim como de ci\u00eancias humanas e suas tecnologias, al\u00e9m da reda\u00e7\u00e3o. Quanto \u00e0 prova de l\u00edngua estrangeira, o participante dever\u00e1 responder somente \u00e0s quest\u00f5es referentes ao idioma que escolheu (ingl\u00eas ou espanhol) na inscri\u00e7\u00e3o. A aplica\u00e7\u00e3o ter\u00e1 cinco horas e meia de dura\u00e7\u00e3o. J\u00e1 no segundo dia, ser\u00e3o aplicadas as provas de ci\u00eancias da natureza e suas tecnologias, bem como de matem\u00e1tica e suas tecnologias. Nesse caso, os participantes ter\u00e3o cinco horas para finalizar o exame.<\/p>\n<p>Cart\u00e3o de Confirma\u00e7\u00e3o de Inscri\u00e7\u00e3o \u2013 Os inscritos j\u00e1 podem conferir os locais de prova. As informa\u00e7\u00f5es est\u00e3o no Cart\u00e3o de Confirma\u00e7\u00e3o de Inscri\u00e7\u00e3o, dispon\u00edvel desde o dia 15 de janeiro, na P\u00e1gina do Participante. O cart\u00e3o cont\u00e9m as datas e os hor\u00e1rios das provas, assim como o n\u00famero de inscri\u00e7\u00e3o e a op\u00e7\u00e3o de l\u00edngua estrangeira selecionada. O documento tamb\u00e9m registra a indica\u00e7\u00e3o de tratamento pelo nome social, caso essa solicita\u00e7\u00e3o tenha sido feita e aprovada. Apesar de n\u00e3o ser obrigat\u00f3rio, o Inep recomenda que o inscrito leve o cart\u00e3o nos dias de aplica\u00e7\u00e3o.<\/p>\n<p><strong>Login \u00fanico<\/strong> \u2013 \u00c9 importante lembrar que, para acessar a P\u00e1gina do Participante, o inscrito deve, obrigatoriamente, cadastrar-se no portal do Governo Federal, no endere\u00e7o eletr\u00f4nico acesso.gov.br. O login e a senha \u00fanicos s\u00e3o necess\u00e1rios para acessar informa\u00e7\u00f5es a respeito da inscri\u00e7\u00e3o. O cadastro no portal gov.br garante maior seguran\u00e7a e transpar\u00eancia nos acessos aos sistemas. O procedimento faz parte do processo de unifica\u00e7\u00e3o de todos os servi\u00e7os digitais dos \u00f3rg\u00e3os p\u00fablicos, alinhado ao Plano de Transforma\u00e7\u00e3o Digital do Governo Federal. Com isso, \u00e9 necess\u00e1rio se cadastrar somente uma vez para ter acesso liberado a todos os servi\u00e7os.<\/p>\n<p><strong>Medidas preventivas<\/strong> \u2013 Os protocolos de preven\u00e7\u00e3o contra a COVID-19 estabelecidos para o Enem 2020 foram definidos, em conjunto, entre o Inep e as empresas contratadas para a aplica\u00e7\u00e3o do exame, com base nas principais diretrizes do Minist\u00e9rio da Sa\u00fade e de outros \u00f3rg\u00e3os e entidades de refer\u00eancia. Entre as medidas implementadas est\u00e3o a disponibiliza\u00e7\u00e3o de \u00e1lcool em gel nas salas e a obrigatoriedade do uso de prote\u00e7\u00e3o facial durante a prova. O participante poder\u00e1 levar mais de uma m\u00e1scara para troca ao longo do dia. As m\u00e1scaras ser\u00e3o verificadas pelos fiscais para evitar infra\u00e7\u00f5es. O participante que n\u00e3o utilizar a m\u00e1scara cobrindo totalmente o nariz e a boca, desde a entrada at\u00e9 a sa\u00edda do local de provas, ou recusar-se, injustificadamente, a respeitar os protocolos de preven\u00e7\u00e3o contra o coronav\u00edrus, a qualquer momento, ser\u00e1 eliminado do exame, exceto em casos previstos na Lei n.\u00ba 14.019, de 2020.<\/p>\n<p>Pessoas que n\u00e3o poder\u00e3o comparecer ao primeiro dia de aplica\u00e7\u00e3o, em virtude do diagn\u00f3stico de COVID-19 ou de outra doen\u00e7a infectocontagiosa prevista no edital, t\u00eam at\u00e9 o s\u00e1bado, 30 de janeiro, para solicitar a participa\u00e7\u00e3o na reaplica\u00e7\u00e3o das provas, que ocorrer\u00e1 no formato impresso, em 23 e 24 de fevereiro. A solicita\u00e7\u00e3o dever\u00e1 ser feita na P\u00e1gina do Participante. Os inscritos que apresentarem sintomas na v\u00e9spera ou no dia da prova n\u00e3o dever\u00e3o comparecer ao exame, primando pela seguran\u00e7a e pela sa\u00fade coletiva. Nesses casos, os participantes poder\u00e3o solicitar a reaplica\u00e7\u00e3o, posteriormente, em data a ser divulgada pelo Inep. A aprova\u00e7\u00e3o ou a reprova\u00e7\u00e3o da solicita\u00e7\u00e3o dever\u00e1 ser consultada, tamb\u00e9m, na P\u00e1gina do Participante.<\/p>\n<p>O Inep capacitou, aproximadamente, 30 mil colaboradores para a aplica\u00e7\u00e3o do Enem Digital, entre eles, coordenadores estaduais, municipais e de local, al\u00e9m de supervisores e auxiliares de tecnologia. Todos os computadores utilizados pelos participantes ter\u00e3o uma cabine de prote\u00e7\u00e3o e todo o material administrativo, como fichas de ocorr\u00eancias, termo de elimina\u00e7\u00e3o e relat\u00f3rio de aplica\u00e7\u00e3o, ser\u00e1 preenchido por meio de um aplicativo. Os colaboradores do Enem tamb\u00e9m dever\u00e3o possibilitar o m\u00e1ximo de ventila\u00e7\u00e3o natural e aera\u00e7\u00e3o dos ambientes.<\/p>\n<p><strong>Enem<\/strong> \u2013 Realizado anualmente pelo Inep desde 1998, o Exame Nacional do Ensino M\u00e9dio avalia o desempenho escolar ao final da educa\u00e7\u00e3o b\u00e1sica. A estrutura do exame conta com uma reda\u00e7\u00e3o e 45 quest\u00f5es em cada prova das quatro \u00e1reas de conhecimento: linguagens, c\u00f3digos e suas tecnologias; ci\u00eancias humanas e suas tecnologias; ci\u00eancias da natureza e suas tecnologias; e matem\u00e1tica e suas tecnologias. O Inep aplicou o Enem 2020 impresso nos dias 17 e 24 de fevereiro.<\/p>\n<p><a href=\"https:\/\/www.gov.br\/inep\/pt-br\/areas-de-atuacao\/avaliacao-e-exames-educacionais\/enem\/orientacoes\" target=\"_blank\" rel=\"noopener noreferrer\">Confira as orienta\u00e7\u00f5es para o exame<\/a><\/p>\n<p><a href=\"https:\/\/www.gov.br\/inep\/pt-br\/centrais-de-conteudo\/aplicativos\" target=\"_blank\" rel=\"noopener noreferrer\">Baixe o aplicativo do Enem<\/a><\/p>\n<p><a href=\"https:\/\/www.gov.br\/inep\/pt-br\/areas-de-atuacao\/avaliacao-e-exames-educacionais\/enem\" target=\"_blank\" rel=\"noopener noreferrer\">Saiba mais sobre o Enem<\/a><\/p>\n","protected":false},"excerpt":{"rendered":"<p>O Instituto Nacional de Estudos e Pesquisas Educacionais An\u00edsio Teixeira (Inep) come\u00e7a a aplicar a vers\u00e3o digital do Exame Nacional do Ensino M\u00e9dio (Enem) 2020 neste domingo, 31 de janeiro. \u00c9 a primeira vez que o exame ter\u00e1 provas digitais. A estreia ocorrer\u00e1 em modelo-piloto e a implementa\u00e7\u00e3o ser\u00e1 progressiva, com previs\u00e3o de se consolidar [&hellip;]<\/p>\n","protected":false},"author":4,"featured_media":0,"comment_status":"closed","ping_status":"closed","sticky":false,"template":"","format":"standard","meta":{"footnotes":"","_links_to":"","_links_to_target":""},"categories":[9],"tags":[],"class_list":["post-13060","post","type-post","status-publish","format-standard","hentry","category-noticias-da-imprensa"],"yoast_head":"<!-- This site is optimized with the Yoast SEO plugin v15.1 - https:\/\/yoast.com\/wordpress\/plugins\/seo\/ -->\n<title>Primeiro Enem Digital come\u00e7a no domingo (31) &raquo; Abrelivros<\/title>\n<meta name=\"robots\" content=\"index, follow, max-snippet:-1, max-image-preview:large, max-video-preview:-1\" \/>\n<link rel=\"canonical\" href=\"https:\/\/abrelivros.org.br\/site\/primeiro-enem-digital-comeca-no-domingo-31\/\" \/>\n<meta property=\"og:locale\" content=\"pt_BR\" \/>\n<meta property=\"og:type\" content=\"article\" \/>\n<meta property=\"og:title\" content=\"Primeiro Enem Digital come\u00e7a no domingo (31) &raquo; Abrelivros\" \/>\n<meta property=\"og:description\" content=\"O Instituto Nacional de Estudos e Pesquisas Educacionais An\u00edsio Teixeira (Inep) come\u00e7a a aplicar a vers\u00e3o digital do Exame Nacional do Ensino M\u00e9dio (Enem) 2020 neste domingo, 31 de janeiro. \u00c9 a primeira vez que o exame ter\u00e1 provas digitais. A estreia ocorrer\u00e1 em modelo-piloto e a implementa\u00e7\u00e3o ser\u00e1 progressiva, com previs\u00e3o de se consolidar [&hellip;]\" \/>\n<meta property=\"og:url\" content=\"https:\/\/abrelivros.org.br\/site\/primeiro-enem-digital-comeca-no-domingo-31\/\" \/>\n<meta property=\"og:site_name\" content=\"Abrelivros\" \/>\n<meta property=\"article:published_time\" content=\"2021-01-27T18:38:30+00:00\" \/>\n<meta name=\"twitter:card\" content=\"summary_large_image\" \/>\n<script type=\"application\/ld+json\" class=\"yoast-schema-graph\">{\"@context\":\"https:\/\/schema.org\",\"@graph\":[{\"@type\":\"WebSite\",\"@id\":\"https:\/\/abrelivros.org.br\/site\/#website\",\"url\":\"https:\/\/abrelivros.org.br\/site\/\",\"name\":\"Abrelivros\",\"description\":\"\",\"potentialAction\":[{\"@type\":\"SearchAction\",\"target\":\"https:\/\/abrelivros.org.br\/site\/?s={search_term_string}\",\"query-input\":\"required name=search_term_string\"}],\"inLanguage\":\"pt-BR\"},{\"@type\":\"WebPage\",\"@id\":\"https:\/\/abrelivros.org.br\/site\/primeiro-enem-digital-comeca-no-domingo-31\/#webpage\",\"url\":\"https:\/\/abrelivros.org.br\/site\/primeiro-enem-digital-comeca-no-domingo-31\/\",\"name\":\"Primeiro Enem Digital come\\u00e7a no domingo (31) &raquo; Abrelivros\",\"isPartOf\":{\"@id\":\"https:\/\/abrelivros.org.br\/site\/#website\"},\"datePublished\":\"2021-01-27T18:38:30+00:00\",\"dateModified\":\"2021-01-27T18:38:30+00:00\",\"author\":{\"@id\":\"https:\/\/abrelivros.org.br\/site\/#\/schema\/person\/65db80e26409802ce15ac5feec6a15fd\"},\"breadcrumb\":{\"@id\":\"https:\/\/abrelivros.org.br\/site\/primeiro-enem-digital-comeca-no-domingo-31\/#breadcrumb\"},\"inLanguage\":\"pt-BR\",\"potentialAction\":[{\"@type\":\"ReadAction\",\"target\":[\"https:\/\/abrelivros.org.br\/site\/primeiro-enem-digital-comeca-no-domingo-31\/\"]}]},{\"@type\":\"BreadcrumbList\",\"@id\":\"https:\/\/abrelivros.org.br\/site\/primeiro-enem-digital-comeca-no-domingo-31\/#breadcrumb\",\"itemListElement\":[{\"@type\":\"ListItem\",\"position\":1,\"item\":{\"@type\":\"WebPage\",\"@id\":\"https:\/\/abrelivros.org.br\/site\/\",\"url\":\"https:\/\/abrelivros.org.br\/site\/\",\"name\":\"In\\u00edcio\"}},{\"@type\":\"ListItem\",\"position\":2,\"item\":{\"@type\":\"WebPage\",\"@id\":\"https:\/\/abrelivros.org.br\/site\/category\/noticias\/\",\"url\":\"https:\/\/abrelivros.org.br\/site\/category\/noticias\/\",\"name\":\"Not\\u00edcias\"}},{\"@type\":\"ListItem\",\"position\":3,\"item\":{\"@type\":\"WebPage\",\"@id\":\"https:\/\/abrelivros.org.br\/site\/category\/noticias\/noticias-da-imprensa\/\",\"url\":\"https:\/\/abrelivros.org.br\/site\/category\/noticias\/noticias-da-imprensa\/\",\"name\":\"Not\\u00edcias da imprensa\"}},{\"@type\":\"ListItem\",\"position\":4,\"item\":{\"@type\":\"WebPage\",\"@id\":\"https:\/\/abrelivros.org.br\/site\/primeiro-enem-digital-comeca-no-domingo-31\/\",\"url\":\"https:\/\/abrelivros.org.br\/site\/primeiro-enem-digital-comeca-no-domingo-31\/\",\"name\":\"Primeiro Enem Digital come\\u00e7a no domingo (31)\"}}]},{\"@type\":\"Person\",\"@id\":\"https:\/\/abrelivros.org.br\/site\/#\/schema\/person\/65db80e26409802ce15ac5feec6a15fd\",\"name\":\"Reda\\u00e7\\u00e3o Abrelivros\",\"image\":{\"@type\":\"ImageObject\",\"@id\":\"https:\/\/abrelivros.org.br\/site\/#personlogo\",\"inLanguage\":\"pt-BR\",\"url\":\"https:\/\/secure.gravatar.com\/avatar\/c4e57f9c7e3482965bd428192061218520756c39080b1d1820b679fa5e9af192?s=96&d=mm&r=g\",\"caption\":\"Reda\\u00e7\\u00e3o Abrelivros\"}}]}<\/script>\n<!-- \/ Yoast SEO plugin. -->","_links":{"self":[{"href":"https:\/\/abrelivros.org.br\/site\/wp-json\/wp\/v2\/posts\/13060","targetHints":{"allow":["GET"]}}],"collection":[{"href":"https:\/\/abrelivros.org.br\/site\/wp-json\/wp\/v2\/posts"}],"about":[{"href":"https:\/\/abrelivros.org.br\/site\/wp-json\/wp\/v2\/types\/post"}],"author":[{"embeddable":true,"href":"https:\/\/abrelivros.org.br\/site\/wp-json\/wp\/v2\/users\/4"}],"replies":[{"embeddable":true,"href":"https:\/\/abrelivros.org.br\/site\/wp-json\/wp\/v2\/comments?post=13060"}],"version-history":[{"count":1,"href":"https:\/\/abrelivros.org.br\/site\/wp-json\/wp\/v2\/posts\/13060\/revisions"}],"predecessor-version":[{"id":13061,"href":"https:\/\/abrelivros.org.br\/site\/wp-json\/wp\/v2\/posts\/13060\/revisions\/13061"}],"wp:attachment":[{"href":"https:\/\/abrelivros.org.br\/site\/wp-json\/wp\/v2\/media?parent=13060"}],"wp:term":[{"taxonomy":"category","embeddable":true,"href":"https:\/\/abrelivros.org.br\/site\/wp-json\/wp\/v2\/categories?post=13060"},{"taxonomy":"post_tag","embeddable":true,"href":"https:\/\/abrelivros.org.br\/site\/wp-json\/wp\/v2\/tags?post=13060"}],"curies":[{"name":"wp","href":"https:\/\/api.w.org\/{rel}","templated":true}]}}