{"id":13058,"date":"2021-01-27T15:29:51","date_gmt":"2021-01-27T18:29:51","guid":{"rendered":"https:\/\/abrelivros.org.br\/site\/?p=13058"},"modified":"2021-01-27T15:29:51","modified_gmt":"2021-01-27T18:29:51","slug":"editora-moderna-congresso-de-educacao-moderna-2021","status":"publish","type":"post","link":"https:\/\/abrelivros.org.br\/site\/editora-moderna-congresso-de-educacao-moderna-2021\/","title":{"rendered":"Editora Moderna \u2013 Congresso de Educa\u00e7\u00e3o Moderna 2021"},"content":{"rendered":"<p>A Editora Moderna realiza entre os dias 26 e 28 de janeiro o Congresso de Educa\u00e7\u00e3o Moderna 2021. Um congresso exclusivo com temas atuais e importantes direcionados ao Novo Ensino M\u00e9dio. Conte\u00fado de qualidade, desenvolvido por palestrantes renomados. <a href=\"https:\/\/sites.google.com\/view\/congresso-educacao-moderna\/inscreva-se?authuser=0\" target=\"_blank\" rel=\"noopener noreferrer\">Fa\u00e7a sua inscri\u00e7\u00e3o aqui<\/a>.<!--more--><\/p>\n<p><strong>Dia 26\/01 \u2013 O INDIV\u00cdDUO NA ESCOLA<\/strong><\/p>\n<p>Como se reinventar como pessoas e profissionais na nova escola p\u00f3s-pandemia<\/p>\n<p>Padre F\u00e1bio de Melo<\/p>\n<p>Educa\u00e7\u00e3o antirracista \u2013 qual o papel da escola em rela\u00e7\u00e3o a mudar a sociedade?<\/p>\n<p>Gina Vieira Ponte, Bel Santos Mayer e Bruno Souza<\/p>\n<p>Professor, como superar dores emocionais e reencontrar seu prop\u00f3sito?<\/p>\n<p>Monja Coen<\/p>\n<p><strong>Dia 27\/01 \u2013 A ESCOLA NA SOCIEDADE<\/strong><\/p>\n<p>Ensino h\u00edbrido e Projetos Integradores \u2013 como fazer?<\/p>\n<p>Lilian Bacich e Leandro Holanda<\/p>\n<p>L\u00edngua inglesa e Projetos Integradores \u2013 como fazer?<\/p>\n<p>Elzimar Goettenauer, Ricardo Luiz de Almeida e Luciana de Freitas<\/p>\n<p>O que \u00e9 preciso ensinar na escola do Novo Ensino M\u00e9dio?<\/p>\n<p>Eduardo Deschamps e Jos\u00e9 Francisco Soares<\/p>\n<p>O conflito juventude x professor e como romp\u00ea-lo<\/p>\n<p>Viviane Mos\u00e9 e Rene Silva<\/p>\n<p><strong>Dia 28\/01 \u2013 TRANSFORMA\u00c7\u00c3O PLENA<\/strong><\/p>\n<p>Tudo o que voc\u00ea precisa saber sobre Projetos de Vida no Ensino M\u00e9dio<\/p>\n<p>Roberta Amendola, Helena Singer e Anna Altenfelder<\/p>\n<p>Quando os problemas do mundo entram na escola. E eu com isso?<\/p>\n<p>Atila Iamarino e S\u00f4nia Lopes<\/p>\n<p>Inova\u00e7\u00e3o para reinventar o amanh\u00e3<\/p>\n<p>Jo\u00e3o Carlos Martins e Wilton Ormundo<\/p>\n","protected":false},"excerpt":{"rendered":"<p>A Editora Moderna realiza entre os dias 26 e 28 de janeiro o Congresso de Educa\u00e7\u00e3o Moderna 2021. Um congresso exclusivo com temas atuais e importantes direcionados ao Novo Ensino M\u00e9dio. Conte\u00fado de qualidade, desenvolvido por palestrantes renomados. Fa\u00e7a sua inscri\u00e7\u00e3o aqui.<\/p>\n","protected":false},"author":4,"featured_media":0,"comment_status":"closed","ping_status":"closed","sticky":false,"template":"","format":"standard","meta":{"footnotes":"","_links_to":"","_links_to_target":""},"categories":[9],"tags":[],"class_list":["post-13058","post","type-post","status-publish","format-standard","hentry","category-noticias-da-imprensa"],"yoast_head":"<!-- This site is optimized with the Yoast SEO plugin v15.1 - https:\/\/yoast.com\/wordpress\/plugins\/seo\/ -->\n<title>Editora Moderna \u2013 Congresso de Educa\u00e7\u00e3o Moderna 2021 &raquo; Abrelivros<\/title>\n<meta name=\"robots\" content=\"index, follow, max-snippet:-1, max-image-preview:large, max-video-preview:-1\" \/>\n<link rel=\"canonical\" href=\"https:\/\/abrelivros.org.br\/site\/editora-moderna-congresso-de-educacao-moderna-2021\/\" \/>\n<meta property=\"og:locale\" content=\"pt_BR\" \/>\n<meta property=\"og:type\" content=\"article\" \/>\n<meta property=\"og:title\" content=\"Editora Moderna \u2013 Congresso de Educa\u00e7\u00e3o Moderna 2021 &raquo; Abrelivros\" \/>\n<meta property=\"og:description\" content=\"A Editora Moderna realiza entre os dias 26 e 28 de janeiro o Congresso de Educa\u00e7\u00e3o Moderna 2021. Um congresso exclusivo com temas atuais e importantes direcionados ao Novo Ensino M\u00e9dio. Conte\u00fado de qualidade, desenvolvido por palestrantes renomados. Fa\u00e7a sua inscri\u00e7\u00e3o aqui.\" \/>\n<meta property=\"og:url\" content=\"https:\/\/abrelivros.org.br\/site\/editora-moderna-congresso-de-educacao-moderna-2021\/\" \/>\n<meta property=\"og:site_name\" content=\"Abrelivros\" \/>\n<meta property=\"article:published_time\" content=\"2021-01-27T18:29:51+00:00\" \/>\n<meta name=\"twitter:card\" content=\"summary_large_image\" \/>\n<script type=\"application\/ld+json\" class=\"yoast-schema-graph\">{\"@context\":\"https:\/\/schema.org\",\"@graph\":[{\"@type\":\"WebSite\",\"@id\":\"https:\/\/abrelivros.org.br\/site\/#website\",\"url\":\"https:\/\/abrelivros.org.br\/site\/\",\"name\":\"Abrelivros\",\"description\":\"\",\"potentialAction\":[{\"@type\":\"SearchAction\",\"target\":\"https:\/\/abrelivros.org.br\/site\/?s={search_term_string}\",\"query-input\":\"required name=search_term_string\"}],\"inLanguage\":\"pt-BR\"},{\"@type\":\"WebPage\",\"@id\":\"https:\/\/abrelivros.org.br\/site\/editora-moderna-congresso-de-educacao-moderna-2021\/#webpage\",\"url\":\"https:\/\/abrelivros.org.br\/site\/editora-moderna-congresso-de-educacao-moderna-2021\/\",\"name\":\"Editora Moderna \\u2013 Congresso de Educa\\u00e7\\u00e3o Moderna 2021 &raquo; Abrelivros\",\"isPartOf\":{\"@id\":\"https:\/\/abrelivros.org.br\/site\/#website\"},\"datePublished\":\"2021-01-27T18:29:51+00:00\",\"dateModified\":\"2021-01-27T18:29:51+00:00\",\"author\":{\"@id\":\"https:\/\/abrelivros.org.br\/site\/#\/schema\/person\/65db80e26409802ce15ac5feec6a15fd\"},\"breadcrumb\":{\"@id\":\"https:\/\/abrelivros.org.br\/site\/editora-moderna-congresso-de-educacao-moderna-2021\/#breadcrumb\"},\"inLanguage\":\"pt-BR\",\"potentialAction\":[{\"@type\":\"ReadAction\",\"target\":[\"https:\/\/abrelivros.org.br\/site\/editora-moderna-congresso-de-educacao-moderna-2021\/\"]}]},{\"@type\":\"BreadcrumbList\",\"@id\":\"https:\/\/abrelivros.org.br\/site\/editora-moderna-congresso-de-educacao-moderna-2021\/#breadcrumb\",\"itemListElement\":[{\"@type\":\"ListItem\",\"position\":1,\"item\":{\"@type\":\"WebPage\",\"@id\":\"https:\/\/abrelivros.org.br\/site\/\",\"url\":\"https:\/\/abrelivros.org.br\/site\/\",\"name\":\"In\\u00edcio\"}},{\"@type\":\"ListItem\",\"position\":2,\"item\":{\"@type\":\"WebPage\",\"@id\":\"https:\/\/abrelivros.org.br\/site\/category\/noticias\/\",\"url\":\"https:\/\/abrelivros.org.br\/site\/category\/noticias\/\",\"name\":\"Not\\u00edcias\"}},{\"@type\":\"ListItem\",\"position\":3,\"item\":{\"@type\":\"WebPage\",\"@id\":\"https:\/\/abrelivros.org.br\/site\/category\/noticias\/noticias-da-imprensa\/\",\"url\":\"https:\/\/abrelivros.org.br\/site\/category\/noticias\/noticias-da-imprensa\/\",\"name\":\"Not\\u00edcias da imprensa\"}},{\"@type\":\"ListItem\",\"position\":4,\"item\":{\"@type\":\"WebPage\",\"@id\":\"https:\/\/abrelivros.org.br\/site\/editora-moderna-congresso-de-educacao-moderna-2021\/\",\"url\":\"https:\/\/abrelivros.org.br\/site\/editora-moderna-congresso-de-educacao-moderna-2021\/\",\"name\":\"Editora Moderna \\u2013 Congresso de Educa\\u00e7\\u00e3o Moderna 2021\"}}]},{\"@type\":\"Person\",\"@id\":\"https:\/\/abrelivros.org.br\/site\/#\/schema\/person\/65db80e26409802ce15ac5feec6a15fd\",\"name\":\"Reda\\u00e7\\u00e3o Abrelivros\",\"image\":{\"@type\":\"ImageObject\",\"@id\":\"https:\/\/abrelivros.org.br\/site\/#personlogo\",\"inLanguage\":\"pt-BR\",\"url\":\"https:\/\/secure.gravatar.com\/avatar\/c4e57f9c7e3482965bd428192061218520756c39080b1d1820b679fa5e9af192?s=96&d=mm&r=g\",\"caption\":\"Reda\\u00e7\\u00e3o Abrelivros\"}}]}<\/script>\n<!-- \/ Yoast SEO plugin. -->","_links":{"self":[{"href":"https:\/\/abrelivros.org.br\/site\/wp-json\/wp\/v2\/posts\/13058","targetHints":{"allow":["GET"]}}],"collection":[{"href":"https:\/\/abrelivros.org.br\/site\/wp-json\/wp\/v2\/posts"}],"about":[{"href":"https:\/\/abrelivros.org.br\/site\/wp-json\/wp\/v2\/types\/post"}],"author":[{"embeddable":true,"href":"https:\/\/abrelivros.org.br\/site\/wp-json\/wp\/v2\/users\/4"}],"replies":[{"embeddable":true,"href":"https:\/\/abrelivros.org.br\/site\/wp-json\/wp\/v2\/comments?post=13058"}],"version-history":[{"count":1,"href":"https:\/\/abrelivros.org.br\/site\/wp-json\/wp\/v2\/posts\/13058\/revisions"}],"predecessor-version":[{"id":13059,"href":"https:\/\/abrelivros.org.br\/site\/wp-json\/wp\/v2\/posts\/13058\/revisions\/13059"}],"wp:attachment":[{"href":"https:\/\/abrelivros.org.br\/site\/wp-json\/wp\/v2\/media?parent=13058"}],"wp:term":[{"taxonomy":"category","embeddable":true,"href":"https:\/\/abrelivros.org.br\/site\/wp-json\/wp\/v2\/categories?post=13058"},{"taxonomy":"post_tag","embeddable":true,"href":"https:\/\/abrelivros.org.br\/site\/wp-json\/wp\/v2\/tags?post=13058"}],"curies":[{"name":"wp","href":"https:\/\/api.w.org\/{rel}","templated":true}]}}