{"id":13056,"date":"2021-01-26T14:00:32","date_gmt":"2021-01-26T17:00:32","guid":{"rendered":"https:\/\/abrelivros.org.br\/site\/?p=13056"},"modified":"2021-01-26T14:00:32","modified_gmt":"2021-01-26T17:00:32","slug":"apanhadao-livreiros-temem-queda-nas-vendas-de-volta-as-aulas","status":"publish","type":"post","link":"https:\/\/abrelivros.org.br\/site\/apanhadao-livreiros-temem-queda-nas-vendas-de-volta-as-aulas\/","title":{"rendered":"Apanhad\u00e3o: Livreiros temem queda nas vendas de volta \u00e0s aulas"},"content":{"rendered":"<p>Segundo livreiros ouvidos pela coluna Capital, d\u2019O <a href=\"https:\/\/blogs.oglobo.globo.com\/capital\/post\/o-temor-dos-livreiros-neste-inicio-de-2021.html?utm_campaign=apanhadao_26012021_-_teste&amp;utm_medium=email&amp;utm_source=RD+Station\" target=\"_blank\" rel=\"noopener noreferrer\">Globo<\/a>, o temor neste in\u00edcio de 2021 \u00e9 com o vota \u00e0s aulas. Segundo executivos do setor, a expectativa \u00e9 que a venda de livros escolares despenquem at\u00e9 30% em janeiro e fevereiro, na compara\u00e7\u00e3o com o desempenho pr\u00e9-pandemia. Com a continuidade das aulas on-line, os donos de livrarias t\u00eam notado que muitos pais n\u00e3o t\u00eam comprado os livros exigidos pelas escolas, ou pelo menos adiando a compra at\u00e9 que haja uma data firme de retorno para as aulas presenciais. A tend\u00eancia \u00e9 observada sobretudo no segmento de livros voltados para o ensino fundamental.<!--more--><\/p>\n<p>De Angela Davis a Gramsci e Marx, veja os intelectuais que viraram estrelas das HQs em mat\u00e9ria da <a href=\"https:\/\/www1.folha.uol.com.br\/ilustrada\/2021\/01\/de-angela-davis-a-gramsci-e-marx-veja-os-intelectuais-que-viraram-estrelas-das-hqs.shtml?utm_campaign=apanhadao_26012021_-_teste&amp;utm_medium=email&amp;utm_source=RD+Station\" target=\"_blank\" rel=\"noopener noreferrer\">Folha<\/a>. Nova onda do mercado editorial transforma grandes pensadores em her\u00f3is nas p\u00e1ginas dos quadrinhos. O <a href=\"https:\/\/oglobo.globo.com\/cultura\/casal-de-herois-gays-se-juntara-aos-guardioes-da-galaxia-em-hq-anuncia-marvel-24853122?utm_campaign=apanhadao_26012021_-_teste&amp;utm_medium=email&amp;utm_source=RD+Station\" target=\"_blank\" rel=\"noopener noreferrer\">Globo<\/a> informa que casal de her\u00f3is gays se juntar\u00e1 aos Guardi\u00f5es da Gal\u00e1xia em HQ, segundo a Marvel. Novo volume da s\u00e9rie acrescentar\u00e1 Wiccano e Hulkling \u00e0 equipe formada por Groot, Gamora, Rocket Racoon e Senhor das Estrelas.<\/p>\n<p>O colunista Ancelmo Gois d\u2019O <a href=\"https:\/\/blogs.oglobo.globo.com\/ancelmo\/post\/editora-civilizacao-brasileira-relanca-livro-de-rosa-luxemburgo.html?utm_campaign=apanhadao_26012021_-_teste&amp;utm_medium=email&amp;utm_source=RD+Station\" target=\"_blank\" rel=\"noopener noreferrer\">Globo<\/a> informa que o cl\u00e1ssico A acumula\u00e7\u00e3o do capital, da economista e fil\u00f3sofa marxista polaco-alem\u00e3 Rosa Luxemburgo (1871-1919), ganhar\u00e1 nova edi\u00e7\u00e3o pela editora Civiliza\u00e7\u00e3o Brasileira em fevereiro. O livro, encontrado apenas em sebos, celebra os 150 anos do nascimento da autora, com tradu\u00e7\u00e3o original do cientista pol\u00edtico Moniz Bandeira.<\/p>\n<p>A coluna Babel, do <a href=\"https:\/\/cultura.estadao.com.br\/blogs\/babel\/monologo-interior-falar-sozinhos-e-mar-azul\/?utm_campaign=apanhadao_26012021_-_teste&amp;utm_medium=email&amp;utm_source=RD+Station\" target=\"_blank\" rel=\"noopener noreferrer\">Estad\u00e3o<\/a>, anuncia os quatro lan\u00e7amentos que marcam a estreia da F\u00f3sforo, editora de Fernanda Diamant, Rita Mattar e Luis Francisco Carvalho Filho, em maio. S\u00e3o eles: Psiconautas \u2013 Viagens com a ci\u00eancia psicod\u00e9lica brasileira, de Marcelo Leite; O 13 de Maio e outras est\u00f3rias do p\u00f3s-aboli\u00e7\u00e3o, com textos de Raul Astolfo Marques (1876-1918) organizados por Matheus Gato de Jesus; O lugar, uma auto-s\u00f3cio-biografia da francesa Annie Ernaux, in\u00e9dita no Brasil; e O Cometa, fic\u00e7\u00e3o cient\u00edfica centen\u00e1ria de W. E. B. Du Bois (1868-1963).<\/p>\n<p>O livro que abalou a Fran\u00e7a com relato de pedofilia de escritor vai sair no Brasil, informou a coluna Painel Das Letras da <a href=\"https:\/\/www1.folha.uol.com.br\/colunas\/walter-porto\/2021\/01\/livro-que-abalou-a-franca-com-relato-de-pedofilia-de-escritor-vai-sair-no-brasil.shtml?utm_campaign=apanhadao_26012021_-_teste&amp;utm_medium=email&amp;utm_source=RD+Station\" target=\"_blank\" rel=\"noopener noreferrer\">Folha<\/a>. Em Consentimento, Vanessa Springora narra a rela\u00e7\u00e3o abusiva que teve com Gabriel Matzneff aos 14 anos. O livro sai pela Verus, selo do grupo Record. Mar\u00e7o, a prop\u00f3sito, ser\u00e1 um m\u00eas bem feminista na Record. Al\u00e9m de Springora, est\u00e3o nos planos Eu odeio homens (Rosa dos Tempos), livro que transformou a autora Pauline Harmange em alvo de ataques mis\u00f3ginos, e o in\u00e9dito de Simone de Beauvoir, As insepar\u00e1veis.<\/p>\n<p>Nessa mesma toada, a coluna Painel Das Letras da <a href=\"https:\/\/www1.folha.uol.com.br\/colunas\/walter-porto\/2021\/01\/livro-que-abalou-a-franca-com-relato-de-pedofilia-de-escritor-vai-sair-no-brasil.shtml?utm_campaign=apanhadao_26012021_-_teste&amp;utm_medium=email&amp;utm_source=RD+Station\" target=\"_blank\" rel=\"noopener noreferrer\">Folha<\/a> adiantou que a Globo prepara, no mesmo m\u00eas, o lan\u00e7amento de Precisamos falar sobre abuso: conversas e mem\u00f3rias sobre a cultura do estupro, colet\u00e2nea de textos editada e prefaciada por Roxane Gay, uma das vozes mais contundentes do feminismo atual. E a casa relan\u00e7a em junho o livro mais conhecido da autora, M\u00e1 feminista, que tinha sa\u00eddo por aqui pela Novo S\u00e9culo.<\/p>\n<p>O jornal<a href=\"https:\/\/www.acritica.com\/channels\/coronavirus\/news\/morre-escritor-indigena-amazonense-elyas-macuxi-vitima-da-covid-19?utm_campaign=apanhadao_26012021_-_teste&amp;utm_medium=email&amp;utm_source=RD+Station\" target=\"_blank\" rel=\"noopener noreferrer\"> A Cr\u00edtica<\/a>, de Manaus, informou a morte do escritor ind\u00edgena amazonense Ely Macuxi, v\u00edtima da covid-19. De acordo com o Jornal do Commercio, do Recife, foi a covid-19 tamb\u00e9m que ceifou a vida do livreiro Tarcisio Pereira, fundador da Livros 7, que por mais de 30 anos funcionou no centro da capital pernambucana. A livraria tinha fechado suas portas em 2000. Atualmente, Tarcisio ocupava o cargo de superintendente de marketing da Cepe Editora.<\/p>\n<p>O colunista Ancelmo Gois do <a href=\"https:\/\/blogs.oglobo.globo.com\/ancelmo\/post\/jose-saramago-e-timbre-que-fecha-portas-dia-31-uma-historia-de-amor.html?utm_campaign=apanhadao_26012021_-_teste&amp;utm_medium=email&amp;utm_source=RD+Station\" target=\"_blank\" rel=\"noopener noreferrer\">Globo<\/a> relembrou a visita Jos\u00e9 Saramago na Timbre, que fecha as portas no pr\u00f3ximo dia 31. Talvez o dia mais feliz de Jos\u00e9 Saramago (1922- 2010) no Brasil tenha sido na livraria. Foi na festa de lan\u00e7amento do primeiro livro dele por aqui Jangada de pedra, em 1988. Uma multid\u00e3o formou uma fila de aut\u00f3grafos e alguns sapecaram um beijo no nosso Pr\u00eamio Nobel. No fim, o portugu\u00eas dirigiu-se ao querido editor Luiz Schwarcz, da Companha das Letras, e n\u00e3o se conteve: \u201cLuiz, esta gente quer me matar de amor\u201d.<\/p>\n<p>A coluna Painel das Letras da <a href=\"https:\/\/www1.folha.uol.com.br\/colunas\/walter-porto\/2021\/01\/livro-que-abalou-a-franca-com-relato-de-pedofilia-de-escritor-vai-sair-no-brasil.shtml?utm_campaign=apanhadao_26012021_-_teste&amp;utm_medium=email&amp;utm_source=RD+Station\" target=\"_blank\" rel=\"noopener noreferrer\">Folha<\/a> adiantou que a tradicional Balada Liter\u00e1ria vai ganhar um novo formato em 2021. Al\u00e9m da edi\u00e7\u00e3o presencial, prevista para novembro, o evento ter\u00e1 uma programa\u00e7\u00e3o mensal veiculada na internet, com aulas, debates, oficinas e shows. Come\u00e7a j\u00e1 no pr\u00f3ximo s\u00e1bado (30), \u00e0s 17h, com a educadora Ana Mae Barbosa discutindo a pedagogia de Paulo Freire, seguida \u00e0 noite por uma conversa entre os poetas S\u00e9rgio Vaz e Nelson Maca.<\/p>\n<p>Bibliotecas em S\u00e3o Paulo oferecem oficinas de quadrinhos; informou o <a href=\"https:\/\/cultura.estadao.com.br\/noticias\/literatura,bibliotecas-em-sao-paulo-oferecem-oficinas-de-quadrinhos,70003592978?utm_campaign=apanhadao_26012021_-_teste&amp;utm_medium=email&amp;utm_source=RD+Station\" target=\"_blank\" rel=\"noopener noreferrer\">Estad\u00e3o<\/a>. Para festejar o Dia do Quadrinho Nacional, 30\/01, Carol Ito e Eloar Guazzelli Filho v\u00e3o ministrar atividades para quem quer aprender mais sobre esse universo<\/p>\n<p>Nos EUA, cerca de 500 autores e profissionais da ind\u00fastria editorial j\u00e1 assinaram um <a href=\"https:\/\/docs.google.com\/document\/d\/e\/2PACX-1vS_tiz6ATX5piqGmFlu6FqNwJinahlYJqn7JtGoiDOUIFEEx3MuvXubKQJi6BGpTlsyJpqLgk-pyhiE\/pub\" target=\"_blank\" rel=\"noopener noreferrer\">manifesto<\/a> em que pedem para que editoras norte-americanas n\u00e3o publiquem livros de membros da administra\u00e7\u00e3o Trump, noticiou o <a href=\"https:\/\/www.publishersweekly.com\/pw\/by-topic\/industry-news\/publisher-news\/article\/85329-industry-members-unite-to-block-trump-administration-book-deals.html\" target=\"_blank\" rel=\"noopener noreferrer\">Publishers Weekly<\/a>. A carta aberta foi elaborada pelo autor Barry Lyga e j\u00e1 foi subscrita por nomes como Celeste Ng e Chuck Wendig. O <a href=\"https:\/\/cultura.estadao.com.br\/noticias\/literatura,eua-se-rendem-a-poeta-amanda-gorman-apos-recital-na-posse-de-biden,70003590874?utm_campaign=apanhadao_26012021_-_teste&amp;utm_medium=email&amp;utm_source=RD+Station\" target=\"_blank\" rel=\"noopener noreferrer\">Estad\u00e3o<\/a> deu novo destaque a Amanda Gorman, cuja participa\u00e7\u00e3o foi um dos pontos altos da posse de Joe Biden. Poeta mais jovem a recitar seus versos na posse de um presidente, ela entrou para a lista de mais vendidos antes mesmo de publicar sua obra The hill we climb. Recordes de pr\u00e9-venda, pr\u00eamios e elogios indicam que os EUA se renderam \u00e0 jovem poeta negra. O sucesso de venda da jovem poeta tamb\u00e9m foi not\u00edcia na <a href=\"https:\/\/edition.cnn.com\/2021\/01\/21\/us\/amanda-gorman-poet-best-selling-books-trnd\/index.html?utm_campaign=apanhadao_26012021_-_teste&amp;utm_medium=email&amp;utm_source=RD+Station\" target=\"_blank\" rel=\"noopener noreferrer\">CNN<\/a>.<\/p>\n","protected":false},"excerpt":{"rendered":"<p>Segundo livreiros ouvidos pela coluna Capital, d\u2019O Globo, o temor neste in\u00edcio de 2021 \u00e9 com o vota \u00e0s aulas. Segundo executivos do setor, a expectativa \u00e9 que a venda de livros escolares despenquem at\u00e9 30% em janeiro e fevereiro, na compara\u00e7\u00e3o com o desempenho pr\u00e9-pandemia. Com a continuidade das aulas on-line, os donos de [&hellip;]<\/p>\n","protected":false},"author":4,"featured_media":0,"comment_status":"closed","ping_status":"closed","sticky":false,"template":"","format":"standard","meta":{"footnotes":"","_links_to":"","_links_to_target":""},"categories":[9],"tags":[],"class_list":["post-13056","post","type-post","status-publish","format-standard","hentry","category-noticias-da-imprensa"],"yoast_head":"<!-- This site is optimized with the Yoast SEO plugin v15.1 - https:\/\/yoast.com\/wordpress\/plugins\/seo\/ -->\n<title>Apanhad\u00e3o: Livreiros temem queda nas vendas de volta \u00e0s aulas &raquo; Abrelivros<\/title>\n<meta name=\"robots\" content=\"index, follow, max-snippet:-1, max-image-preview:large, max-video-preview:-1\" \/>\n<link rel=\"canonical\" href=\"https:\/\/abrelivros.org.br\/site\/apanhadao-livreiros-temem-queda-nas-vendas-de-volta-as-aulas\/\" \/>\n<meta property=\"og:locale\" content=\"pt_BR\" \/>\n<meta property=\"og:type\" content=\"article\" \/>\n<meta property=\"og:title\" content=\"Apanhad\u00e3o: Livreiros temem queda nas vendas de volta \u00e0s aulas &raquo; Abrelivros\" \/>\n<meta property=\"og:description\" content=\"Segundo livreiros ouvidos pela coluna Capital, d\u2019O Globo, o temor neste in\u00edcio de 2021 \u00e9 com o vota \u00e0s aulas. Segundo executivos do setor, a expectativa \u00e9 que a venda de livros escolares despenquem at\u00e9 30% em janeiro e fevereiro, na compara\u00e7\u00e3o com o desempenho pr\u00e9-pandemia. Com a continuidade das aulas on-line, os donos de [&hellip;]\" \/>\n<meta property=\"og:url\" content=\"https:\/\/abrelivros.org.br\/site\/apanhadao-livreiros-temem-queda-nas-vendas-de-volta-as-aulas\/\" \/>\n<meta property=\"og:site_name\" content=\"Abrelivros\" \/>\n<meta property=\"article:published_time\" content=\"2021-01-26T17:00:32+00:00\" \/>\n<meta name=\"twitter:card\" content=\"summary_large_image\" \/>\n<script type=\"application\/ld+json\" class=\"yoast-schema-graph\">{\"@context\":\"https:\/\/schema.org\",\"@graph\":[{\"@type\":\"WebSite\",\"@id\":\"https:\/\/abrelivros.org.br\/site\/#website\",\"url\":\"https:\/\/abrelivros.org.br\/site\/\",\"name\":\"Abrelivros\",\"description\":\"\",\"potentialAction\":[{\"@type\":\"SearchAction\",\"target\":\"https:\/\/abrelivros.org.br\/site\/?s={search_term_string}\",\"query-input\":\"required name=search_term_string\"}],\"inLanguage\":\"pt-BR\"},{\"@type\":\"WebPage\",\"@id\":\"https:\/\/abrelivros.org.br\/site\/apanhadao-livreiros-temem-queda-nas-vendas-de-volta-as-aulas\/#webpage\",\"url\":\"https:\/\/abrelivros.org.br\/site\/apanhadao-livreiros-temem-queda-nas-vendas-de-volta-as-aulas\/\",\"name\":\"Apanhad\\u00e3o: Livreiros temem queda nas vendas de volta \\u00e0s aulas &raquo; Abrelivros\",\"isPartOf\":{\"@id\":\"https:\/\/abrelivros.org.br\/site\/#website\"},\"datePublished\":\"2021-01-26T17:00:32+00:00\",\"dateModified\":\"2021-01-26T17:00:32+00:00\",\"author\":{\"@id\":\"https:\/\/abrelivros.org.br\/site\/#\/schema\/person\/65db80e26409802ce15ac5feec6a15fd\"},\"breadcrumb\":{\"@id\":\"https:\/\/abrelivros.org.br\/site\/apanhadao-livreiros-temem-queda-nas-vendas-de-volta-as-aulas\/#breadcrumb\"},\"inLanguage\":\"pt-BR\",\"potentialAction\":[{\"@type\":\"ReadAction\",\"target\":[\"https:\/\/abrelivros.org.br\/site\/apanhadao-livreiros-temem-queda-nas-vendas-de-volta-as-aulas\/\"]}]},{\"@type\":\"BreadcrumbList\",\"@id\":\"https:\/\/abrelivros.org.br\/site\/apanhadao-livreiros-temem-queda-nas-vendas-de-volta-as-aulas\/#breadcrumb\",\"itemListElement\":[{\"@type\":\"ListItem\",\"position\":1,\"item\":{\"@type\":\"WebPage\",\"@id\":\"https:\/\/abrelivros.org.br\/site\/\",\"url\":\"https:\/\/abrelivros.org.br\/site\/\",\"name\":\"In\\u00edcio\"}},{\"@type\":\"ListItem\",\"position\":2,\"item\":{\"@type\":\"WebPage\",\"@id\":\"https:\/\/abrelivros.org.br\/site\/category\/noticias\/\",\"url\":\"https:\/\/abrelivros.org.br\/site\/category\/noticias\/\",\"name\":\"Not\\u00edcias\"}},{\"@type\":\"ListItem\",\"position\":3,\"item\":{\"@type\":\"WebPage\",\"@id\":\"https:\/\/abrelivros.org.br\/site\/category\/noticias\/noticias-da-imprensa\/\",\"url\":\"https:\/\/abrelivros.org.br\/site\/category\/noticias\/noticias-da-imprensa\/\",\"name\":\"Not\\u00edcias da imprensa\"}},{\"@type\":\"ListItem\",\"position\":4,\"item\":{\"@type\":\"WebPage\",\"@id\":\"https:\/\/abrelivros.org.br\/site\/apanhadao-livreiros-temem-queda-nas-vendas-de-volta-as-aulas\/\",\"url\":\"https:\/\/abrelivros.org.br\/site\/apanhadao-livreiros-temem-queda-nas-vendas-de-volta-as-aulas\/\",\"name\":\"Apanhad\\u00e3o: Livreiros temem queda nas vendas de volta \\u00e0s aulas\"}}]},{\"@type\":\"Person\",\"@id\":\"https:\/\/abrelivros.org.br\/site\/#\/schema\/person\/65db80e26409802ce15ac5feec6a15fd\",\"name\":\"Reda\\u00e7\\u00e3o Abrelivros\",\"image\":{\"@type\":\"ImageObject\",\"@id\":\"https:\/\/abrelivros.org.br\/site\/#personlogo\",\"inLanguage\":\"pt-BR\",\"url\":\"https:\/\/secure.gravatar.com\/avatar\/c4e57f9c7e3482965bd428192061218520756c39080b1d1820b679fa5e9af192?s=96&d=mm&r=g\",\"caption\":\"Reda\\u00e7\\u00e3o Abrelivros\"}}]}<\/script>\n<!-- \/ Yoast SEO plugin. -->","_links":{"self":[{"href":"https:\/\/abrelivros.org.br\/site\/wp-json\/wp\/v2\/posts\/13056","targetHints":{"allow":["GET"]}}],"collection":[{"href":"https:\/\/abrelivros.org.br\/site\/wp-json\/wp\/v2\/posts"}],"about":[{"href":"https:\/\/abrelivros.org.br\/site\/wp-json\/wp\/v2\/types\/post"}],"author":[{"embeddable":true,"href":"https:\/\/abrelivros.org.br\/site\/wp-json\/wp\/v2\/users\/4"}],"replies":[{"embeddable":true,"href":"https:\/\/abrelivros.org.br\/site\/wp-json\/wp\/v2\/comments?post=13056"}],"version-history":[{"count":1,"href":"https:\/\/abrelivros.org.br\/site\/wp-json\/wp\/v2\/posts\/13056\/revisions"}],"predecessor-version":[{"id":13057,"href":"https:\/\/abrelivros.org.br\/site\/wp-json\/wp\/v2\/posts\/13056\/revisions\/13057"}],"wp:attachment":[{"href":"https:\/\/abrelivros.org.br\/site\/wp-json\/wp\/v2\/media?parent=13056"}],"wp:term":[{"taxonomy":"category","embeddable":true,"href":"https:\/\/abrelivros.org.br\/site\/wp-json\/wp\/v2\/categories?post=13056"},{"taxonomy":"post_tag","embeddable":true,"href":"https:\/\/abrelivros.org.br\/site\/wp-json\/wp\/v2\/tags?post=13056"}],"curies":[{"name":"wp","href":"https:\/\/api.w.org\/{rel}","templated":true}]}}