{"id":13054,"date":"2021-01-26T13:44:43","date_gmt":"2021-01-26T16:44:43","guid":{"rendered":"https:\/\/abrelivros.org.br\/site\/?p=13054"},"modified":"2021-01-26T13:44:43","modified_gmt":"2021-01-26T16:44:43","slug":"projeto-estabelece-metas-no-pne-para-valorizar-professor-da-escola-publica","status":"publish","type":"post","link":"https:\/\/abrelivros.org.br\/site\/projeto-estabelece-metas-no-pne-para-valorizar-professor-da-escola-publica\/","title":{"rendered":"Projeto estabelece metas no PNE para valorizar professor da escola p\u00fablica"},"content":{"rendered":"<p>O Projeto de Lei 5357\/20, em tramita\u00e7\u00e3o na C\u00e2mara dos Deputados, estabelece novas metas no \u00e2mbito do Plano Nacional de Educa\u00e7\u00e3o (PNE) para valorizar o exerc\u00edcio do magist\u00e9rio no servi\u00e7o p\u00fablico de ensino.<!--more--><\/p>\n<p>Uma das metas estipuladas \u00e9 equiparar o rendimento m\u00e9dio dos professores ao dos demais profissionais com escolaridade equivalente, at\u00e9 o final do sexto ano de vig\u00eancia do PNE, al\u00e9m de elevar o piso salarial nacional para os profissionais do magist\u00e9rio p\u00fablico da educa\u00e7\u00e3o b\u00e1sica, de modo a alcan\u00e7ar, em 2024, o dobro do valor estabelecido para 2014.<\/p>\n<p>A outra meta inclu\u00edda no PNE \u00e9 assegurar, no prazo de dois anos, a exist\u00eancia de planos de carreira para os profissionais da educa\u00e7\u00e3o b\u00e1sica e superior p\u00fablica<\/p>\n<p>de todos os sistemas de ensino.<\/p>\n<p>De acordo com o autor da proposta, deputado <a href=\"https:\/\/www.camara.leg.br\/deputados\/204457\" target=\"_blank\" rel=\"noopener noreferrer\">Juninho do Pneu (DEM-RJ)<\/a>, existem recursos para a educa\u00e7\u00e3o no Brasil, por\u00e9m eles n\u00e3o s\u00e3o &#8220;bem canalizados&#8221;. Por isso, ele defende que os professores tenham sal\u00e1rios dignos, mas que a mudan\u00e7a seja gradativa.<\/p>\n<p>&#8220;\u00c9 essencial efetuar esse planejamento de longo prazo, para que as pol\u00edticas p\u00fablicas brasileiras \u2013 neste caso, na \u00e1rea educacional \u2013 tornem-se cada vez mais estabelecidas em seu car\u00e1ter estrutural, sem deixar de considerar a necessidade de eventuais ajustes conjunturais&#8221;, afirma.<\/p>\n<p><a href=\"https:\/\/www.camara.leg.br\/noticias\/573454-SAIBA-MAIS-SOBRE-A-TRAMITACAO-DE-PROJETOS-DE-LEI\" target=\"_blank\" rel=\"noopener noreferrer\">Saiba mais sobre a tramita\u00e7\u00e3o de projetos de lei<\/a>.<\/p>\n","protected":false},"excerpt":{"rendered":"<p>O Projeto de Lei 5357\/20, em tramita\u00e7\u00e3o na C\u00e2mara dos Deputados, estabelece novas metas no \u00e2mbito do Plano Nacional de Educa\u00e7\u00e3o (PNE) para valorizar o exerc\u00edcio do magist\u00e9rio no servi\u00e7o p\u00fablico de ensino.<\/p>\n","protected":false},"author":4,"featured_media":0,"comment_status":"closed","ping_status":"closed","sticky":false,"template":"","format":"standard","meta":{"footnotes":"","_links_to":"","_links_to_target":""},"categories":[9],"tags":[],"class_list":["post-13054","post","type-post","status-publish","format-standard","hentry","category-noticias-da-imprensa"],"yoast_head":"<!-- This site is optimized with the Yoast SEO plugin v15.1 - https:\/\/yoast.com\/wordpress\/plugins\/seo\/ -->\n<title>Projeto estabelece metas no PNE para valorizar professor da escola p\u00fablica &raquo; Abrelivros<\/title>\n<meta name=\"robots\" content=\"index, follow, max-snippet:-1, max-image-preview:large, max-video-preview:-1\" \/>\n<link rel=\"canonical\" href=\"https:\/\/abrelivros.org.br\/site\/projeto-estabelece-metas-no-pne-para-valorizar-professor-da-escola-publica\/\" \/>\n<meta property=\"og:locale\" content=\"pt_BR\" \/>\n<meta property=\"og:type\" content=\"article\" \/>\n<meta property=\"og:title\" content=\"Projeto estabelece metas no PNE para valorizar professor da escola p\u00fablica &raquo; Abrelivros\" \/>\n<meta property=\"og:description\" content=\"O Projeto de Lei 5357\/20, em tramita\u00e7\u00e3o na C\u00e2mara dos Deputados, estabelece novas metas no \u00e2mbito do Plano Nacional de Educa\u00e7\u00e3o (PNE) para valorizar o exerc\u00edcio do magist\u00e9rio no servi\u00e7o p\u00fablico de ensino.\" \/>\n<meta property=\"og:url\" content=\"https:\/\/abrelivros.org.br\/site\/projeto-estabelece-metas-no-pne-para-valorizar-professor-da-escola-publica\/\" \/>\n<meta property=\"og:site_name\" content=\"Abrelivros\" \/>\n<meta property=\"article:published_time\" content=\"2021-01-26T16:44:43+00:00\" \/>\n<meta name=\"twitter:card\" content=\"summary_large_image\" \/>\n<script type=\"application\/ld+json\" class=\"yoast-schema-graph\">{\"@context\":\"https:\/\/schema.org\",\"@graph\":[{\"@type\":\"WebSite\",\"@id\":\"https:\/\/abrelivros.org.br\/site\/#website\",\"url\":\"https:\/\/abrelivros.org.br\/site\/\",\"name\":\"Abrelivros\",\"description\":\"\",\"potentialAction\":[{\"@type\":\"SearchAction\",\"target\":\"https:\/\/abrelivros.org.br\/site\/?s={search_term_string}\",\"query-input\":\"required name=search_term_string\"}],\"inLanguage\":\"pt-BR\"},{\"@type\":\"WebPage\",\"@id\":\"https:\/\/abrelivros.org.br\/site\/projeto-estabelece-metas-no-pne-para-valorizar-professor-da-escola-publica\/#webpage\",\"url\":\"https:\/\/abrelivros.org.br\/site\/projeto-estabelece-metas-no-pne-para-valorizar-professor-da-escola-publica\/\",\"name\":\"Projeto estabelece metas no PNE para valorizar professor da escola p\\u00fablica &raquo; Abrelivros\",\"isPartOf\":{\"@id\":\"https:\/\/abrelivros.org.br\/site\/#website\"},\"datePublished\":\"2021-01-26T16:44:43+00:00\",\"dateModified\":\"2021-01-26T16:44:43+00:00\",\"author\":{\"@id\":\"https:\/\/abrelivros.org.br\/site\/#\/schema\/person\/65db80e26409802ce15ac5feec6a15fd\"},\"breadcrumb\":{\"@id\":\"https:\/\/abrelivros.org.br\/site\/projeto-estabelece-metas-no-pne-para-valorizar-professor-da-escola-publica\/#breadcrumb\"},\"inLanguage\":\"pt-BR\",\"potentialAction\":[{\"@type\":\"ReadAction\",\"target\":[\"https:\/\/abrelivros.org.br\/site\/projeto-estabelece-metas-no-pne-para-valorizar-professor-da-escola-publica\/\"]}]},{\"@type\":\"BreadcrumbList\",\"@id\":\"https:\/\/abrelivros.org.br\/site\/projeto-estabelece-metas-no-pne-para-valorizar-professor-da-escola-publica\/#breadcrumb\",\"itemListElement\":[{\"@type\":\"ListItem\",\"position\":1,\"item\":{\"@type\":\"WebPage\",\"@id\":\"https:\/\/abrelivros.org.br\/site\/\",\"url\":\"https:\/\/abrelivros.org.br\/site\/\",\"name\":\"In\\u00edcio\"}},{\"@type\":\"ListItem\",\"position\":2,\"item\":{\"@type\":\"WebPage\",\"@id\":\"https:\/\/abrelivros.org.br\/site\/category\/noticias\/\",\"url\":\"https:\/\/abrelivros.org.br\/site\/category\/noticias\/\",\"name\":\"Not\\u00edcias\"}},{\"@type\":\"ListItem\",\"position\":3,\"item\":{\"@type\":\"WebPage\",\"@id\":\"https:\/\/abrelivros.org.br\/site\/category\/noticias\/noticias-da-imprensa\/\",\"url\":\"https:\/\/abrelivros.org.br\/site\/category\/noticias\/noticias-da-imprensa\/\",\"name\":\"Not\\u00edcias da imprensa\"}},{\"@type\":\"ListItem\",\"position\":4,\"item\":{\"@type\":\"WebPage\",\"@id\":\"https:\/\/abrelivros.org.br\/site\/projeto-estabelece-metas-no-pne-para-valorizar-professor-da-escola-publica\/\",\"url\":\"https:\/\/abrelivros.org.br\/site\/projeto-estabelece-metas-no-pne-para-valorizar-professor-da-escola-publica\/\",\"name\":\"Projeto estabelece metas no PNE para valorizar professor da escola p\\u00fablica\"}}]},{\"@type\":\"Person\",\"@id\":\"https:\/\/abrelivros.org.br\/site\/#\/schema\/person\/65db80e26409802ce15ac5feec6a15fd\",\"name\":\"Reda\\u00e7\\u00e3o Abrelivros\",\"image\":{\"@type\":\"ImageObject\",\"@id\":\"https:\/\/abrelivros.org.br\/site\/#personlogo\",\"inLanguage\":\"pt-BR\",\"url\":\"https:\/\/secure.gravatar.com\/avatar\/c4e57f9c7e3482965bd428192061218520756c39080b1d1820b679fa5e9af192?s=96&d=mm&r=g\",\"caption\":\"Reda\\u00e7\\u00e3o Abrelivros\"}}]}<\/script>\n<!-- \/ Yoast SEO plugin. -->","_links":{"self":[{"href":"https:\/\/abrelivros.org.br\/site\/wp-json\/wp\/v2\/posts\/13054","targetHints":{"allow":["GET"]}}],"collection":[{"href":"https:\/\/abrelivros.org.br\/site\/wp-json\/wp\/v2\/posts"}],"about":[{"href":"https:\/\/abrelivros.org.br\/site\/wp-json\/wp\/v2\/types\/post"}],"author":[{"embeddable":true,"href":"https:\/\/abrelivros.org.br\/site\/wp-json\/wp\/v2\/users\/4"}],"replies":[{"embeddable":true,"href":"https:\/\/abrelivros.org.br\/site\/wp-json\/wp\/v2\/comments?post=13054"}],"version-history":[{"count":1,"href":"https:\/\/abrelivros.org.br\/site\/wp-json\/wp\/v2\/posts\/13054\/revisions"}],"predecessor-version":[{"id":13055,"href":"https:\/\/abrelivros.org.br\/site\/wp-json\/wp\/v2\/posts\/13054\/revisions\/13055"}],"wp:attachment":[{"href":"https:\/\/abrelivros.org.br\/site\/wp-json\/wp\/v2\/media?parent=13054"}],"wp:term":[{"taxonomy":"category","embeddable":true,"href":"https:\/\/abrelivros.org.br\/site\/wp-json\/wp\/v2\/categories?post=13054"},{"taxonomy":"post_tag","embeddable":true,"href":"https:\/\/abrelivros.org.br\/site\/wp-json\/wp\/v2\/tags?post=13054"}],"curies":[{"name":"wp","href":"https:\/\/api.w.org\/{rel}","templated":true}]}}