{"id":13052,"date":"2021-01-26T13:39:54","date_gmt":"2021-01-26T16:39:54","guid":{"rendered":"https:\/\/abrelivros.org.br\/site\/?p=13052"},"modified":"2021-01-26T13:39:54","modified_gmt":"2021-01-26T16:39:54","slug":"inep-garante-recursos-de-acessibilidade-ineditos","status":"publish","type":"post","link":"https:\/\/abrelivros.org.br\/site\/inep-garante-recursos-de-acessibilidade-ineditos\/","title":{"rendered":"Inep garante recursos de acessibilidade in\u00e9ditos"},"content":{"rendered":"<p>Os participantes do Exame Nacional do Ensino M\u00e9dio (Enem) 2020 impresso que tiveram a solicita\u00e7\u00e3o de atendimento especializado aprovada devem ficar atentos \u00e0s orienta\u00e7\u00f5es para a realiza\u00e7\u00e3o do segundo dia das provas, neste domingo (24). Na edi\u00e7\u00e3o de 2020, o Instituto Nacional de Estudos e Pesquisas Educacionais An\u00edsio Teixeira (Inep) recebeu mais de 52,5 mil solicita\u00e7\u00f5es de atendimento especializado. As solicita\u00e7\u00f5es ocorreram durante as inscri\u00e7\u00f5es.<!--more--><\/p>\n<p>Reafirmando o compromisso do Inep com a acessibilidade, a edi\u00e7\u00e3o de 2020 conta com a disponibiliza\u00e7\u00e3o in\u00e9dita de leitor de tela para pessoas com cegueira, surdocegueira, baixa vis\u00e3o ou vis\u00e3o monocular, al\u00e9m de tr\u00eas guias-int\u00e9rpretes para atendimento ao participante surdocego. Estes e participantes autistas ter\u00e3o banca especial para corre\u00e7\u00e3o de suas provas.<\/p>\n<p>Entre os inscritos com direito a tempo adicional de 60 minutos est\u00e3o as lactantes. As m\u00e3es em per\u00edodo de amamenta\u00e7\u00e3o dever\u00e3o levar um acompanhante adulto, que ficar\u00e1 em sala reservada e ser\u00e1 respons\u00e1vel pela guarda da crian\u00e7a. \u00c9 importante lembrar que a participante n\u00e3o poder\u00e1 entrar na sala de provas acompanhada do beb\u00ea, assim como o acompanhante tamb\u00e9m n\u00e3o poder\u00e1 acessar a sala de aplica\u00e7\u00e3o com a crian\u00e7a, devendo cumprir, inclusive, as obriga\u00e7\u00f5es do edital que se referem \u00e0 guarda de objetos. Durante a aplica\u00e7\u00e3o das provas, qualquer contato entre a participante lactante e o acompanhante dever\u00e1 ser presenciado por um aplicador. Tamb\u00e9m n\u00e3o ser\u00e1 permitida a entrada do lactente e do acompanhante ap\u00f3s o fechamento dos port\u00f5es, \u00e0s 13h (hor\u00e1rio de Bras\u00edlia).<\/p>\n<p>O tempo adicional de uma hora tamb\u00e9m vale para os participantes com transtornos funcionais espec\u00edficos, como dislexia, discalculia e deficit de aten\u00e7\u00e3o. J\u00e1 os inscritos que solicitaram atendimento para surdez ou defici\u00eancia auditiva e optaram pelo recurso de videoprova em L\u00edngua Brasileira de Sinais (Libras) poder\u00e3o terminar o exame at\u00e9 duas horas ap\u00f3s o encerramento da aplica\u00e7\u00e3o regular, ou seja, \u00e0s 20h30.<\/p>\n<p>Os materiais dos participantes com direito a levar seus pr\u00f3prios recursos de acessibilidade ser\u00e3o vistoriados pelo aplicador, respeitando os protocolos de prote\u00e7\u00e3o contra a COVID-19. Entre os itens est\u00e3o m\u00e1quinas de escrever em braile, l\u00e2mina overlay, reglete, pun\u00e7\u00e3o, sorob\u00e3 ou cubaritmo, caneta de ponta grossa, tiposc\u00f3pio, assinador, \u00f3culos especiais, lupa, telelupa, lumin\u00e1ria, t\u00e1buas de apoio, multiplano, plano inclinado e quaisquer outros materiais que se fizerem necess\u00e1rios. N\u00e3o ser\u00e1 necess\u00e1ria a vistoria de c\u00e3o-guia, medidor de glicose, bomba de insulina, al\u00e9m de aparelhos auditivos ou implantes cocleares.<\/p>\n<p>Doen\u00e7as infectocontagiosas \u2013 Pessoas acometidas pela COVID-19 ou por outras doen\u00e7as infectocontagiosas previstas nos editais do Enem 2020 podem solicitar a reaplica\u00e7\u00e3o das provas, agendada para 23 e 24 de fevereiro. Os pedidos devem ser feitos pela P\u00e1gina do Participante, de 25 a 29 de janeiro. S\u00e3o doen\u00e7as infectocontagiosas para fins de solicita\u00e7\u00e3o da reaplica\u00e7\u00e3o: coqueluche, difteria, doen\u00e7a invasiva por Haemophilus influenza, doen\u00e7a meningoc\u00f3cica e outras meningites, var\u00edola, Influenza humana A e B, poliomielite por poliov\u00edrus selvagem, sarampo, rub\u00e9ola, varicela e COVID-19.<\/p>\n<p><a href=\"https:\/\/www.gov.br\/areas-de-atuacao\/avaliacao-e-exames-educacionais\/enem\/orientacoes\" target=\"_blank\" rel=\"noopener noreferrer\">Confira as orienta\u00e7\u00f5es para o exame<\/a><\/p>\n<p><a href=\"https:\/\/enem.inep.gov.br\/participante\/#!\/\" target=\"_blank\" rel=\"noopener noreferrer\">Acesse a P\u00e1gina do Participante<\/a><\/p>\n<p><a href=\"https:\/\/www.gov.br\/inep\/pt-br\/areas-de-atuacao\/avaliacao-e-exames-educacionais\/enem\" target=\"_blank\" rel=\"noopener noreferrer\">Saiba mais sobre o Enem<\/a><\/p>\n","protected":false},"excerpt":{"rendered":"<p>Os participantes do Exame Nacional do Ensino M\u00e9dio (Enem) 2020 impresso que tiveram a solicita\u00e7\u00e3o de atendimento especializado aprovada devem ficar atentos \u00e0s orienta\u00e7\u00f5es para a realiza\u00e7\u00e3o do segundo dia das provas, neste domingo (24). Na edi\u00e7\u00e3o de 2020, o Instituto Nacional de Estudos e Pesquisas Educacionais An\u00edsio Teixeira (Inep) recebeu mais de 52,5 mil [&hellip;]<\/p>\n","protected":false},"author":4,"featured_media":0,"comment_status":"closed","ping_status":"closed","sticky":false,"template":"","format":"standard","meta":{"footnotes":"","_links_to":"","_links_to_target":""},"categories":[9],"tags":[],"class_list":["post-13052","post","type-post","status-publish","format-standard","hentry","category-noticias-da-imprensa"],"yoast_head":"<!-- This site is optimized with the Yoast SEO plugin v15.1 - https:\/\/yoast.com\/wordpress\/plugins\/seo\/ -->\n<title>Inep garante recursos de acessibilidade in\u00e9ditos &raquo; Abrelivros<\/title>\n<meta name=\"robots\" content=\"index, follow, max-snippet:-1, max-image-preview:large, max-video-preview:-1\" \/>\n<link rel=\"canonical\" href=\"https:\/\/abrelivros.org.br\/site\/inep-garante-recursos-de-acessibilidade-ineditos\/\" \/>\n<meta property=\"og:locale\" content=\"pt_BR\" \/>\n<meta property=\"og:type\" content=\"article\" \/>\n<meta property=\"og:title\" content=\"Inep garante recursos de acessibilidade in\u00e9ditos &raquo; Abrelivros\" \/>\n<meta property=\"og:description\" content=\"Os participantes do Exame Nacional do Ensino M\u00e9dio (Enem) 2020 impresso que tiveram a solicita\u00e7\u00e3o de atendimento especializado aprovada devem ficar atentos \u00e0s orienta\u00e7\u00f5es para a realiza\u00e7\u00e3o do segundo dia das provas, neste domingo (24). Na edi\u00e7\u00e3o de 2020, o Instituto Nacional de Estudos e Pesquisas Educacionais An\u00edsio Teixeira (Inep) recebeu mais de 52,5 mil [&hellip;]\" \/>\n<meta property=\"og:url\" content=\"https:\/\/abrelivros.org.br\/site\/inep-garante-recursos-de-acessibilidade-ineditos\/\" \/>\n<meta property=\"og:site_name\" content=\"Abrelivros\" \/>\n<meta property=\"article:published_time\" content=\"2021-01-26T16:39:54+00:00\" \/>\n<meta name=\"twitter:card\" content=\"summary_large_image\" \/>\n<script type=\"application\/ld+json\" class=\"yoast-schema-graph\">{\"@context\":\"https:\/\/schema.org\",\"@graph\":[{\"@type\":\"WebSite\",\"@id\":\"https:\/\/abrelivros.org.br\/site\/#website\",\"url\":\"https:\/\/abrelivros.org.br\/site\/\",\"name\":\"Abrelivros\",\"description\":\"\",\"potentialAction\":[{\"@type\":\"SearchAction\",\"target\":\"https:\/\/abrelivros.org.br\/site\/?s={search_term_string}\",\"query-input\":\"required name=search_term_string\"}],\"inLanguage\":\"pt-BR\"},{\"@type\":\"WebPage\",\"@id\":\"https:\/\/abrelivros.org.br\/site\/inep-garante-recursos-de-acessibilidade-ineditos\/#webpage\",\"url\":\"https:\/\/abrelivros.org.br\/site\/inep-garante-recursos-de-acessibilidade-ineditos\/\",\"name\":\"Inep garante recursos de acessibilidade in\\u00e9ditos &raquo; Abrelivros\",\"isPartOf\":{\"@id\":\"https:\/\/abrelivros.org.br\/site\/#website\"},\"datePublished\":\"2021-01-26T16:39:54+00:00\",\"dateModified\":\"2021-01-26T16:39:54+00:00\",\"author\":{\"@id\":\"https:\/\/abrelivros.org.br\/site\/#\/schema\/person\/65db80e26409802ce15ac5feec6a15fd\"},\"breadcrumb\":{\"@id\":\"https:\/\/abrelivros.org.br\/site\/inep-garante-recursos-de-acessibilidade-ineditos\/#breadcrumb\"},\"inLanguage\":\"pt-BR\",\"potentialAction\":[{\"@type\":\"ReadAction\",\"target\":[\"https:\/\/abrelivros.org.br\/site\/inep-garante-recursos-de-acessibilidade-ineditos\/\"]}]},{\"@type\":\"BreadcrumbList\",\"@id\":\"https:\/\/abrelivros.org.br\/site\/inep-garante-recursos-de-acessibilidade-ineditos\/#breadcrumb\",\"itemListElement\":[{\"@type\":\"ListItem\",\"position\":1,\"item\":{\"@type\":\"WebPage\",\"@id\":\"https:\/\/abrelivros.org.br\/site\/\",\"url\":\"https:\/\/abrelivros.org.br\/site\/\",\"name\":\"In\\u00edcio\"}},{\"@type\":\"ListItem\",\"position\":2,\"item\":{\"@type\":\"WebPage\",\"@id\":\"https:\/\/abrelivros.org.br\/site\/category\/noticias\/\",\"url\":\"https:\/\/abrelivros.org.br\/site\/category\/noticias\/\",\"name\":\"Not\\u00edcias\"}},{\"@type\":\"ListItem\",\"position\":3,\"item\":{\"@type\":\"WebPage\",\"@id\":\"https:\/\/abrelivros.org.br\/site\/category\/noticias\/noticias-da-imprensa\/\",\"url\":\"https:\/\/abrelivros.org.br\/site\/category\/noticias\/noticias-da-imprensa\/\",\"name\":\"Not\\u00edcias da imprensa\"}},{\"@type\":\"ListItem\",\"position\":4,\"item\":{\"@type\":\"WebPage\",\"@id\":\"https:\/\/abrelivros.org.br\/site\/inep-garante-recursos-de-acessibilidade-ineditos\/\",\"url\":\"https:\/\/abrelivros.org.br\/site\/inep-garante-recursos-de-acessibilidade-ineditos\/\",\"name\":\"Inep garante recursos de acessibilidade in\\u00e9ditos\"}}]},{\"@type\":\"Person\",\"@id\":\"https:\/\/abrelivros.org.br\/site\/#\/schema\/person\/65db80e26409802ce15ac5feec6a15fd\",\"name\":\"Reda\\u00e7\\u00e3o Abrelivros\",\"image\":{\"@type\":\"ImageObject\",\"@id\":\"https:\/\/abrelivros.org.br\/site\/#personlogo\",\"inLanguage\":\"pt-BR\",\"url\":\"https:\/\/secure.gravatar.com\/avatar\/c4e57f9c7e3482965bd428192061218520756c39080b1d1820b679fa5e9af192?s=96&d=mm&r=g\",\"caption\":\"Reda\\u00e7\\u00e3o Abrelivros\"}}]}<\/script>\n<!-- \/ Yoast SEO plugin. -->","_links":{"self":[{"href":"https:\/\/abrelivros.org.br\/site\/wp-json\/wp\/v2\/posts\/13052","targetHints":{"allow":["GET"]}}],"collection":[{"href":"https:\/\/abrelivros.org.br\/site\/wp-json\/wp\/v2\/posts"}],"about":[{"href":"https:\/\/abrelivros.org.br\/site\/wp-json\/wp\/v2\/types\/post"}],"author":[{"embeddable":true,"href":"https:\/\/abrelivros.org.br\/site\/wp-json\/wp\/v2\/users\/4"}],"replies":[{"embeddable":true,"href":"https:\/\/abrelivros.org.br\/site\/wp-json\/wp\/v2\/comments?post=13052"}],"version-history":[{"count":1,"href":"https:\/\/abrelivros.org.br\/site\/wp-json\/wp\/v2\/posts\/13052\/revisions"}],"predecessor-version":[{"id":13053,"href":"https:\/\/abrelivros.org.br\/site\/wp-json\/wp\/v2\/posts\/13052\/revisions\/13053"}],"wp:attachment":[{"href":"https:\/\/abrelivros.org.br\/site\/wp-json\/wp\/v2\/media?parent=13052"}],"wp:term":[{"taxonomy":"category","embeddable":true,"href":"https:\/\/abrelivros.org.br\/site\/wp-json\/wp\/v2\/categories?post=13052"},{"taxonomy":"post_tag","embeddable":true,"href":"https:\/\/abrelivros.org.br\/site\/wp-json\/wp\/v2\/tags?post=13052"}],"curies":[{"name":"wp","href":"https:\/\/api.w.org\/{rel}","templated":true}]}}