{"id":13050,"date":"2021-01-26T13:32:26","date_gmt":"2021-01-26T16:32:26","guid":{"rendered":"https:\/\/abrelivros.org.br\/site\/?p=13050"},"modified":"2021-01-26T13:32:26","modified_gmt":"2021-01-26T16:32:26","slug":"relatorio-da-unesco-aponta-que-escolas-ficaram-fechadas-durante-2-3-do-ano-letivo-de-2020","status":"publish","type":"post","link":"https:\/\/abrelivros.org.br\/site\/relatorio-da-unesco-aponta-que-escolas-ficaram-fechadas-durante-2-3-do-ano-letivo-de-2020\/","title":{"rendered":"Relat\u00f3rio da Unesco aponta que escolas ficaram fechadas durante 2\/3 do ano letivo de 2020"},"content":{"rendered":"<p>&nbsp;<\/p>\n<p>Um relat\u00f3rio divulgado neste domingo (24) pela Unesco, ag\u00eancia vinculada \u00e0 Organiza\u00e7\u00e3o das Na\u00e7\u00f5es Unidas (ONU), apontou que globalmente as escolas ficaram fechadas durante 2\/3 do ano letivo de 2020 em decorr\u00eancia da pandemia da Covid-19.<!--more--><\/p>\n<p>A dura\u00e7\u00e3o dos fechamentos varia muito por regi\u00e3o \u2013 a m\u00e9dia \u00e9 de 20 semanas de fechamentos em todo o pa\u00eds na Am\u00e9rica Latina e no Caribe, por exemplo, 10 semanas na Europa e apenas um m\u00eas na Oceania. O Brasil est\u00e1 entre os pa\u00edses com o per\u00edodo mais prolongado de fechamento das escolas (40 semanas), ao lado de pa\u00edses como Argentina, Mo\u00e7ambique e Eti\u00f3pia.<\/p>\n<p>O estudo mostra, ainda, que um ano ap\u00f3s o in\u00edcio da pandemia da Covid-19, aproximadamente 800 milh\u00f5es de alunos (mais da metade da popula\u00e7\u00e3o estudantil mundial) ainda enfrentam interrup\u00e7\u00f5es significativas em sua educa\u00e7\u00e3o, que v\u00e3o desde o fechamento de escolas em 31 pa\u00edses at\u00e9 redu\u00e7\u00e3o do n\u00famero de alunos ou programa\u00e7\u00f5es em per\u00edodos reduzidos em outros 48 pa\u00edses. Atualmente as escolas est\u00e3o totalmente abertas em 101 pa\u00edses.<\/p>\n<p>\u201cO fechamento prolongado e repetido de institui\u00e7\u00f5es de ensino est\u00e1 causando um impacto psicossocial crescente nos alunos, aumentando as perdas de aprendizagem e o risco de abandono escolar, afetando desproporcionalmente os mais vulner\u00e1veis. O fechamento total das escolas deve, portanto, ser o \u00faltimo recurso e reabri-las com seguran\u00e7a deve ser uma prioridade\u201d, destaca Audrey Azoulay, diretora geral da Unesco.<\/p>\n<p>Leia mais em:<a href=\"https:\/\/www.gazetadopovo.com.br\/vida-e-cidadania\/breves\/relatorio-unesco-escolas-ficaram-fechadas-durante-23-ano-letivo-2020\/\" target=\"_blank\" rel=\"noopener noreferrer\"> https:\/\/www.gazetadopovo.com.br\/vida-e-cidadania\/breves\/relatorio-unesco-escolas-ficaram-fechadas-durante-23-ano-letivo-2020\/<\/a><\/p>\n","protected":false},"excerpt":{"rendered":"<p>&nbsp; Um relat\u00f3rio divulgado neste domingo (24) pela Unesco, ag\u00eancia vinculada \u00e0 Organiza\u00e7\u00e3o das Na\u00e7\u00f5es Unidas (ONU), apontou que globalmente as escolas ficaram fechadas durante 2\/3 do ano letivo de 2020 em decorr\u00eancia da pandemia da Covid-19.<\/p>\n","protected":false},"author":4,"featured_media":0,"comment_status":"closed","ping_status":"closed","sticky":false,"template":"","format":"standard","meta":{"footnotes":"","_links_to":"","_links_to_target":""},"categories":[9],"tags":[],"class_list":["post-13050","post","type-post","status-publish","format-standard","hentry","category-noticias-da-imprensa"],"yoast_head":"<!-- This site is optimized with the Yoast SEO plugin v15.1 - https:\/\/yoast.com\/wordpress\/plugins\/seo\/ -->\n<title>Relat\u00f3rio da Unesco aponta que escolas ficaram fechadas durante 2\/3 do ano letivo de 2020 &raquo; Abrelivros<\/title>\n<meta name=\"robots\" content=\"index, follow, max-snippet:-1, max-image-preview:large, max-video-preview:-1\" \/>\n<link rel=\"canonical\" href=\"https:\/\/abrelivros.org.br\/site\/relatorio-da-unesco-aponta-que-escolas-ficaram-fechadas-durante-2-3-do-ano-letivo-de-2020\/\" \/>\n<meta property=\"og:locale\" content=\"pt_BR\" \/>\n<meta property=\"og:type\" content=\"article\" \/>\n<meta property=\"og:title\" content=\"Relat\u00f3rio da Unesco aponta que escolas ficaram fechadas durante 2\/3 do ano letivo de 2020 &raquo; Abrelivros\" \/>\n<meta property=\"og:description\" content=\"&nbsp; Um relat\u00f3rio divulgado neste domingo (24) pela Unesco, ag\u00eancia vinculada \u00e0 Organiza\u00e7\u00e3o das Na\u00e7\u00f5es Unidas (ONU), apontou que globalmente as escolas ficaram fechadas durante 2\/3 do ano letivo de 2020 em decorr\u00eancia da pandemia da Covid-19.\" \/>\n<meta property=\"og:url\" content=\"https:\/\/abrelivros.org.br\/site\/relatorio-da-unesco-aponta-que-escolas-ficaram-fechadas-durante-2-3-do-ano-letivo-de-2020\/\" \/>\n<meta property=\"og:site_name\" content=\"Abrelivros\" \/>\n<meta property=\"article:published_time\" content=\"2021-01-26T16:32:26+00:00\" \/>\n<meta name=\"twitter:card\" content=\"summary_large_image\" \/>\n<script type=\"application\/ld+json\" class=\"yoast-schema-graph\">{\"@context\":\"https:\/\/schema.org\",\"@graph\":[{\"@type\":\"WebSite\",\"@id\":\"https:\/\/abrelivros.org.br\/site\/#website\",\"url\":\"https:\/\/abrelivros.org.br\/site\/\",\"name\":\"Abrelivros\",\"description\":\"\",\"potentialAction\":[{\"@type\":\"SearchAction\",\"target\":\"https:\/\/abrelivros.org.br\/site\/?s={search_term_string}\",\"query-input\":\"required name=search_term_string\"}],\"inLanguage\":\"pt-BR\"},{\"@type\":\"WebPage\",\"@id\":\"https:\/\/abrelivros.org.br\/site\/relatorio-da-unesco-aponta-que-escolas-ficaram-fechadas-durante-2-3-do-ano-letivo-de-2020\/#webpage\",\"url\":\"https:\/\/abrelivros.org.br\/site\/relatorio-da-unesco-aponta-que-escolas-ficaram-fechadas-durante-2-3-do-ano-letivo-de-2020\/\",\"name\":\"Relat\\u00f3rio da Unesco aponta que escolas ficaram fechadas durante 2\/3 do ano letivo de 2020 &raquo; Abrelivros\",\"isPartOf\":{\"@id\":\"https:\/\/abrelivros.org.br\/site\/#website\"},\"datePublished\":\"2021-01-26T16:32:26+00:00\",\"dateModified\":\"2021-01-26T16:32:26+00:00\",\"author\":{\"@id\":\"https:\/\/abrelivros.org.br\/site\/#\/schema\/person\/65db80e26409802ce15ac5feec6a15fd\"},\"breadcrumb\":{\"@id\":\"https:\/\/abrelivros.org.br\/site\/relatorio-da-unesco-aponta-que-escolas-ficaram-fechadas-durante-2-3-do-ano-letivo-de-2020\/#breadcrumb\"},\"inLanguage\":\"pt-BR\",\"potentialAction\":[{\"@type\":\"ReadAction\",\"target\":[\"https:\/\/abrelivros.org.br\/site\/relatorio-da-unesco-aponta-que-escolas-ficaram-fechadas-durante-2-3-do-ano-letivo-de-2020\/\"]}]},{\"@type\":\"BreadcrumbList\",\"@id\":\"https:\/\/abrelivros.org.br\/site\/relatorio-da-unesco-aponta-que-escolas-ficaram-fechadas-durante-2-3-do-ano-letivo-de-2020\/#breadcrumb\",\"itemListElement\":[{\"@type\":\"ListItem\",\"position\":1,\"item\":{\"@type\":\"WebPage\",\"@id\":\"https:\/\/abrelivros.org.br\/site\/\",\"url\":\"https:\/\/abrelivros.org.br\/site\/\",\"name\":\"In\\u00edcio\"}},{\"@type\":\"ListItem\",\"position\":2,\"item\":{\"@type\":\"WebPage\",\"@id\":\"https:\/\/abrelivros.org.br\/site\/category\/noticias\/\",\"url\":\"https:\/\/abrelivros.org.br\/site\/category\/noticias\/\",\"name\":\"Not\\u00edcias\"}},{\"@type\":\"ListItem\",\"position\":3,\"item\":{\"@type\":\"WebPage\",\"@id\":\"https:\/\/abrelivros.org.br\/site\/category\/noticias\/noticias-da-imprensa\/\",\"url\":\"https:\/\/abrelivros.org.br\/site\/category\/noticias\/noticias-da-imprensa\/\",\"name\":\"Not\\u00edcias da imprensa\"}},{\"@type\":\"ListItem\",\"position\":4,\"item\":{\"@type\":\"WebPage\",\"@id\":\"https:\/\/abrelivros.org.br\/site\/relatorio-da-unesco-aponta-que-escolas-ficaram-fechadas-durante-2-3-do-ano-letivo-de-2020\/\",\"url\":\"https:\/\/abrelivros.org.br\/site\/relatorio-da-unesco-aponta-que-escolas-ficaram-fechadas-durante-2-3-do-ano-letivo-de-2020\/\",\"name\":\"Relat\\u00f3rio da Unesco aponta que escolas ficaram fechadas durante 2\/3 do ano letivo de 2020\"}}]},{\"@type\":\"Person\",\"@id\":\"https:\/\/abrelivros.org.br\/site\/#\/schema\/person\/65db80e26409802ce15ac5feec6a15fd\",\"name\":\"Reda\\u00e7\\u00e3o Abrelivros\",\"image\":{\"@type\":\"ImageObject\",\"@id\":\"https:\/\/abrelivros.org.br\/site\/#personlogo\",\"inLanguage\":\"pt-BR\",\"url\":\"https:\/\/secure.gravatar.com\/avatar\/c4e57f9c7e3482965bd428192061218520756c39080b1d1820b679fa5e9af192?s=96&d=mm&r=g\",\"caption\":\"Reda\\u00e7\\u00e3o Abrelivros\"}}]}<\/script>\n<!-- \/ Yoast SEO plugin. -->","_links":{"self":[{"href":"https:\/\/abrelivros.org.br\/site\/wp-json\/wp\/v2\/posts\/13050","targetHints":{"allow":["GET"]}}],"collection":[{"href":"https:\/\/abrelivros.org.br\/site\/wp-json\/wp\/v2\/posts"}],"about":[{"href":"https:\/\/abrelivros.org.br\/site\/wp-json\/wp\/v2\/types\/post"}],"author":[{"embeddable":true,"href":"https:\/\/abrelivros.org.br\/site\/wp-json\/wp\/v2\/users\/4"}],"replies":[{"embeddable":true,"href":"https:\/\/abrelivros.org.br\/site\/wp-json\/wp\/v2\/comments?post=13050"}],"version-history":[{"count":1,"href":"https:\/\/abrelivros.org.br\/site\/wp-json\/wp\/v2\/posts\/13050\/revisions"}],"predecessor-version":[{"id":13051,"href":"https:\/\/abrelivros.org.br\/site\/wp-json\/wp\/v2\/posts\/13050\/revisions\/13051"}],"wp:attachment":[{"href":"https:\/\/abrelivros.org.br\/site\/wp-json\/wp\/v2\/media?parent=13050"}],"wp:term":[{"taxonomy":"category","embeddable":true,"href":"https:\/\/abrelivros.org.br\/site\/wp-json\/wp\/v2\/categories?post=13050"},{"taxonomy":"post_tag","embeddable":true,"href":"https:\/\/abrelivros.org.br\/site\/wp-json\/wp\/v2\/tags?post=13050"}],"curies":[{"name":"wp","href":"https:\/\/api.w.org\/{rel}","templated":true}]}}