{"id":13048,"date":"2021-01-26T13:23:20","date_gmt":"2021-01-26T16:23:20","guid":{"rendered":"https:\/\/abrelivros.org.br\/site\/?p=13048"},"modified":"2021-01-26T13:23:20","modified_gmt":"2021-01-26T16:23:20","slug":"ministro-da-educacao-afirma-que-alto-indice-de-abstencoes-do-enem-ja-era-esperado","status":"publish","type":"post","link":"https:\/\/abrelivros.org.br\/site\/ministro-da-educacao-afirma-que-alto-indice-de-abstencoes-do-enem-ja-era-esperado\/","title":{"rendered":"Ministro da Educa\u00e7\u00e3o afirma que alto \u00edndice de absten\u00e7\u00f5es do Enem j\u00e1 era esperado"},"content":{"rendered":"<p>O ministro da Educa\u00e7\u00e3o, Milton Ribeiro, afirmou este domingo que j\u00e1 esperava uma alta taxa de absten\u00e7\u00e3o na aplica\u00e7\u00e3o do Exame Nacional do Ensino M\u00e9dio (Enem). No domingo passado, primeiro dia de provas, 51,5% dos candidatos faltaram \u00e0 prova \u2014 a maior absten\u00e7\u00e3o desde a cria\u00e7\u00e3o do processo seletivo, em 1998. Neste domingo, segundo dia de provas, a <a href=\"https:\/\/oglobo.globo.com\/sociedade\/segundo-dia-de-provas-do-enem-tem-abstencao-recorde-de-553-24853216\" target=\"_blank\" rel=\"noopener noreferrer\">absten\u00e7\u00e3o<\/a> superou o recorde anterior, chegando a 55,3%.<!--more--><\/p>\n<p>Para justificar a alta absten\u00e7\u00e3o, Ribeiro lembrou o panorama de edi\u00e7\u00f5es anteriores do exame.<\/p>\n<p>\u2014 Em 2009, n\u00f3s tivemos 37% de absten\u00e7\u00e3o. N\u00e3o tinha pandemia, n\u00e3o tinha crise financeira, n\u00e3o tinha nada. Dez anos depois, em 2019, n\u00f3s tivemos 23% de absten\u00e7\u00e3o. Ent\u00e3o, era esperada (alguma) absten\u00e7\u00e3o \u2014 explicou o ministro, em visita a S\u00e3o Vicente e Santos (SP).<\/p>\n<p>Ribeiro enfatizou que 500 mil candidatos faltantes eram treineiros \u2014 uma taxa elevada porque a inscri\u00e7\u00e3o era gratuita.<\/p>\n<p>\u2014 Imagina o pai de um adolescente de 16 anos, vendo o que viram no Amazonas, 24 horas no ar. A m\u00e3e vai virar para o filho e falar &#8220;voc\u00ea \u00e9 treineiro, n\u00e3o precisa ir&#8221; \u2014 avaliou.<\/p>\n<p>O ministro assegurou que os candidatos que tiveram acesso vetado ao local do exame por temor de superlota\u00e7\u00e3o das salas ter\u00e3o a oportunidade de fazer a prova:<\/p>\n<p>\u2014 Os alunos n\u00e3o v\u00e3o ser prejudicados por falha de planejamento.<\/p>\n<p>At\u00e9 o domingo passado, mais de 8 mil candidatos ao Enem tiveram o pedido aprovado para fazer a reaplica\u00e7\u00e3o do exame por apresentarem diagn\u00f3stico comprovado de Covid-19.<\/p>\n","protected":false},"excerpt":{"rendered":"<p>O ministro da Educa\u00e7\u00e3o, Milton Ribeiro, afirmou este domingo que j\u00e1 esperava uma alta taxa de absten\u00e7\u00e3o na aplica\u00e7\u00e3o do Exame Nacional do Ensino M\u00e9dio (Enem). No domingo passado, primeiro dia de provas, 51,5% dos candidatos faltaram \u00e0 prova \u2014 a maior absten\u00e7\u00e3o desde a cria\u00e7\u00e3o do processo seletivo, em 1998. Neste domingo, segundo dia [&hellip;]<\/p>\n","protected":false},"author":4,"featured_media":0,"comment_status":"closed","ping_status":"closed","sticky":false,"template":"","format":"standard","meta":{"footnotes":"","_links_to":"","_links_to_target":""},"categories":[9],"tags":[],"class_list":["post-13048","post","type-post","status-publish","format-standard","hentry","category-noticias-da-imprensa"],"yoast_head":"<!-- This site is optimized with the Yoast SEO plugin v15.1 - https:\/\/yoast.com\/wordpress\/plugins\/seo\/ -->\n<title>Ministro da Educa\u00e7\u00e3o afirma que alto \u00edndice de absten\u00e7\u00f5es do Enem j\u00e1 era esperado &raquo; Abrelivros<\/title>\n<meta name=\"robots\" content=\"index, follow, max-snippet:-1, max-image-preview:large, max-video-preview:-1\" \/>\n<link rel=\"canonical\" href=\"https:\/\/abrelivros.org.br\/site\/ministro-da-educacao-afirma-que-alto-indice-de-abstencoes-do-enem-ja-era-esperado\/\" \/>\n<meta property=\"og:locale\" content=\"pt_BR\" \/>\n<meta property=\"og:type\" content=\"article\" \/>\n<meta property=\"og:title\" content=\"Ministro da Educa\u00e7\u00e3o afirma que alto \u00edndice de absten\u00e7\u00f5es do Enem j\u00e1 era esperado &raquo; Abrelivros\" \/>\n<meta property=\"og:description\" content=\"O ministro da Educa\u00e7\u00e3o, Milton Ribeiro, afirmou este domingo que j\u00e1 esperava uma alta taxa de absten\u00e7\u00e3o na aplica\u00e7\u00e3o do Exame Nacional do Ensino M\u00e9dio (Enem). No domingo passado, primeiro dia de provas, 51,5% dos candidatos faltaram \u00e0 prova \u2014 a maior absten\u00e7\u00e3o desde a cria\u00e7\u00e3o do processo seletivo, em 1998. Neste domingo, segundo dia [&hellip;]\" \/>\n<meta property=\"og:url\" content=\"https:\/\/abrelivros.org.br\/site\/ministro-da-educacao-afirma-que-alto-indice-de-abstencoes-do-enem-ja-era-esperado\/\" \/>\n<meta property=\"og:site_name\" content=\"Abrelivros\" \/>\n<meta property=\"article:published_time\" content=\"2021-01-26T16:23:20+00:00\" \/>\n<meta name=\"twitter:card\" content=\"summary_large_image\" \/>\n<script type=\"application\/ld+json\" class=\"yoast-schema-graph\">{\"@context\":\"https:\/\/schema.org\",\"@graph\":[{\"@type\":\"WebSite\",\"@id\":\"https:\/\/abrelivros.org.br\/site\/#website\",\"url\":\"https:\/\/abrelivros.org.br\/site\/\",\"name\":\"Abrelivros\",\"description\":\"\",\"potentialAction\":[{\"@type\":\"SearchAction\",\"target\":\"https:\/\/abrelivros.org.br\/site\/?s={search_term_string}\",\"query-input\":\"required name=search_term_string\"}],\"inLanguage\":\"pt-BR\"},{\"@type\":\"WebPage\",\"@id\":\"https:\/\/abrelivros.org.br\/site\/ministro-da-educacao-afirma-que-alto-indice-de-abstencoes-do-enem-ja-era-esperado\/#webpage\",\"url\":\"https:\/\/abrelivros.org.br\/site\/ministro-da-educacao-afirma-que-alto-indice-de-abstencoes-do-enem-ja-era-esperado\/\",\"name\":\"Ministro da Educa\\u00e7\\u00e3o afirma que alto \\u00edndice de absten\\u00e7\\u00f5es do Enem j\\u00e1 era esperado &raquo; Abrelivros\",\"isPartOf\":{\"@id\":\"https:\/\/abrelivros.org.br\/site\/#website\"},\"datePublished\":\"2021-01-26T16:23:20+00:00\",\"dateModified\":\"2021-01-26T16:23:20+00:00\",\"author\":{\"@id\":\"https:\/\/abrelivros.org.br\/site\/#\/schema\/person\/65db80e26409802ce15ac5feec6a15fd\"},\"breadcrumb\":{\"@id\":\"https:\/\/abrelivros.org.br\/site\/ministro-da-educacao-afirma-que-alto-indice-de-abstencoes-do-enem-ja-era-esperado\/#breadcrumb\"},\"inLanguage\":\"pt-BR\",\"potentialAction\":[{\"@type\":\"ReadAction\",\"target\":[\"https:\/\/abrelivros.org.br\/site\/ministro-da-educacao-afirma-que-alto-indice-de-abstencoes-do-enem-ja-era-esperado\/\"]}]},{\"@type\":\"BreadcrumbList\",\"@id\":\"https:\/\/abrelivros.org.br\/site\/ministro-da-educacao-afirma-que-alto-indice-de-abstencoes-do-enem-ja-era-esperado\/#breadcrumb\",\"itemListElement\":[{\"@type\":\"ListItem\",\"position\":1,\"item\":{\"@type\":\"WebPage\",\"@id\":\"https:\/\/abrelivros.org.br\/site\/\",\"url\":\"https:\/\/abrelivros.org.br\/site\/\",\"name\":\"In\\u00edcio\"}},{\"@type\":\"ListItem\",\"position\":2,\"item\":{\"@type\":\"WebPage\",\"@id\":\"https:\/\/abrelivros.org.br\/site\/category\/noticias\/\",\"url\":\"https:\/\/abrelivros.org.br\/site\/category\/noticias\/\",\"name\":\"Not\\u00edcias\"}},{\"@type\":\"ListItem\",\"position\":3,\"item\":{\"@type\":\"WebPage\",\"@id\":\"https:\/\/abrelivros.org.br\/site\/category\/noticias\/noticias-da-imprensa\/\",\"url\":\"https:\/\/abrelivros.org.br\/site\/category\/noticias\/noticias-da-imprensa\/\",\"name\":\"Not\\u00edcias da imprensa\"}},{\"@type\":\"ListItem\",\"position\":4,\"item\":{\"@type\":\"WebPage\",\"@id\":\"https:\/\/abrelivros.org.br\/site\/ministro-da-educacao-afirma-que-alto-indice-de-abstencoes-do-enem-ja-era-esperado\/\",\"url\":\"https:\/\/abrelivros.org.br\/site\/ministro-da-educacao-afirma-que-alto-indice-de-abstencoes-do-enem-ja-era-esperado\/\",\"name\":\"Ministro da Educa\\u00e7\\u00e3o afirma que alto \\u00edndice de absten\\u00e7\\u00f5es do Enem j\\u00e1 era esperado\"}}]},{\"@type\":\"Person\",\"@id\":\"https:\/\/abrelivros.org.br\/site\/#\/schema\/person\/65db80e26409802ce15ac5feec6a15fd\",\"name\":\"Reda\\u00e7\\u00e3o Abrelivros\",\"image\":{\"@type\":\"ImageObject\",\"@id\":\"https:\/\/abrelivros.org.br\/site\/#personlogo\",\"inLanguage\":\"pt-BR\",\"url\":\"https:\/\/secure.gravatar.com\/avatar\/c4e57f9c7e3482965bd428192061218520756c39080b1d1820b679fa5e9af192?s=96&d=mm&r=g\",\"caption\":\"Reda\\u00e7\\u00e3o Abrelivros\"}}]}<\/script>\n<!-- \/ Yoast SEO plugin. -->","_links":{"self":[{"href":"https:\/\/abrelivros.org.br\/site\/wp-json\/wp\/v2\/posts\/13048","targetHints":{"allow":["GET"]}}],"collection":[{"href":"https:\/\/abrelivros.org.br\/site\/wp-json\/wp\/v2\/posts"}],"about":[{"href":"https:\/\/abrelivros.org.br\/site\/wp-json\/wp\/v2\/types\/post"}],"author":[{"embeddable":true,"href":"https:\/\/abrelivros.org.br\/site\/wp-json\/wp\/v2\/users\/4"}],"replies":[{"embeddable":true,"href":"https:\/\/abrelivros.org.br\/site\/wp-json\/wp\/v2\/comments?post=13048"}],"version-history":[{"count":1,"href":"https:\/\/abrelivros.org.br\/site\/wp-json\/wp\/v2\/posts\/13048\/revisions"}],"predecessor-version":[{"id":13049,"href":"https:\/\/abrelivros.org.br\/site\/wp-json\/wp\/v2\/posts\/13048\/revisions\/13049"}],"wp:attachment":[{"href":"https:\/\/abrelivros.org.br\/site\/wp-json\/wp\/v2\/media?parent=13048"}],"wp:term":[{"taxonomy":"category","embeddable":true,"href":"https:\/\/abrelivros.org.br\/site\/wp-json\/wp\/v2\/categories?post=13048"},{"taxonomy":"post_tag","embeddable":true,"href":"https:\/\/abrelivros.org.br\/site\/wp-json\/wp\/v2\/tags?post=13048"}],"curies":[{"name":"wp","href":"https:\/\/api.w.org\/{rel}","templated":true}]}}