{"id":13044,"date":"2021-01-22T13:56:52","date_gmt":"2021-01-22T16:56:52","guid":{"rendered":"https:\/\/abrelivros.org.br\/site\/?p=13044"},"modified":"2021-01-22T13:56:52","modified_gmt":"2021-01-22T16:56:52","slug":"livros-didaticos-para-o-ano-letivo-de-2021-chegam-as-escolas-de-todo-o-brasil","status":"publish","type":"post","link":"https:\/\/abrelivros.org.br\/site\/livros-didaticos-para-o-ano-letivo-de-2021-chegam-as-escolas-de-todo-o-brasil\/","title":{"rendered":"Livros did\u00e1ticos para o ano letivo de 2021 chegam \u00e0s escolas de todo o Brasil"},"content":{"rendered":"<p>Quase 80% dos mais de 132 milh\u00f5es de livros did\u00e1ticos que atender\u00e3o \u00e0s escolas p\u00fablicas neste ano letivo j\u00e1 foram entregues em unidades de ensino de todo o Brasil. A expectativa \u00e9 que toda a entrega seja finalizada em fevereiro, garantindo que os estudantes estejam com os materiais na \u00e9poca do in\u00edcio das aulas.<!--more--><\/p>\n<p>Os livros e materiais did\u00e1ticos s\u00e3o distribu\u00eddos todos os anos para as escolas p\u00fablicas por meio do Programa Nacional do Livro e do Material Did\u00e1tico (PNLD), do Fundo Nacional de Desenvolvimento da Educa\u00e7\u00e3o (FNDE). Realizada em parceria com os Correios, \u00e9 uma das maiores log\u00edsticas de distribui\u00e7\u00e3o de livros did\u00e1ticos do mundo. Cabe \u00e0s unidades de ensino receber os materiais e entreg\u00e1-los a seus estudantes e professores. Mesmo em per\u00edodo de f\u00e9rias ou sem aulas presenciais, a escola deve manter uma pessoa respons\u00e1vel pelo recebimento dos livros.<\/p>\n<p>PNLD &#8211; O programa compreende um conjunto de a\u00e7\u00f5es voltadas para a distribui\u00e7\u00e3o de obras did\u00e1ticas, pedag\u00f3gicas e liter\u00e1rias, entre outros materiais de apoio \u00e0 pr\u00e1tica educativa, destinadas aos estudantes e professores das escolas p\u00fablicas de educa\u00e7\u00e3o b\u00e1sica do pa\u00eds. As unidades de ensino recebem os materiais de forma sistem\u00e1tica, regular e gratuita, o que torna o PNLD um dos principais instrumentos de apoio ao processo de ensino-aprendizagem nas escolas p\u00fablicas brasileiras.<\/p>\n","protected":false},"excerpt":{"rendered":"<p>Quase 80% dos mais de 132 milh\u00f5es de livros did\u00e1ticos que atender\u00e3o \u00e0s escolas p\u00fablicas neste ano letivo j\u00e1 foram entregues em unidades de ensino de todo o Brasil. A expectativa \u00e9 que toda a entrega seja finalizada em fevereiro, garantindo que os estudantes estejam com os materiais na \u00e9poca do in\u00edcio das aulas.<\/p>\n","protected":false},"author":4,"featured_media":0,"comment_status":"closed","ping_status":"closed","sticky":false,"template":"","format":"standard","meta":{"footnotes":"","_links_to":"","_links_to_target":""},"categories":[9,10],"tags":[],"class_list":["post-13044","post","type-post","status-publish","format-standard","hentry","category-noticias-da-imprensa","category-pnld-programa-nacional-do-livro-e-do-material-didatico"],"yoast_head":"<!-- This site is optimized with the Yoast SEO plugin v15.1 - https:\/\/yoast.com\/wordpress\/plugins\/seo\/ -->\n<title>Livros did\u00e1ticos para o ano letivo de 2021 chegam \u00e0s escolas de todo o Brasil &raquo; Abrelivros<\/title>\n<meta name=\"robots\" content=\"index, follow, max-snippet:-1, max-image-preview:large, max-video-preview:-1\" \/>\n<link rel=\"canonical\" href=\"https:\/\/abrelivros.org.br\/site\/livros-didaticos-para-o-ano-letivo-de-2021-chegam-as-escolas-de-todo-o-brasil\/\" \/>\n<meta property=\"og:locale\" content=\"pt_BR\" \/>\n<meta property=\"og:type\" content=\"article\" \/>\n<meta property=\"og:title\" content=\"Livros did\u00e1ticos para o ano letivo de 2021 chegam \u00e0s escolas de todo o Brasil &raquo; Abrelivros\" \/>\n<meta property=\"og:description\" content=\"Quase 80% dos mais de 132 milh\u00f5es de livros did\u00e1ticos que atender\u00e3o \u00e0s escolas p\u00fablicas neste ano letivo j\u00e1 foram entregues em unidades de ensino de todo o Brasil. A expectativa \u00e9 que toda a entrega seja finalizada em fevereiro, garantindo que os estudantes estejam com os materiais na \u00e9poca do in\u00edcio das aulas.\" \/>\n<meta property=\"og:url\" content=\"https:\/\/abrelivros.org.br\/site\/livros-didaticos-para-o-ano-letivo-de-2021-chegam-as-escolas-de-todo-o-brasil\/\" \/>\n<meta property=\"og:site_name\" content=\"Abrelivros\" \/>\n<meta property=\"article:published_time\" content=\"2021-01-22T16:56:52+00:00\" \/>\n<meta name=\"twitter:card\" content=\"summary_large_image\" \/>\n<script type=\"application\/ld+json\" class=\"yoast-schema-graph\">{\"@context\":\"https:\/\/schema.org\",\"@graph\":[{\"@type\":\"WebSite\",\"@id\":\"https:\/\/abrelivros.org.br\/site\/#website\",\"url\":\"https:\/\/abrelivros.org.br\/site\/\",\"name\":\"Abrelivros\",\"description\":\"\",\"potentialAction\":[{\"@type\":\"SearchAction\",\"target\":\"https:\/\/abrelivros.org.br\/site\/?s={search_term_string}\",\"query-input\":\"required name=search_term_string\"}],\"inLanguage\":\"pt-BR\"},{\"@type\":\"WebPage\",\"@id\":\"https:\/\/abrelivros.org.br\/site\/livros-didaticos-para-o-ano-letivo-de-2021-chegam-as-escolas-de-todo-o-brasil\/#webpage\",\"url\":\"https:\/\/abrelivros.org.br\/site\/livros-didaticos-para-o-ano-letivo-de-2021-chegam-as-escolas-de-todo-o-brasil\/\",\"name\":\"Livros did\\u00e1ticos para o ano letivo de 2021 chegam \\u00e0s escolas de todo o Brasil &raquo; Abrelivros\",\"isPartOf\":{\"@id\":\"https:\/\/abrelivros.org.br\/site\/#website\"},\"datePublished\":\"2021-01-22T16:56:52+00:00\",\"dateModified\":\"2021-01-22T16:56:52+00:00\",\"author\":{\"@id\":\"https:\/\/abrelivros.org.br\/site\/#\/schema\/person\/65db80e26409802ce15ac5feec6a15fd\"},\"breadcrumb\":{\"@id\":\"https:\/\/abrelivros.org.br\/site\/livros-didaticos-para-o-ano-letivo-de-2021-chegam-as-escolas-de-todo-o-brasil\/#breadcrumb\"},\"inLanguage\":\"pt-BR\",\"potentialAction\":[{\"@type\":\"ReadAction\",\"target\":[\"https:\/\/abrelivros.org.br\/site\/livros-didaticos-para-o-ano-letivo-de-2021-chegam-as-escolas-de-todo-o-brasil\/\"]}]},{\"@type\":\"BreadcrumbList\",\"@id\":\"https:\/\/abrelivros.org.br\/site\/livros-didaticos-para-o-ano-letivo-de-2021-chegam-as-escolas-de-todo-o-brasil\/#breadcrumb\",\"itemListElement\":[{\"@type\":\"ListItem\",\"position\":1,\"item\":{\"@type\":\"WebPage\",\"@id\":\"https:\/\/abrelivros.org.br\/site\/\",\"url\":\"https:\/\/abrelivros.org.br\/site\/\",\"name\":\"In\\u00edcio\"}},{\"@type\":\"ListItem\",\"position\":2,\"item\":{\"@type\":\"WebPage\",\"@id\":\"https:\/\/abrelivros.org.br\/site\/category\/noticias\/\",\"url\":\"https:\/\/abrelivros.org.br\/site\/category\/noticias\/\",\"name\":\"Not\\u00edcias\"}},{\"@type\":\"ListItem\",\"position\":3,\"item\":{\"@type\":\"WebPage\",\"@id\":\"https:\/\/abrelivros.org.br\/site\/category\/noticias\/noticias-da-imprensa\/\",\"url\":\"https:\/\/abrelivros.org.br\/site\/category\/noticias\/noticias-da-imprensa\/\",\"name\":\"Not\\u00edcias da imprensa\"}},{\"@type\":\"ListItem\",\"position\":4,\"item\":{\"@type\":\"WebPage\",\"@id\":\"https:\/\/abrelivros.org.br\/site\/livros-didaticos-para-o-ano-letivo-de-2021-chegam-as-escolas-de-todo-o-brasil\/\",\"url\":\"https:\/\/abrelivros.org.br\/site\/livros-didaticos-para-o-ano-letivo-de-2021-chegam-as-escolas-de-todo-o-brasil\/\",\"name\":\"Livros did\\u00e1ticos para o ano letivo de 2021 chegam \\u00e0s escolas de todo o Brasil\"}}]},{\"@type\":\"Person\",\"@id\":\"https:\/\/abrelivros.org.br\/site\/#\/schema\/person\/65db80e26409802ce15ac5feec6a15fd\",\"name\":\"Reda\\u00e7\\u00e3o Abrelivros\",\"image\":{\"@type\":\"ImageObject\",\"@id\":\"https:\/\/abrelivros.org.br\/site\/#personlogo\",\"inLanguage\":\"pt-BR\",\"url\":\"https:\/\/secure.gravatar.com\/avatar\/c4e57f9c7e3482965bd428192061218520756c39080b1d1820b679fa5e9af192?s=96&d=mm&r=g\",\"caption\":\"Reda\\u00e7\\u00e3o Abrelivros\"}}]}<\/script>\n<!-- \/ Yoast SEO plugin. -->","_links":{"self":[{"href":"https:\/\/abrelivros.org.br\/site\/wp-json\/wp\/v2\/posts\/13044","targetHints":{"allow":["GET"]}}],"collection":[{"href":"https:\/\/abrelivros.org.br\/site\/wp-json\/wp\/v2\/posts"}],"about":[{"href":"https:\/\/abrelivros.org.br\/site\/wp-json\/wp\/v2\/types\/post"}],"author":[{"embeddable":true,"href":"https:\/\/abrelivros.org.br\/site\/wp-json\/wp\/v2\/users\/4"}],"replies":[{"embeddable":true,"href":"https:\/\/abrelivros.org.br\/site\/wp-json\/wp\/v2\/comments?post=13044"}],"version-history":[{"count":1,"href":"https:\/\/abrelivros.org.br\/site\/wp-json\/wp\/v2\/posts\/13044\/revisions"}],"predecessor-version":[{"id":13045,"href":"https:\/\/abrelivros.org.br\/site\/wp-json\/wp\/v2\/posts\/13044\/revisions\/13045"}],"wp:attachment":[{"href":"https:\/\/abrelivros.org.br\/site\/wp-json\/wp\/v2\/media?parent=13044"}],"wp:term":[{"taxonomy":"category","embeddable":true,"href":"https:\/\/abrelivros.org.br\/site\/wp-json\/wp\/v2\/categories?post=13044"},{"taxonomy":"post_tag","embeddable":true,"href":"https:\/\/abrelivros.org.br\/site\/wp-json\/wp\/v2\/tags?post=13044"}],"curies":[{"name":"wp","href":"https:\/\/api.w.org\/{rel}","templated":true}]}}