{"id":13036,"date":"2021-01-22T13:27:07","date_gmt":"2021-01-22T16:27:07","guid":{"rendered":"https:\/\/abrelivros.org.br\/site\/?p=13036"},"modified":"2021-01-22T13:27:07","modified_gmt":"2021-01-22T16:27:07","slug":"enem-2020-tem-novidades-em-acessibilidade","status":"publish","type":"post","link":"https:\/\/abrelivros.org.br\/site\/enem-2020-tem-novidades-em-acessibilidade\/","title":{"rendered":"Enem 2020 tem novidades em acessibilidade"},"content":{"rendered":"<p>Leitor de tela, reda\u00e7\u00e3o em braile e corre\u00e7\u00e3o especial das provas de participantes autistas e surdocegos s\u00e3o algumas das novidades do Exame Nacional do Ensino M\u00e9dio (Enem) 2020 em termos de acessibilidade. As medidas somam-se a outras que v\u00eam sendo adotadas pelo exame ao longo do anos, como videoprova em L\u00edngua brasileira de Sinais (Libras) e provas com textos e imagens ampliados.<!--more--><\/p>\n<p>Ao todo, segundo o Instituto Nacional de Estudo e Pesquisas Educacionais An\u00edsio Teixeira (Inep), cerca de 47 mil participantes com alguma defici\u00eancia ou transtorno fizeram a inscri\u00e7\u00e3o no Enem 2020 e solicitaram atendimento especializado.<\/p>\n<p>O leitor de tela e a reda\u00e7\u00e3o em braile s\u00e3o demandas antigas de pessoas com alguma defici\u00eancia visual, de acordo com o integrante da Organiza\u00e7\u00e3o Nacional de Cegos do Brasil Lucas de Castro Rodrigues. \u201cO leitor de tela traz autonomia. O candidato mexe no computador por si pr\u00f3prio. Escuta quantas vezes quiser, controla velocidade e volume de voz. O leitor d\u00e1 total controle da prova ao participante\u201d, diz.<\/p>\n<p>Antes do leitor de tela, a op\u00e7\u00e3o para esses estudantes era contar com o aux\u00edlio para leitura, op\u00e7\u00e3o que segue dispon\u00edvel para os candidatos que assim solicitaram. A leitura \u00e9 feita por profissionais capacitados para ler textos e para descrever imagens. A desvantagem, segundo Rodrigues, \u00e9 que o candidato depende desse profissional, que pode, por exemplo, estar cansado no dia de aplica\u00e7\u00e3o.<\/p>\n<p>Outro recurso novo \u00e9 a reda\u00e7\u00e3o escrita e corrigida no Sistema Braile. De acordo com o Inep, na aplica\u00e7\u00e3o, o participante pode utilizar material pr\u00f3prio, como m\u00e1quina Perkins, reglete, pun\u00e7\u00e3o, soroban ou cubaritmo e folhas brancas para fazer a reda\u00e7\u00e3o. Rodrigues explica que essa escrita tamb\u00e9m traz maior autonomia. A alternativa, que tamb\u00e9m segue dispon\u00edvel, \u00e9 que o participante dite a reda\u00e7\u00e3o em voz alta para que seja transcrita em papel por um profissional capacitado.<\/p>\n<p>Para Rodrigues, a medida \u00e9 positiva e auxilia candidatos que dominam o braile. Mas, como essa n\u00e3o \u00e9 uma realidade entre todas as pessoas com defici\u00eancia visual, para que a prova seja ainda mais inclusiva ele defende que haja a possibilidade que os candidatos digitem eles mesmos a reda\u00e7\u00e3o no computador.<\/p>\n<p><strong>Banca especial<\/strong><\/p>\n<p>Outra mudan\u00e7a nesta edi\u00e7\u00e3o \u00e9 que participantes autistas e surdocegos ter\u00e3o banca especial para corre\u00e7\u00e3o de suas provas. De acordo com o Inep, o exame recebeu a inscri\u00e7\u00e3o de 1.676 candidatos que solicitaram atendimento especializado por autismo e de 134, por surdocegueira.<\/p>\n<p>\u201cEsse olhar permite que a sociedade venha a enxergar essa popula\u00e7\u00e3o da maneira como ela merece ser enxergada, como pessoas, cidad\u00e3os que pagam impostos e que est\u00e3o ali para poder incluir e somar. O Enem \u00e9 uma prova pela qual eles v\u00e3o se capacitar para uma faculdade e v\u00e3o ser, na minha opini\u00e3o, profissionais que s\u00f3 t\u00eam a somar para a sociedade inteira\u201d, diz a presidente da Associa\u00e7\u00e3o Integrada M\u00e3es de Autistas da Para\u00edba, Elaine Ara\u00fajo.<\/p>\n<p>Elaine explica que cada indiv\u00edduo com autismo \u00e9 diferente e tem diferente grau de acometimento. \u201cH\u00e1 aquele indiv\u00edduo que vai precisar de mais tempo. H\u00e1 aquele indiv\u00edduo que vai precisar de uma tradu\u00e7\u00e3o melhor do que est\u00e1 propondo aquela quest\u00e3o. N\u00e3o \u00e9 que sejam incapazes, mas h\u00e1 m\u00e9todos para eles entenderem. V\u00e3o precisar dessa empatia da banca para poder analisar e ver que cada um \u00e9 diferente. N\u00f3s somos seres diferentes e eles t\u00eam isso como um estigma. As pessoas precisam realmente entender e averiguar cada situa\u00e7\u00e3o para poder sim dar a essa pessoa a chance de realizar uma prova e de se sair bem nessa prova, para mim isso \u00e9 pura empatia\u201d, afirma.<\/p>\n<p>Ela conta ainda que se emocionou com o tema da <a href=\"https:\/\/agenciabrasil.ebc.com.br\/educacao\/noticia\/2021-01\/tema-da-redacao-segue-linha-adotada-em-edicoes-anteriores-do-enem\" target=\"_blank\" rel=\"noopener noreferrer\">reda\u00e7\u00e3o deste ano<\/a>, O estigma associado \u00e0s doen\u00e7as mentais na sociedade brasileira. \u201c\u00c9 necess\u00e1rio que a sociedade e esses jovens que v\u00e3o entrar em faculdades e em profiss\u00f5es t\u00e3o diferenciadas tenham esse entendimento de algo t\u00e3o cotidiano, de pessoas que s\u00e3o estigmatizadas por terem s\u00edndromes, transtornos, doen\u00e7as mentais. Tem que ter respeito e empatia. Achei de uma relev\u00e2ncia que me deixou emocionada\u201d.<\/p>\n<p><strong>Inclus\u00e3o<\/strong><\/p>\n<p>Apesar das medidas adotadas, de acordo com Rodrigues, o Enem n\u00e3o \u00e9 uma prova totalmente inclusiva, at\u00e9 mesmo porque a exclus\u00e3o vem desde muito antes na vida das pessoas com alguma defici\u00eancia. \u201cO Enem \u00e9 uma prova bastante excludente. Isso \u00e9 bastante difundido, n\u00e3o s\u00f3 entre as pessoas com defici\u00eancia, mas entre todas as minorias, porque a gente sofre defasagem em todo o ensino b\u00e1sico. N\u00e3o s\u00f3 no ensino, mas em v\u00e1rias outras \u00e1reas\u201d, acrescenta.<\/p>\n<p>A estudante J\u00falia Dias do Anjos, 18 anos, \u00e9 uma das candidatas com baixa vis\u00e3o que est\u00e1 fazendo o Enem. Ela solicitou aux\u00edlio para leitura e prova ampliada e ficou satisfeita com o atendimento. Ela conta, no entanto, que \u00e9 exce\u00e7\u00e3o, que entre outros amigos cegos ou com baixa vis\u00e3o \u00e9 uma das poucas que fez a prova. A falta de disponibilidade de materiais de estudo voltado especificamente para esses estudantes e a falta de incentivo s\u00e3o, segundo ela, alguns dos principais entraves.<\/p>\n<p>\u201cTenho muitos amigos com baixa vis\u00e3o e cegueira. Eu n\u00e3o sei se eles t\u00eam medo de n\u00e3o ter os recursos [de acessibilidade]. Eu sempre falo para prestarmos o exame e ningu\u00e9m se manifesta, sempre falava na escola e as pessoas n\u00e3o se interessavam. Isso me deixa muito triste\u201d, diz, e acrescenta: \u201cTem gente que n\u00e3o \u00e9 incentivada. A minha m\u00e3e sempre fala: se voc\u00ea acha que pode fazer, voc\u00ea est\u00e1 apta a isso. V\u00e1 e fa\u00e7a. N\u00e3o tenha medo. Se \u00e9 uma coisa que tem vontade, v\u00e1 e fa\u00e7a\u201d.<\/p>\n<p>J\u00falia quer cursar biomedicina ou matem\u00e1tica. \u201cInfelizmente, o que me deixa mais preocupada \u00e9 que falam que geralmente os laborat\u00f3rios das universidades n\u00e3o s\u00e3o preparados para quem tem baixa vis\u00e3o. Mas quem sabe isso n\u00e3o mudou? Ou, ent\u00e3o, eu passo a fazer a diferen\u00e7a porque o mundo, a gente o adapta\u201d.<\/p>\n<p><strong>Enem 2020<\/strong><\/p>\n<p>O Enem come\u00e7ou a ser aplicado no \u00faltimo domingo (17) e segue no pr\u00f3ximo dia 24. No primeiro dia de aplica\u00e7\u00e3o, o exame teve uma <a href=\"https:\/\/agenciabrasil.ebc.com.br\/educacao\/noticia\/2021-01\/inep-da-entrevista-coletiva-sobre-o-primeiro-dia-de-provas-do-enem\" target=\"_blank\" rel=\"noopener noreferrer\">absten\u00e7\u00e3o recorde<\/a> de 51,5%. Do total de 5.523.029 inscritos para a vers\u00e3o impressa do Enem, 2.842.332 faltaram \u00e0s provas. Nesta edi\u00e7\u00e3o, o Enem ter\u00e1 uma vers\u00e3o impressa e uma digital, realizada de forma piloto para 96 mil candidatos, nos dias 31 de janeiro e 7 de fevereiro.<\/p>\n<p>As <a href=\"https:\/\/agenciabrasil.ebc.com.br\/educacao\/noticia\/2021-01\/enem-tera-regras-para-evitar-contagio-pelo-novo-coronavirus\" target=\"_blank\" rel=\"noopener noreferrer\">medidas de seguran\u00e7a<\/a>, adotadas em rela\u00e7\u00e3o \u00e0 pandemia do novo coronav\u00edrus, ser\u00e3o as mesmas tanto no Enem impresso quanto no digital. Haver\u00e1, por exemplo, um n\u00famero reduzido de estudantes por sala, para garantir o distanciamento entre os participantes. Durante todo o tempo de realiza\u00e7\u00e3o da prova, os candidatos estar\u00e3o obrigados a usar m\u00e1scaras de prote\u00e7\u00e3o da forma correta, tapando o nariz e a boca, sob pena de serem eliminados do exame. Al\u00e9m disso, o \u00e1lcool em gel estar\u00e1 dispon\u00edvel em todos os locais de aplica\u00e7\u00e3o.<\/p>\n<p>Os candidatos que tiverem sintomas de covid-19 e de outras doen\u00e7as infectocontagiosas n\u00e3o devem comparecer aos locais de prova. Devem comunicar ao Instituto Nacional de Estudos e Pesquisas Educacionais An\u00edsio Teixeira (Inep) pela P\u00e1gina do Participante. Esses candidatos ter\u00e3o direito \u00e0<a href=\"https:\/\/agenciabrasil.ebc.com.br\/educacao\/noticia\/2021-01\/candidatos-com-sintomas-de-covid-podem-pedir-reaplicacao-do-enem\" target=\"_blank\" rel=\"noopener noreferrer\"> reaplica\u00e7\u00e3o<\/a> nos dias 23 e 24 de fevereiro.<\/p>\n<p>Veja as novidades do Enem 2020 em termos de acessibilidade:<\/p>\n<p>Atendimentos espec\u00edficos agora fazem parte do atendimento especializado.<\/p>\n<p>Participantes com cegueira, surdocegueira, baixa vis\u00e3o ou vis\u00e3o monocular poder\u00e3o solicitar recurso para uso de leitor de tela.<\/p>\n<p>Tr\u00eas guias-int\u00e9rpretes far\u00e3o atendimento ao participante surdocego.<\/p>\n<p>Tempo adicional de 60 minutos para participantes lactantes que solicitarem atendimento especializado no sistema de inscri\u00e7\u00e3o, desde que comprovem a necessidade, conforme previsto em edital, e levem o lactente e o acompanhante no dia da aplica\u00e7\u00e3o.<\/p>\n<p>Participantes com doen\u00e7as infectocontagiosas dever\u00e3o entrar em contato com o Inep para comprova\u00e7\u00e3o de sua condi\u00e7\u00e3o e n\u00e3o dever\u00e3o comparecer ao local de provas. Poder\u00e3o realizar a prova na reaplica\u00e7\u00e3o.<\/p>\n<p>Participantes autistas e surdocegos ter\u00e3o banca especial para corre\u00e7\u00e3o de suas provas.<\/p>\n<p>O participante que escrever sua reda\u00e7\u00e3o em braile ter\u00e1 suas provas corrigidas no Sistema Braile.<\/p>\n<p>O participante transexual\/travesti que n\u00e3o solicitou ou teve sua solicita\u00e7\u00e3o pelo nome social indeferida poder\u00e1 escolher o banheiro que deseja utilizar no dia da aplica\u00e7\u00e3o.<\/p>\n<p>&nbsp;<\/p>\n","protected":false},"excerpt":{"rendered":"<p>Leitor de tela, reda\u00e7\u00e3o em braile e corre\u00e7\u00e3o especial das provas de participantes autistas e surdocegos s\u00e3o algumas das novidades do Exame Nacional do Ensino M\u00e9dio (Enem) 2020 em termos de acessibilidade. As medidas somam-se a outras que v\u00eam sendo adotadas pelo exame ao longo do anos, como videoprova em L\u00edngua brasileira de Sinais (Libras) [&hellip;]<\/p>\n","protected":false},"author":4,"featured_media":0,"comment_status":"closed","ping_status":"closed","sticky":false,"template":"","format":"standard","meta":{"footnotes":"","_links_to":"","_links_to_target":""},"categories":[9],"tags":[],"class_list":["post-13036","post","type-post","status-publish","format-standard","hentry","category-noticias-da-imprensa"],"yoast_head":"<!-- This site is optimized with the Yoast SEO plugin v15.1 - https:\/\/yoast.com\/wordpress\/plugins\/seo\/ -->\n<title>Enem 2020 tem novidades em acessibilidade &raquo; Abrelivros<\/title>\n<meta name=\"robots\" content=\"index, follow, max-snippet:-1, max-image-preview:large, max-video-preview:-1\" \/>\n<link rel=\"canonical\" href=\"https:\/\/abrelivros.org.br\/site\/enem-2020-tem-novidades-em-acessibilidade\/\" \/>\n<meta property=\"og:locale\" content=\"pt_BR\" \/>\n<meta property=\"og:type\" content=\"article\" \/>\n<meta property=\"og:title\" content=\"Enem 2020 tem novidades em acessibilidade &raquo; Abrelivros\" \/>\n<meta property=\"og:description\" content=\"Leitor de tela, reda\u00e7\u00e3o em braile e corre\u00e7\u00e3o especial das provas de participantes autistas e surdocegos s\u00e3o algumas das novidades do Exame Nacional do Ensino M\u00e9dio (Enem) 2020 em termos de acessibilidade. As medidas somam-se a outras que v\u00eam sendo adotadas pelo exame ao longo do anos, como videoprova em L\u00edngua brasileira de Sinais (Libras) [&hellip;]\" \/>\n<meta property=\"og:url\" content=\"https:\/\/abrelivros.org.br\/site\/enem-2020-tem-novidades-em-acessibilidade\/\" \/>\n<meta property=\"og:site_name\" content=\"Abrelivros\" \/>\n<meta property=\"article:published_time\" content=\"2021-01-22T16:27:07+00:00\" \/>\n<meta name=\"twitter:card\" content=\"summary_large_image\" \/>\n<script type=\"application\/ld+json\" class=\"yoast-schema-graph\">{\"@context\":\"https:\/\/schema.org\",\"@graph\":[{\"@type\":\"WebSite\",\"@id\":\"https:\/\/abrelivros.org.br\/site\/#website\",\"url\":\"https:\/\/abrelivros.org.br\/site\/\",\"name\":\"Abrelivros\",\"description\":\"\",\"potentialAction\":[{\"@type\":\"SearchAction\",\"target\":\"https:\/\/abrelivros.org.br\/site\/?s={search_term_string}\",\"query-input\":\"required name=search_term_string\"}],\"inLanguage\":\"pt-BR\"},{\"@type\":\"WebPage\",\"@id\":\"https:\/\/abrelivros.org.br\/site\/enem-2020-tem-novidades-em-acessibilidade\/#webpage\",\"url\":\"https:\/\/abrelivros.org.br\/site\/enem-2020-tem-novidades-em-acessibilidade\/\",\"name\":\"Enem 2020 tem novidades em acessibilidade &raquo; Abrelivros\",\"isPartOf\":{\"@id\":\"https:\/\/abrelivros.org.br\/site\/#website\"},\"datePublished\":\"2021-01-22T16:27:07+00:00\",\"dateModified\":\"2021-01-22T16:27:07+00:00\",\"author\":{\"@id\":\"https:\/\/abrelivros.org.br\/site\/#\/schema\/person\/65db80e26409802ce15ac5feec6a15fd\"},\"breadcrumb\":{\"@id\":\"https:\/\/abrelivros.org.br\/site\/enem-2020-tem-novidades-em-acessibilidade\/#breadcrumb\"},\"inLanguage\":\"pt-BR\",\"potentialAction\":[{\"@type\":\"ReadAction\",\"target\":[\"https:\/\/abrelivros.org.br\/site\/enem-2020-tem-novidades-em-acessibilidade\/\"]}]},{\"@type\":\"BreadcrumbList\",\"@id\":\"https:\/\/abrelivros.org.br\/site\/enem-2020-tem-novidades-em-acessibilidade\/#breadcrumb\",\"itemListElement\":[{\"@type\":\"ListItem\",\"position\":1,\"item\":{\"@type\":\"WebPage\",\"@id\":\"https:\/\/abrelivros.org.br\/site\/\",\"url\":\"https:\/\/abrelivros.org.br\/site\/\",\"name\":\"In\\u00edcio\"}},{\"@type\":\"ListItem\",\"position\":2,\"item\":{\"@type\":\"WebPage\",\"@id\":\"https:\/\/abrelivros.org.br\/site\/category\/noticias\/\",\"url\":\"https:\/\/abrelivros.org.br\/site\/category\/noticias\/\",\"name\":\"Not\\u00edcias\"}},{\"@type\":\"ListItem\",\"position\":3,\"item\":{\"@type\":\"WebPage\",\"@id\":\"https:\/\/abrelivros.org.br\/site\/category\/noticias\/noticias-da-imprensa\/\",\"url\":\"https:\/\/abrelivros.org.br\/site\/category\/noticias\/noticias-da-imprensa\/\",\"name\":\"Not\\u00edcias da imprensa\"}},{\"@type\":\"ListItem\",\"position\":4,\"item\":{\"@type\":\"WebPage\",\"@id\":\"https:\/\/abrelivros.org.br\/site\/enem-2020-tem-novidades-em-acessibilidade\/\",\"url\":\"https:\/\/abrelivros.org.br\/site\/enem-2020-tem-novidades-em-acessibilidade\/\",\"name\":\"Enem 2020 tem novidades em acessibilidade\"}}]},{\"@type\":\"Person\",\"@id\":\"https:\/\/abrelivros.org.br\/site\/#\/schema\/person\/65db80e26409802ce15ac5feec6a15fd\",\"name\":\"Reda\\u00e7\\u00e3o Abrelivros\",\"image\":{\"@type\":\"ImageObject\",\"@id\":\"https:\/\/abrelivros.org.br\/site\/#personlogo\",\"inLanguage\":\"pt-BR\",\"url\":\"https:\/\/secure.gravatar.com\/avatar\/c4e57f9c7e3482965bd428192061218520756c39080b1d1820b679fa5e9af192?s=96&d=mm&r=g\",\"caption\":\"Reda\\u00e7\\u00e3o Abrelivros\"}}]}<\/script>\n<!-- \/ Yoast SEO plugin. -->","_links":{"self":[{"href":"https:\/\/abrelivros.org.br\/site\/wp-json\/wp\/v2\/posts\/13036","targetHints":{"allow":["GET"]}}],"collection":[{"href":"https:\/\/abrelivros.org.br\/site\/wp-json\/wp\/v2\/posts"}],"about":[{"href":"https:\/\/abrelivros.org.br\/site\/wp-json\/wp\/v2\/types\/post"}],"author":[{"embeddable":true,"href":"https:\/\/abrelivros.org.br\/site\/wp-json\/wp\/v2\/users\/4"}],"replies":[{"embeddable":true,"href":"https:\/\/abrelivros.org.br\/site\/wp-json\/wp\/v2\/comments?post=13036"}],"version-history":[{"count":1,"href":"https:\/\/abrelivros.org.br\/site\/wp-json\/wp\/v2\/posts\/13036\/revisions"}],"predecessor-version":[{"id":13037,"href":"https:\/\/abrelivros.org.br\/site\/wp-json\/wp\/v2\/posts\/13036\/revisions\/13037"}],"wp:attachment":[{"href":"https:\/\/abrelivros.org.br\/site\/wp-json\/wp\/v2\/media?parent=13036"}],"wp:term":[{"taxonomy":"category","embeddable":true,"href":"https:\/\/abrelivros.org.br\/site\/wp-json\/wp\/v2\/categories?post=13036"},{"taxonomy":"post_tag","embeddable":true,"href":"https:\/\/abrelivros.org.br\/site\/wp-json\/wp\/v2\/tags?post=13036"}],"curies":[{"name":"wp","href":"https:\/\/api.w.org\/{rel}","templated":true}]}}