{"id":13029,"date":"2021-01-21T13:51:29","date_gmt":"2021-01-21T16:51:29","guid":{"rendered":"https:\/\/abrelivros.org.br\/site\/?p=13029"},"modified":"2021-01-21T14:03:56","modified_gmt":"2021-01-21T17:03:56","slug":"varejo-fecha-2020-proximo-de-2019-aponta-nielsen","status":"publish","type":"post","link":"https:\/\/abrelivros.org.br\/site\/varejo-fecha-2020-proximo-de-2019-aponta-nielsen\/","title":{"rendered":"Varejo fecha 2020 pr\u00f3ximo de 2019, aponta Nielsen"},"content":{"rendered":"<p>Em 2020, o Painel do Varejo de Livros registrou a venda de 41,9 milh\u00f5es de c\u00f3pias, n\u00famero 0,87% maior do que 2019. O faturamento, no entanto, apresentou varia\u00e7\u00e3o negativa de 0,47%, sem considerar a infla\u00e7\u00e3o de 4,23%.<!--more--><\/p>\n<p>A Nielsen e o Sindicato Nacional dos Editores de Livros (SNEL) passaram a r\u00e9gua e fecharam os n\u00fameros do Painel do Varejo de Livros no Brasil referentes ao ano passado. De janeiro a dezembro, o instituto de pesquisa registrou a venda de 41.907.485 exemplares, pouco mais de 363 mil c\u00f3pias a mais do que 2019, o que representa um ligeiro crescimento 0,87% nessa base de compara\u00e7\u00e3o. Em valor, no entanto, o varejo apresentou queda nominal \u2013 n\u00e3o considerando a infla\u00e7\u00e3o no per\u00edodo, que, segundo o IPCA foi de 4,23% \u2013 de 0,48%. As livrarias, supermercados e lojas de autoatendimento que fazem parte do rol de varejistas parceiras da Nielsen fecharam o ano com faturamento de R$ 1,74 bilh\u00e3o apurado com a venda de livros.<\/p>\n<p>Os n\u00fameros positivos de dezembro colaboraram com esse fechamento. O \u00faltimo Painel do ano \u2013 referente ao per\u00edodo de 30 de novembro a 27 de dezembro \u2013 registrou a venda de 4,97 milh\u00f5es de c\u00f3pias \u2013 7,6% a mais do que o verificado em 2019 \u2013 e o faturamento de R$ 197,8 milh\u00f5es, crescimento de 4,98% frente a 2019.<\/p>\n<p>Pela sua metodologia, o Painel n\u00e3o informa em quais canais essas vendas ocorreram, mas fontes ouvidas pelo PN \u2013 tanto editores quanto livreiros \u2013 s\u00e3o un\u00e2nimes em apontar que boa parte dessas vendas aconteceu em ambientes digitais e que as livrarias exclusivamente virtuais \u2013 como Amazon e Submarino \u2013 ganharam musculatura no ano que passou.<\/p>\n<p>Marcos da Veiga Pereira, presidente do SNEL, festejou os n\u00fameros: \u201cO brasileiro voltou a ler, e as editoras apresentaram lan\u00e7amentos importantes no final de 2020. Tivemos ainda a inaugura\u00e7\u00e3o de um n\u00famero recorde de novas livrarias no \u00faltimo trimestre do ano, e este movimento tende a continuar este ano\u201d.<\/p>\n<p>O mesmo tom de otimismo \u00e9 dado por Ismael Borges, gestor da ferramenta Bookscan no Brasil: \u201cum ano maculado por not\u00edcias negativas, enfim, nos vem a agrad\u00e1vel not\u00edcia de que recuperamos totalmente as perdas geradas pela quarentena. Um fator a ser fortemente comemorado pelo setor\u201d.<\/p>\n<p><a href=\"https:\/\/www.publishnews.com.br\/estaticos\/uploads\/2021\/01\/igMK9cRgcJkLPUB5DsjpUbb54WhTBrB76jmrIguo86Pphe2vjfY2K2wXnSTMtyHRHzfdHKEBaOnWMUDr.pdf\" target=\"_blank\" rel=\"noopener noreferrer\">Clique aqui<\/a> para baixar a \u00edntegra do Painel.<\/p>\n","protected":false},"excerpt":{"rendered":"<p>Em 2020, o Painel do Varejo de Livros registrou a venda de 41,9 milh\u00f5es de c\u00f3pias, n\u00famero 0,87% maior do que 2019. O faturamento, no entanto, apresentou varia\u00e7\u00e3o negativa de 0,47%, sem considerar a infla\u00e7\u00e3o de 4,23%.<\/p>\n","protected":false},"author":4,"featured_media":0,"comment_status":"closed","ping_status":"closed","sticky":false,"template":"","format":"standard","meta":{"footnotes":"","_links_to":"","_links_to_target":""},"categories":[9],"tags":[],"class_list":["post-13029","post","type-post","status-publish","format-standard","hentry","category-noticias-da-imprensa"],"yoast_head":"<!-- This site is optimized with the Yoast SEO plugin v15.1 - https:\/\/yoast.com\/wordpress\/plugins\/seo\/ -->\n<title>Varejo fecha 2020 pr\u00f3ximo de 2019, aponta Nielsen &raquo; Abrelivros<\/title>\n<meta name=\"robots\" content=\"index, follow, max-snippet:-1, max-image-preview:large, max-video-preview:-1\" \/>\n<link rel=\"canonical\" href=\"https:\/\/abrelivros.org.br\/site\/varejo-fecha-2020-proximo-de-2019-aponta-nielsen\/\" \/>\n<meta property=\"og:locale\" content=\"pt_BR\" \/>\n<meta property=\"og:type\" content=\"article\" \/>\n<meta property=\"og:title\" content=\"Varejo fecha 2020 pr\u00f3ximo de 2019, aponta Nielsen &raquo; Abrelivros\" \/>\n<meta property=\"og:description\" content=\"Em 2020, o Painel do Varejo de Livros registrou a venda de 41,9 milh\u00f5es de c\u00f3pias, n\u00famero 0,87% maior do que 2019. O faturamento, no entanto, apresentou varia\u00e7\u00e3o negativa de 0,47%, sem considerar a infla\u00e7\u00e3o de 4,23%.\" \/>\n<meta property=\"og:url\" content=\"https:\/\/abrelivros.org.br\/site\/varejo-fecha-2020-proximo-de-2019-aponta-nielsen\/\" \/>\n<meta property=\"og:site_name\" content=\"Abrelivros\" \/>\n<meta property=\"article:published_time\" content=\"2021-01-21T16:51:29+00:00\" \/>\n<meta property=\"article:modified_time\" content=\"2021-01-21T17:03:56+00:00\" \/>\n<meta name=\"twitter:card\" content=\"summary_large_image\" \/>\n<script type=\"application\/ld+json\" class=\"yoast-schema-graph\">{\"@context\":\"https:\/\/schema.org\",\"@graph\":[{\"@type\":\"WebSite\",\"@id\":\"https:\/\/abrelivros.org.br\/site\/#website\",\"url\":\"https:\/\/abrelivros.org.br\/site\/\",\"name\":\"Abrelivros\",\"description\":\"\",\"potentialAction\":[{\"@type\":\"SearchAction\",\"target\":\"https:\/\/abrelivros.org.br\/site\/?s={search_term_string}\",\"query-input\":\"required name=search_term_string\"}],\"inLanguage\":\"pt-BR\"},{\"@type\":\"WebPage\",\"@id\":\"https:\/\/abrelivros.org.br\/site\/varejo-fecha-2020-proximo-de-2019-aponta-nielsen\/#webpage\",\"url\":\"https:\/\/abrelivros.org.br\/site\/varejo-fecha-2020-proximo-de-2019-aponta-nielsen\/\",\"name\":\"Varejo fecha 2020 pr\\u00f3ximo de 2019, aponta Nielsen &raquo; Abrelivros\",\"isPartOf\":{\"@id\":\"https:\/\/abrelivros.org.br\/site\/#website\"},\"datePublished\":\"2021-01-21T16:51:29+00:00\",\"dateModified\":\"2021-01-21T17:03:56+00:00\",\"author\":{\"@id\":\"https:\/\/abrelivros.org.br\/site\/#\/schema\/person\/65db80e26409802ce15ac5feec6a15fd\"},\"breadcrumb\":{\"@id\":\"https:\/\/abrelivros.org.br\/site\/varejo-fecha-2020-proximo-de-2019-aponta-nielsen\/#breadcrumb\"},\"inLanguage\":\"pt-BR\",\"potentialAction\":[{\"@type\":\"ReadAction\",\"target\":[\"https:\/\/abrelivros.org.br\/site\/varejo-fecha-2020-proximo-de-2019-aponta-nielsen\/\"]}]},{\"@type\":\"BreadcrumbList\",\"@id\":\"https:\/\/abrelivros.org.br\/site\/varejo-fecha-2020-proximo-de-2019-aponta-nielsen\/#breadcrumb\",\"itemListElement\":[{\"@type\":\"ListItem\",\"position\":1,\"item\":{\"@type\":\"WebPage\",\"@id\":\"https:\/\/abrelivros.org.br\/site\/\",\"url\":\"https:\/\/abrelivros.org.br\/site\/\",\"name\":\"In\\u00edcio\"}},{\"@type\":\"ListItem\",\"position\":2,\"item\":{\"@type\":\"WebPage\",\"@id\":\"https:\/\/abrelivros.org.br\/site\/category\/noticias\/\",\"url\":\"https:\/\/abrelivros.org.br\/site\/category\/noticias\/\",\"name\":\"Not\\u00edcias\"}},{\"@type\":\"ListItem\",\"position\":3,\"item\":{\"@type\":\"WebPage\",\"@id\":\"https:\/\/abrelivros.org.br\/site\/category\/noticias\/noticias-da-imprensa\/\",\"url\":\"https:\/\/abrelivros.org.br\/site\/category\/noticias\/noticias-da-imprensa\/\",\"name\":\"Not\\u00edcias da imprensa\"}},{\"@type\":\"ListItem\",\"position\":4,\"item\":{\"@type\":\"WebPage\",\"@id\":\"https:\/\/abrelivros.org.br\/site\/varejo-fecha-2020-proximo-de-2019-aponta-nielsen\/\",\"url\":\"https:\/\/abrelivros.org.br\/site\/varejo-fecha-2020-proximo-de-2019-aponta-nielsen\/\",\"name\":\"Varejo fecha 2020 pr\\u00f3ximo de 2019, aponta Nielsen\"}}]},{\"@type\":\"Person\",\"@id\":\"https:\/\/abrelivros.org.br\/site\/#\/schema\/person\/65db80e26409802ce15ac5feec6a15fd\",\"name\":\"Reda\\u00e7\\u00e3o Abrelivros\",\"image\":{\"@type\":\"ImageObject\",\"@id\":\"https:\/\/abrelivros.org.br\/site\/#personlogo\",\"inLanguage\":\"pt-BR\",\"url\":\"https:\/\/secure.gravatar.com\/avatar\/c4e57f9c7e3482965bd428192061218520756c39080b1d1820b679fa5e9af192?s=96&d=mm&r=g\",\"caption\":\"Reda\\u00e7\\u00e3o Abrelivros\"}}]}<\/script>\n<!-- \/ Yoast SEO plugin. -->","_links":{"self":[{"href":"https:\/\/abrelivros.org.br\/site\/wp-json\/wp\/v2\/posts\/13029","targetHints":{"allow":["GET"]}}],"collection":[{"href":"https:\/\/abrelivros.org.br\/site\/wp-json\/wp\/v2\/posts"}],"about":[{"href":"https:\/\/abrelivros.org.br\/site\/wp-json\/wp\/v2\/types\/post"}],"author":[{"embeddable":true,"href":"https:\/\/abrelivros.org.br\/site\/wp-json\/wp\/v2\/users\/4"}],"replies":[{"embeddable":true,"href":"https:\/\/abrelivros.org.br\/site\/wp-json\/wp\/v2\/comments?post=13029"}],"version-history":[{"count":2,"href":"https:\/\/abrelivros.org.br\/site\/wp-json\/wp\/v2\/posts\/13029\/revisions"}],"predecessor-version":[{"id":13032,"href":"https:\/\/abrelivros.org.br\/site\/wp-json\/wp\/v2\/posts\/13029\/revisions\/13032"}],"wp:attachment":[{"href":"https:\/\/abrelivros.org.br\/site\/wp-json\/wp\/v2\/media?parent=13029"}],"wp:term":[{"taxonomy":"category","embeddable":true,"href":"https:\/\/abrelivros.org.br\/site\/wp-json\/wp\/v2\/categories?post=13029"},{"taxonomy":"post_tag","embeddable":true,"href":"https:\/\/abrelivros.org.br\/site\/wp-json\/wp\/v2\/tags?post=13029"}],"curies":[{"name":"wp","href":"https:\/\/api.w.org\/{rel}","templated":true}]}}