{"id":13027,"date":"2021-01-21T13:46:51","date_gmt":"2021-01-21T16:46:51","guid":{"rendered":"https:\/\/abrelivros.org.br\/site\/?p=13027"},"modified":"2021-01-21T13:46:51","modified_gmt":"2021-01-21T16:46:51","slug":"sp-ensino-infantil-na-capital-nao-tera-rodizio-de-alunos-diz-secretaria","status":"publish","type":"post","link":"https:\/\/abrelivros.org.br\/site\/sp-ensino-infantil-na-capital-nao-tera-rodizio-de-alunos-diz-secretaria\/","title":{"rendered":"SP: Ensino infantil na capital n\u00e3o ter\u00e1 rod\u00edzio de alunos, diz secret\u00e1ria"},"content":{"rendered":"<p>A volta \u00e0s aulas presenciais na cidade de S\u00e3o Paulo prev\u00ea um rod\u00edzio de alunos para evitar que as salas fiquem com mais de 35% da sua capacidade. No entanto, a secret\u00e1ria de Educa\u00e7\u00e3o Adjunta do munic\u00edpio, Minea Paschoaleto Fratelli Sonobe, esclareceu que na educa\u00e7\u00e3o infantil isso ser\u00e1 feito de forma diferente, com a inten\u00e7\u00e3o de manter o mesmo grupo de crian\u00e7as diariamente nas creches e pr\u00e9-escolas.<!--more--><\/p>\n<p>&#8220;Na educa\u00e7\u00e3o infantil, n\u00f3s n\u00e3o trabalharemos com o rod\u00edzio&#8221;, disse Minea em entrevista \u00e0 revista Crescer. &#8220;N\u00f3s atenderemos o mesmo grupo de crian\u00e7as diariamente, porque os alunos s\u00e3o pequenos e precisam se adaptar&#8221;, completou a secret\u00e1ria do prefeito reeleito Bruno Covas (PSB<\/p>\n<p>Enquanto no ensino fundamental e m\u00e9dio os estudantes podem ser impedidos de irem todos os dias da semana \u00e0 escola, para o infantil a Secretaria de Educa\u00e7\u00e3o paulistana avalia que esse sistema n\u00e3o traria benef\u00edcios.<\/p>\n<p>&#8220;\u00c9 muito ruim fazer uma adapta\u00e7\u00e3o com rod\u00edzio. N\u00e3o achamos adequado para as crian\u00e7as menores. O grupo que voltar ser\u00e1 atendido todos os dias, j\u00e1 os demais permanecem com as atividades online&#8221;, explicou Minea.<\/p>\n<p>Para o fundamental e m\u00e9dio, a secret\u00e1ria afirmou que ser\u00e1 necess\u00e1ria uma sele\u00e7\u00e3o dos alunos que entrar\u00e3o no rod\u00edzio caso mais do que 35% dos estudantes de uma unidade de ensino decidam voltar \u00e0s aulas presenciais.<\/p>\n<p>&#8220;Se uma unidade tiver mais que 35% dos alunos que queiram voltar, haver\u00e1 uma sele\u00e7\u00e3o. Come\u00e7aremos com as crian\u00e7as mais velhas e tamb\u00e9m ser\u00e1 considerado o crit\u00e9rio de vulnerabilidade dos alunos, se necess\u00e1rio. A prefeitura tamb\u00e9m criou um comit\u00ea cient\u00edfico para acompanhar o retorno \u00e0s aulas&#8221;, disse.<\/p>\n<p>Na rede municipal da capital, as escolas podem abrir a partir de 1\u00ba de fevereiro. As aulas, por\u00e9m, s\u00f3 ter\u00e3o in\u00edcio duas semanas semanas depois, no dia 15, j\u00e1 que o primeiro per\u00edodo ser\u00e1 de acolhimentos dos alunos. O retorno \u00e9 facultativo para os estudantes, mas os professores ter\u00e3o que voltar \u00e0s escolas, com exce\u00e7\u00e3o daqueles com 60 anos ou mais.<\/p>\n","protected":false},"excerpt":{"rendered":"<p>A volta \u00e0s aulas presenciais na cidade de S\u00e3o Paulo prev\u00ea um rod\u00edzio de alunos para evitar que as salas fiquem com mais de 35% da sua capacidade. No entanto, a secret\u00e1ria de Educa\u00e7\u00e3o Adjunta do munic\u00edpio, Minea Paschoaleto Fratelli Sonobe, esclareceu que na educa\u00e7\u00e3o infantil isso ser\u00e1 feito de forma diferente, com a inten\u00e7\u00e3o [&hellip;]<\/p>\n","protected":false},"author":4,"featured_media":0,"comment_status":"closed","ping_status":"closed","sticky":false,"template":"","format":"standard","meta":{"footnotes":"","_links_to":"","_links_to_target":""},"categories":[9],"tags":[],"class_list":["post-13027","post","type-post","status-publish","format-standard","hentry","category-noticias-da-imprensa"],"yoast_head":"<!-- This site is optimized with the Yoast SEO plugin v15.1 - https:\/\/yoast.com\/wordpress\/plugins\/seo\/ -->\n<title>SP: Ensino infantil na capital n\u00e3o ter\u00e1 rod\u00edzio de alunos, diz secret\u00e1ria &raquo; Abrelivros<\/title>\n<meta name=\"robots\" content=\"index, follow, max-snippet:-1, max-image-preview:large, max-video-preview:-1\" \/>\n<link rel=\"canonical\" href=\"https:\/\/abrelivros.org.br\/site\/sp-ensino-infantil-na-capital-nao-tera-rodizio-de-alunos-diz-secretaria\/\" \/>\n<meta property=\"og:locale\" content=\"pt_BR\" \/>\n<meta property=\"og:type\" content=\"article\" \/>\n<meta property=\"og:title\" content=\"SP: Ensino infantil na capital n\u00e3o ter\u00e1 rod\u00edzio de alunos, diz secret\u00e1ria &raquo; Abrelivros\" \/>\n<meta property=\"og:description\" content=\"A volta \u00e0s aulas presenciais na cidade de S\u00e3o Paulo prev\u00ea um rod\u00edzio de alunos para evitar que as salas fiquem com mais de 35% da sua capacidade. No entanto, a secret\u00e1ria de Educa\u00e7\u00e3o Adjunta do munic\u00edpio, Minea Paschoaleto Fratelli Sonobe, esclareceu que na educa\u00e7\u00e3o infantil isso ser\u00e1 feito de forma diferente, com a inten\u00e7\u00e3o [&hellip;]\" \/>\n<meta property=\"og:url\" content=\"https:\/\/abrelivros.org.br\/site\/sp-ensino-infantil-na-capital-nao-tera-rodizio-de-alunos-diz-secretaria\/\" \/>\n<meta property=\"og:site_name\" content=\"Abrelivros\" \/>\n<meta property=\"article:published_time\" content=\"2021-01-21T16:46:51+00:00\" \/>\n<meta name=\"twitter:card\" content=\"summary_large_image\" \/>\n<script type=\"application\/ld+json\" class=\"yoast-schema-graph\">{\"@context\":\"https:\/\/schema.org\",\"@graph\":[{\"@type\":\"WebSite\",\"@id\":\"https:\/\/abrelivros.org.br\/site\/#website\",\"url\":\"https:\/\/abrelivros.org.br\/site\/\",\"name\":\"Abrelivros\",\"description\":\"\",\"potentialAction\":[{\"@type\":\"SearchAction\",\"target\":\"https:\/\/abrelivros.org.br\/site\/?s={search_term_string}\",\"query-input\":\"required name=search_term_string\"}],\"inLanguage\":\"pt-BR\"},{\"@type\":\"WebPage\",\"@id\":\"https:\/\/abrelivros.org.br\/site\/sp-ensino-infantil-na-capital-nao-tera-rodizio-de-alunos-diz-secretaria\/#webpage\",\"url\":\"https:\/\/abrelivros.org.br\/site\/sp-ensino-infantil-na-capital-nao-tera-rodizio-de-alunos-diz-secretaria\/\",\"name\":\"SP: Ensino infantil na capital n\\u00e3o ter\\u00e1 rod\\u00edzio de alunos, diz secret\\u00e1ria &raquo; Abrelivros\",\"isPartOf\":{\"@id\":\"https:\/\/abrelivros.org.br\/site\/#website\"},\"datePublished\":\"2021-01-21T16:46:51+00:00\",\"dateModified\":\"2021-01-21T16:46:51+00:00\",\"author\":{\"@id\":\"https:\/\/abrelivros.org.br\/site\/#\/schema\/person\/65db80e26409802ce15ac5feec6a15fd\"},\"breadcrumb\":{\"@id\":\"https:\/\/abrelivros.org.br\/site\/sp-ensino-infantil-na-capital-nao-tera-rodizio-de-alunos-diz-secretaria\/#breadcrumb\"},\"inLanguage\":\"pt-BR\",\"potentialAction\":[{\"@type\":\"ReadAction\",\"target\":[\"https:\/\/abrelivros.org.br\/site\/sp-ensino-infantil-na-capital-nao-tera-rodizio-de-alunos-diz-secretaria\/\"]}]},{\"@type\":\"BreadcrumbList\",\"@id\":\"https:\/\/abrelivros.org.br\/site\/sp-ensino-infantil-na-capital-nao-tera-rodizio-de-alunos-diz-secretaria\/#breadcrumb\",\"itemListElement\":[{\"@type\":\"ListItem\",\"position\":1,\"item\":{\"@type\":\"WebPage\",\"@id\":\"https:\/\/abrelivros.org.br\/site\/\",\"url\":\"https:\/\/abrelivros.org.br\/site\/\",\"name\":\"In\\u00edcio\"}},{\"@type\":\"ListItem\",\"position\":2,\"item\":{\"@type\":\"WebPage\",\"@id\":\"https:\/\/abrelivros.org.br\/site\/category\/noticias\/\",\"url\":\"https:\/\/abrelivros.org.br\/site\/category\/noticias\/\",\"name\":\"Not\\u00edcias\"}},{\"@type\":\"ListItem\",\"position\":3,\"item\":{\"@type\":\"WebPage\",\"@id\":\"https:\/\/abrelivros.org.br\/site\/category\/noticias\/noticias-da-imprensa\/\",\"url\":\"https:\/\/abrelivros.org.br\/site\/category\/noticias\/noticias-da-imprensa\/\",\"name\":\"Not\\u00edcias da imprensa\"}},{\"@type\":\"ListItem\",\"position\":4,\"item\":{\"@type\":\"WebPage\",\"@id\":\"https:\/\/abrelivros.org.br\/site\/sp-ensino-infantil-na-capital-nao-tera-rodizio-de-alunos-diz-secretaria\/\",\"url\":\"https:\/\/abrelivros.org.br\/site\/sp-ensino-infantil-na-capital-nao-tera-rodizio-de-alunos-diz-secretaria\/\",\"name\":\"SP: Ensino infantil na capital n\\u00e3o ter\\u00e1 rod\\u00edzio de alunos, diz secret\\u00e1ria\"}}]},{\"@type\":\"Person\",\"@id\":\"https:\/\/abrelivros.org.br\/site\/#\/schema\/person\/65db80e26409802ce15ac5feec6a15fd\",\"name\":\"Reda\\u00e7\\u00e3o Abrelivros\",\"image\":{\"@type\":\"ImageObject\",\"@id\":\"https:\/\/abrelivros.org.br\/site\/#personlogo\",\"inLanguage\":\"pt-BR\",\"url\":\"https:\/\/secure.gravatar.com\/avatar\/c4e57f9c7e3482965bd428192061218520756c39080b1d1820b679fa5e9af192?s=96&d=mm&r=g\",\"caption\":\"Reda\\u00e7\\u00e3o Abrelivros\"}}]}<\/script>\n<!-- \/ Yoast SEO plugin. -->","_links":{"self":[{"href":"https:\/\/abrelivros.org.br\/site\/wp-json\/wp\/v2\/posts\/13027","targetHints":{"allow":["GET"]}}],"collection":[{"href":"https:\/\/abrelivros.org.br\/site\/wp-json\/wp\/v2\/posts"}],"about":[{"href":"https:\/\/abrelivros.org.br\/site\/wp-json\/wp\/v2\/types\/post"}],"author":[{"embeddable":true,"href":"https:\/\/abrelivros.org.br\/site\/wp-json\/wp\/v2\/users\/4"}],"replies":[{"embeddable":true,"href":"https:\/\/abrelivros.org.br\/site\/wp-json\/wp\/v2\/comments?post=13027"}],"version-history":[{"count":1,"href":"https:\/\/abrelivros.org.br\/site\/wp-json\/wp\/v2\/posts\/13027\/revisions"}],"predecessor-version":[{"id":13028,"href":"https:\/\/abrelivros.org.br\/site\/wp-json\/wp\/v2\/posts\/13027\/revisions\/13028"}],"wp:attachment":[{"href":"https:\/\/abrelivros.org.br\/site\/wp-json\/wp\/v2\/media?parent=13027"}],"wp:term":[{"taxonomy":"category","embeddable":true,"href":"https:\/\/abrelivros.org.br\/site\/wp-json\/wp\/v2\/categories?post=13027"},{"taxonomy":"post_tag","embeddable":true,"href":"https:\/\/abrelivros.org.br\/site\/wp-json\/wp\/v2\/tags?post=13027"}],"curies":[{"name":"wp","href":"https:\/\/api.w.org\/{rel}","templated":true}]}}