{"id":13025,"date":"2021-01-21T13:38:16","date_gmt":"2021-01-21T16:38:16","guid":{"rendered":"https:\/\/abrelivros.org.br\/site\/?p=13025"},"modified":"2021-01-21T13:38:16","modified_gmt":"2021-01-21T16:38:16","slug":"o-prazo-de-adesao-ao-tempo-de-aprender-foi-reaberto-para-as-secretarias-de-educacao-que-queiram-participar","status":"publish","type":"post","link":"https:\/\/abrelivros.org.br\/site\/o-prazo-de-adesao-ao-tempo-de-aprender-foi-reaberto-para-as-secretarias-de-educacao-que-queiram-participar\/","title":{"rendered":"O prazo de ades\u00e3o ao Tempo de Aprender foi reaberto para as secretarias de educa\u00e7\u00e3o que queiram participar"},"content":{"rendered":"<p>Os gestores das redes de educa\u00e7\u00e3o que tiverem interesse em realizar a inscri\u00e7\u00e3o no programa Tempo de Aprender podem acessar a <a href=\"http:\/\/alfabetizacao.mec.gov.br\/secretario-de-educacao-clique-aqui-para-realizar-a-adesao\" target=\"_blank\" rel=\"noopener noreferrer\">p\u00e1gina<\/a> at\u00e9 o dia 31 de janeiro, e preencher o <a href=\"http:\/\/formularios2.mec.gov.br\/formulario-secretaria-alfabetizacao\" target=\"_blank\" rel=\"noopener noreferrer\">formul\u00e1rio de ades\u00e3o ao programa<\/a>. Trata-se de uma Pol\u00edtica de Estado voltada \u00e0 alfabetiza\u00e7\u00e3o baseada em evid\u00eancias cient\u00edficas e legado de uma gest\u00e3o direcionada a resultados que impactam diretamente a vida das crian\u00e7as e o pleno exerc\u00edcio da cidadania.<!--more--><\/p>\n<p>Institu\u00eddo em 2020, o Programa, do Minist\u00e9rio da Educa\u00e7\u00e3o (MEC), tem despertado o interesse de milhares de secretarias de educa\u00e7\u00e3o desde que foi lan\u00e7ado. At\u00e9 o momento, 4.437 secretarias municipais, estaduais e a distrital aderiram ao programa, o que corresponde a 79,66% do total (o Brasil tem 5.570 munic\u00edpios, 26 estados e o Distrito Federal \u2013 uma soma que resulta em 5.597 secretarias).<\/p>\n<p>\u201cO Tempo de Aprender tem como objetivo enfrentar as defici\u00eancias da alfabetiza\u00e7\u00e3o no Brasil e conta com a\u00e7\u00f5es estruturadas em quatro eixos: I &#8211; forma\u00e7\u00e3o continuada de profissionais da alfabetiza\u00e7\u00e3o; II &#8211; apoio pedag\u00f3gico para a alfabetiza\u00e7\u00e3o; III &#8211; aprimoramento das avalia\u00e7\u00f5es da alfabetiza\u00e7\u00e3o; e IV \u2013 a valoriza\u00e7\u00e3o dos profissionais da alfabetiza\u00e7\u00e3o\u201d, explica o secret\u00e1rio de alfabetiza\u00e7\u00e3o do MEC, Carlos Nadalim.<\/p>\n<p>J\u00e1 s\u00e3o 20 secretarias entre as estaduais e a distrital que aderiram ao programa, s\u00e3o elas: Acre (AC); Amap\u00e1 (AP); Distrito Federal (DF); Esp\u00edrito Santo (ES); Goi\u00e1s (GO); Mato Grosso (MT); Mato Grosso do Sul (MS); Minas Gerais (MG); Par\u00e1 (PA); Paran\u00e1 (PR); Pernambuco (PE); Piau\u00ed (PI); Rio de Janeiro (RJ); Rio Grande do Sul (RS); Rond\u00f4nia (RO); Roraima (RR); Santa Catarina (SC); S\u00e3o Paulo (SP); Sergipe (SE); e Tocantins (TO).<\/p>\n<p>Entre as secretarias municipais, 23 s\u00e3o das seguintes capitais: Aracaju, Belo Horizonte, Boa Vista, Campo Grande, Cuiab\u00e1, Florian\u00f3polis, Goi\u00e2nia, Jo\u00e3o Pessoa, Macap\u00e1, Macei\u00f3, Manaus, Natal, Palmas, Porto Alegre, Porto Velho, Recife, Rio Branco, Rio de Janeiro, Salvador, S\u00e3o Lu\u00eds, S\u00e3o Paulo, Teresina e Vit\u00f3ria.<\/p>\n","protected":false},"excerpt":{"rendered":"<p>Os gestores das redes de educa\u00e7\u00e3o que tiverem interesse em realizar a inscri\u00e7\u00e3o no programa Tempo de Aprender podem acessar a p\u00e1gina at\u00e9 o dia 31 de janeiro, e preencher o formul\u00e1rio de ades\u00e3o ao programa. Trata-se de uma Pol\u00edtica de Estado voltada \u00e0 alfabetiza\u00e7\u00e3o baseada em evid\u00eancias cient\u00edficas e legado de uma gest\u00e3o direcionada [&hellip;]<\/p>\n","protected":false},"author":4,"featured_media":0,"comment_status":"closed","ping_status":"closed","sticky":false,"template":"","format":"standard","meta":{"footnotes":"","_links_to":"","_links_to_target":""},"categories":[9],"tags":[],"class_list":["post-13025","post","type-post","status-publish","format-standard","hentry","category-noticias-da-imprensa"],"yoast_head":"<!-- This site is optimized with the Yoast SEO plugin v15.1 - https:\/\/yoast.com\/wordpress\/plugins\/seo\/ -->\n<title>O prazo de ades\u00e3o ao Tempo de Aprender foi reaberto para as secretarias de educa\u00e7\u00e3o que queiram participar &raquo; Abrelivros<\/title>\n<meta name=\"robots\" content=\"index, follow, max-snippet:-1, max-image-preview:large, max-video-preview:-1\" \/>\n<link rel=\"canonical\" href=\"https:\/\/abrelivros.org.br\/site\/o-prazo-de-adesao-ao-tempo-de-aprender-foi-reaberto-para-as-secretarias-de-educacao-que-queiram-participar\/\" \/>\n<meta property=\"og:locale\" content=\"pt_BR\" \/>\n<meta property=\"og:type\" content=\"article\" \/>\n<meta property=\"og:title\" content=\"O prazo de ades\u00e3o ao Tempo de Aprender foi reaberto para as secretarias de educa\u00e7\u00e3o que queiram participar &raquo; Abrelivros\" \/>\n<meta property=\"og:description\" content=\"Os gestores das redes de educa\u00e7\u00e3o que tiverem interesse em realizar a inscri\u00e7\u00e3o no programa Tempo de Aprender podem acessar a p\u00e1gina at\u00e9 o dia 31 de janeiro, e preencher o formul\u00e1rio de ades\u00e3o ao programa. Trata-se de uma Pol\u00edtica de Estado voltada \u00e0 alfabetiza\u00e7\u00e3o baseada em evid\u00eancias cient\u00edficas e legado de uma gest\u00e3o direcionada [&hellip;]\" \/>\n<meta property=\"og:url\" content=\"https:\/\/abrelivros.org.br\/site\/o-prazo-de-adesao-ao-tempo-de-aprender-foi-reaberto-para-as-secretarias-de-educacao-que-queiram-participar\/\" \/>\n<meta property=\"og:site_name\" content=\"Abrelivros\" \/>\n<meta property=\"article:published_time\" content=\"2021-01-21T16:38:16+00:00\" \/>\n<meta name=\"twitter:card\" content=\"summary_large_image\" \/>\n<script type=\"application\/ld+json\" class=\"yoast-schema-graph\">{\"@context\":\"https:\/\/schema.org\",\"@graph\":[{\"@type\":\"WebSite\",\"@id\":\"https:\/\/abrelivros.org.br\/site\/#website\",\"url\":\"https:\/\/abrelivros.org.br\/site\/\",\"name\":\"Abrelivros\",\"description\":\"\",\"potentialAction\":[{\"@type\":\"SearchAction\",\"target\":\"https:\/\/abrelivros.org.br\/site\/?s={search_term_string}\",\"query-input\":\"required name=search_term_string\"}],\"inLanguage\":\"pt-BR\"},{\"@type\":\"WebPage\",\"@id\":\"https:\/\/abrelivros.org.br\/site\/o-prazo-de-adesao-ao-tempo-de-aprender-foi-reaberto-para-as-secretarias-de-educacao-que-queiram-participar\/#webpage\",\"url\":\"https:\/\/abrelivros.org.br\/site\/o-prazo-de-adesao-ao-tempo-de-aprender-foi-reaberto-para-as-secretarias-de-educacao-que-queiram-participar\/\",\"name\":\"O prazo de ades\\u00e3o ao Tempo de Aprender foi reaberto para as secretarias de educa\\u00e7\\u00e3o que queiram participar &raquo; Abrelivros\",\"isPartOf\":{\"@id\":\"https:\/\/abrelivros.org.br\/site\/#website\"},\"datePublished\":\"2021-01-21T16:38:16+00:00\",\"dateModified\":\"2021-01-21T16:38:16+00:00\",\"author\":{\"@id\":\"https:\/\/abrelivros.org.br\/site\/#\/schema\/person\/65db80e26409802ce15ac5feec6a15fd\"},\"breadcrumb\":{\"@id\":\"https:\/\/abrelivros.org.br\/site\/o-prazo-de-adesao-ao-tempo-de-aprender-foi-reaberto-para-as-secretarias-de-educacao-que-queiram-participar\/#breadcrumb\"},\"inLanguage\":\"pt-BR\",\"potentialAction\":[{\"@type\":\"ReadAction\",\"target\":[\"https:\/\/abrelivros.org.br\/site\/o-prazo-de-adesao-ao-tempo-de-aprender-foi-reaberto-para-as-secretarias-de-educacao-que-queiram-participar\/\"]}]},{\"@type\":\"BreadcrumbList\",\"@id\":\"https:\/\/abrelivros.org.br\/site\/o-prazo-de-adesao-ao-tempo-de-aprender-foi-reaberto-para-as-secretarias-de-educacao-que-queiram-participar\/#breadcrumb\",\"itemListElement\":[{\"@type\":\"ListItem\",\"position\":1,\"item\":{\"@type\":\"WebPage\",\"@id\":\"https:\/\/abrelivros.org.br\/site\/\",\"url\":\"https:\/\/abrelivros.org.br\/site\/\",\"name\":\"In\\u00edcio\"}},{\"@type\":\"ListItem\",\"position\":2,\"item\":{\"@type\":\"WebPage\",\"@id\":\"https:\/\/abrelivros.org.br\/site\/category\/noticias\/\",\"url\":\"https:\/\/abrelivros.org.br\/site\/category\/noticias\/\",\"name\":\"Not\\u00edcias\"}},{\"@type\":\"ListItem\",\"position\":3,\"item\":{\"@type\":\"WebPage\",\"@id\":\"https:\/\/abrelivros.org.br\/site\/category\/noticias\/noticias-da-imprensa\/\",\"url\":\"https:\/\/abrelivros.org.br\/site\/category\/noticias\/noticias-da-imprensa\/\",\"name\":\"Not\\u00edcias da imprensa\"}},{\"@type\":\"ListItem\",\"position\":4,\"item\":{\"@type\":\"WebPage\",\"@id\":\"https:\/\/abrelivros.org.br\/site\/o-prazo-de-adesao-ao-tempo-de-aprender-foi-reaberto-para-as-secretarias-de-educacao-que-queiram-participar\/\",\"url\":\"https:\/\/abrelivros.org.br\/site\/o-prazo-de-adesao-ao-tempo-de-aprender-foi-reaberto-para-as-secretarias-de-educacao-que-queiram-participar\/\",\"name\":\"O prazo de ades\\u00e3o ao Tempo de Aprender foi reaberto para as secretarias de educa\\u00e7\\u00e3o que queiram participar\"}}]},{\"@type\":\"Person\",\"@id\":\"https:\/\/abrelivros.org.br\/site\/#\/schema\/person\/65db80e26409802ce15ac5feec6a15fd\",\"name\":\"Reda\\u00e7\\u00e3o Abrelivros\",\"image\":{\"@type\":\"ImageObject\",\"@id\":\"https:\/\/abrelivros.org.br\/site\/#personlogo\",\"inLanguage\":\"pt-BR\",\"url\":\"https:\/\/secure.gravatar.com\/avatar\/c4e57f9c7e3482965bd428192061218520756c39080b1d1820b679fa5e9af192?s=96&d=mm&r=g\",\"caption\":\"Reda\\u00e7\\u00e3o Abrelivros\"}}]}<\/script>\n<!-- \/ Yoast SEO plugin. -->","_links":{"self":[{"href":"https:\/\/abrelivros.org.br\/site\/wp-json\/wp\/v2\/posts\/13025","targetHints":{"allow":["GET"]}}],"collection":[{"href":"https:\/\/abrelivros.org.br\/site\/wp-json\/wp\/v2\/posts"}],"about":[{"href":"https:\/\/abrelivros.org.br\/site\/wp-json\/wp\/v2\/types\/post"}],"author":[{"embeddable":true,"href":"https:\/\/abrelivros.org.br\/site\/wp-json\/wp\/v2\/users\/4"}],"replies":[{"embeddable":true,"href":"https:\/\/abrelivros.org.br\/site\/wp-json\/wp\/v2\/comments?post=13025"}],"version-history":[{"count":1,"href":"https:\/\/abrelivros.org.br\/site\/wp-json\/wp\/v2\/posts\/13025\/revisions"}],"predecessor-version":[{"id":13026,"href":"https:\/\/abrelivros.org.br\/site\/wp-json\/wp\/v2\/posts\/13025\/revisions\/13026"}],"wp:attachment":[{"href":"https:\/\/abrelivros.org.br\/site\/wp-json\/wp\/v2\/media?parent=13025"}],"wp:term":[{"taxonomy":"category","embeddable":true,"href":"https:\/\/abrelivros.org.br\/site\/wp-json\/wp\/v2\/categories?post=13025"},{"taxonomy":"post_tag","embeddable":true,"href":"https:\/\/abrelivros.org.br\/site\/wp-json\/wp\/v2\/tags?post=13025"}],"curies":[{"name":"wp","href":"https:\/\/api.w.org\/{rel}","templated":true}]}}