{"id":13022,"date":"2021-01-21T13:30:38","date_gmt":"2021-01-21T16:30:38","guid":{"rendered":"https:\/\/abrelivros.org.br\/site\/?p=13022"},"modified":"2021-01-21T13:31:14","modified_gmt":"2021-01-21T16:31:14","slug":"inscricoes-para-elaboradores-de-imagens-vao-ate-dia-24","status":"publish","type":"post","link":"https:\/\/abrelivros.org.br\/site\/inscricoes-para-elaboradores-de-imagens-vao-ate-dia-24\/","title":{"rendered":"Inscri\u00e7\u00f5es para elaboradores de imagens v\u00e3o at\u00e9 dia 24"},"content":{"rendered":"<p>Interessados em se inscrever na seletiva de elaboradores de imagens para o Sistema de Avalia\u00e7\u00e3o da Educa\u00e7\u00e3o B\u00e1sica (Saeb) devem realizar o cadastro at\u00e9 o pr\u00f3ximo domingo, 24 de janeiro, pelo sistema de inscri\u00e7\u00e3o do Banco Nacional de Itens (BNI). O processo seletivo \u00e9 voltado a professores e artistas visuais. Os selecionados ser\u00e3o respons\u00e1veis pela produ\u00e7\u00e3o digital de imagens, hist\u00f3rias em quadrinhos, ilustra\u00e7\u00f5es, fotografias e demais artes digitais das quest\u00f5es que poder\u00e3o compor as avalia\u00e7\u00f5es da educa\u00e7\u00e3o b\u00e1sica.<!--more--><\/p>\n<p>Entre os requisitos exigidos, o candidato deve ser, obrigatoriamente, graduado em artes, artes visuais, comunica\u00e7\u00e3o social, arquitetura, design ou \u00e1reas afins, conforme previsto no edital. \u00c9 necess\u00e1rio ter habilidade para elabora\u00e7\u00e3o de imagens digitais, al\u00e9m de possuir conhecimentos de inform\u00e1tica suficientes para acessar, editar e realizar servi\u00e7os em plataformas da internet. Tamb\u00e9m \u00e9 imprescind\u00edvel ter habilidade espec\u00edfica em ilustra\u00e7\u00e3o e\/ou em fotografia na solu\u00e7\u00e3o digital de quest\u00f5es visuais.<\/p>\n<p>No momento do cadastro, os interessados dever\u00e3o indicar o perfil de vaga \u00e0 qual est\u00e3o se candidatando, al\u00e9m de anexar os documentos comprobat\u00f3rios \u2014 entre eles, diploma, certificado (frente e verso) ou declara\u00e7\u00e3o de conclus\u00e3o de curso na \u00e1rea de interesse da seletiva. A documenta\u00e7\u00e3o dever\u00e1 ser anexada em PDF, em arquivo \u00fanico, contendo o nome do candidato e o n\u00famero do perfil selecionado. Vale destacar que os interessados podem se candidatar a mais de um perfil de vaga.<\/p>\n<p>O sistema de cadastro n\u00e3o permitir\u00e1 a conclus\u00e3o do cadastro dos colaboradores que n\u00e3o preencherem todas as etapas previstas no edital. \u00c9 importante ressaltar que a condi\u00e7\u00e3o de colaborador credenciado tamb\u00e9m ser\u00e1 atribu\u00edda somente aos candidatos que, ao final do processo de sele\u00e7\u00e3o, obtiverem frequ\u00eancia de 100% e aproveitamento m\u00ednimo nas atividades de capacita\u00e7\u00e3o.<\/p>\n<p>Ser\u00e1 realizada uma classifica\u00e7\u00e3o de acordo com a pontua\u00e7\u00e3o obtida nos requisitos obrigat\u00f3rios e complementares, a partir da confer\u00eancia dos documentos comprobat\u00f3rios enviados pelo candidato. A classifica\u00e7\u00e3o determinar\u00e1 a ordem em que os candidatos selecionados ser\u00e3o convocados para as capacita\u00e7\u00f5es, conforme o perfil e as necessidades do Inep.<\/p>\n<p>\u00c9 importante lembrar que o candidato n\u00e3o pode ser do quadro de servidores efetivos ou comissionados do Minist\u00e9rio da Educa\u00e7\u00e3o (MEC), da Coordena\u00e7\u00e3o de Aperfei\u00e7oamento de Pessoal de N\u00edvel Superior (CAPES), do Inep, do Fundo Nacional de Desenvolvimento da Educa\u00e7\u00e3o (FNDE), do Conselho Nacional de Desenvolvimento Cient\u00edfico e Tecnol\u00f3gico (CNPq) ou da Financiadora de Estudos e Projetos (Finep), ou neles estar em exerc\u00edcio, exceto no caso de docentes do ensino superior.<\/p>\n<p><strong>Saeb<\/strong> \u2013 Realizado desde 1990, o Sistema de Avalia\u00e7\u00e3o da Educa\u00e7\u00e3o B\u00e1sica \u00e9 um processo de avalia\u00e7\u00e3o em larga escala realizado periodicamente pelo Inep. O Saeb oferece subs\u00eddios para a elabora\u00e7\u00e3o, o monitoramento e o aprimoramento de pol\u00edticas com base em evid\u00eancias, permitindo que os diversos n\u00edveis governamentais avaliem a qualidade da educa\u00e7\u00e3o praticada no pa\u00eds. Por meio de testes e question\u00e1rios, a avalia\u00e7\u00e3o reflete os n\u00edveis de aprendizagem demonstrados pelo conjunto de estudantes. Esses n\u00edveis de aprendizagem est\u00e3o descritos e organizados de modo crescente, em escalas de profici\u00eancia de l\u00edngua portuguesa e de matem\u00e1tica, para cada uma das etapas avaliadas. A interpreta\u00e7\u00e3o dos resultados do Saeb deve ser realizada com apoio das escalas de profici\u00eancia. Os resultados de aprendizagem dos estudantes apurados no Saeb, juntamente com as taxas de aprova\u00e7\u00e3o, reprova\u00e7\u00e3o e abandono apuradas no Censo Escolar, comp\u00f5em o \u00cdndice de Desenvolvimento da Educa\u00e7\u00e3o B\u00e1sica (Ideb).<\/p>\n<p><a href=\"https:\/\/download.inep.gov.br\/educacao_basica\/saeb\/2020\/legislacao\/edital\/edital_n97_11112020.pdf\" target=\"_blank\" rel=\"noopener noreferrer\">Acesse o Edital n.\u00ba 97<\/a><\/p>\n<p><a href=\"https:\/\/www.in.gov.br\/en\/web\/dou\/-\/retificacao-298442864\" target=\"_blank\" rel=\"noopener noreferrer\">Acesse a retifica\u00e7\u00e3o do edital<\/a><\/p>\n<p><a href=\"http:\/\/bni.inep.gov.br\/inscricao\/\" target=\"_blank\" rel=\"noopener noreferrer\">Acesse o Sistema BNI<\/a><\/p>\n<p><a href=\"https:\/\/www.gov.br\/inep\/pt-br\/areas-de-atuacao\/avaliacao-e-exames-educacionais\/saeb\" target=\"_blank\" rel=\"noopener noreferrer\">Saiba mais sobre o Saeb<\/a><\/p>\n","protected":false},"excerpt":{"rendered":"<p>Interessados em se inscrever na seletiva de elaboradores de imagens para o Sistema de Avalia\u00e7\u00e3o da Educa\u00e7\u00e3o B\u00e1sica (Saeb) devem realizar o cadastro at\u00e9 o pr\u00f3ximo domingo, 24 de janeiro, pelo sistema de inscri\u00e7\u00e3o do Banco Nacional de Itens (BNI). O processo seletivo \u00e9 voltado a professores e artistas visuais. Os selecionados ser\u00e3o respons\u00e1veis pela [&hellip;]<\/p>\n","protected":false},"author":4,"featured_media":0,"comment_status":"closed","ping_status":"closed","sticky":false,"template":"","format":"standard","meta":{"footnotes":"","_links_to":"","_links_to_target":""},"categories":[9],"tags":[],"class_list":["post-13022","post","type-post","status-publish","format-standard","hentry","category-noticias-da-imprensa"],"yoast_head":"<!-- This site is optimized with the Yoast SEO plugin v15.1 - https:\/\/yoast.com\/wordpress\/plugins\/seo\/ -->\n<title>Inscri\u00e7\u00f5es para elaboradores de imagens v\u00e3o at\u00e9 dia 24 &raquo; Abrelivros<\/title>\n<meta name=\"robots\" content=\"index, follow, max-snippet:-1, max-image-preview:large, max-video-preview:-1\" \/>\n<link rel=\"canonical\" href=\"https:\/\/abrelivros.org.br\/site\/inscricoes-para-elaboradores-de-imagens-vao-ate-dia-24\/\" \/>\n<meta property=\"og:locale\" content=\"pt_BR\" \/>\n<meta property=\"og:type\" content=\"article\" \/>\n<meta property=\"og:title\" content=\"Inscri\u00e7\u00f5es para elaboradores de imagens v\u00e3o at\u00e9 dia 24 &raquo; Abrelivros\" \/>\n<meta property=\"og:description\" content=\"Interessados em se inscrever na seletiva de elaboradores de imagens para o Sistema de Avalia\u00e7\u00e3o da Educa\u00e7\u00e3o B\u00e1sica (Saeb) devem realizar o cadastro at\u00e9 o pr\u00f3ximo domingo, 24 de janeiro, pelo sistema de inscri\u00e7\u00e3o do Banco Nacional de Itens (BNI). O processo seletivo \u00e9 voltado a professores e artistas visuais. Os selecionados ser\u00e3o respons\u00e1veis pela [&hellip;]\" \/>\n<meta property=\"og:url\" content=\"https:\/\/abrelivros.org.br\/site\/inscricoes-para-elaboradores-de-imagens-vao-ate-dia-24\/\" \/>\n<meta property=\"og:site_name\" content=\"Abrelivros\" \/>\n<meta property=\"article:published_time\" content=\"2021-01-21T16:30:38+00:00\" \/>\n<meta property=\"article:modified_time\" content=\"2021-01-21T16:31:14+00:00\" \/>\n<meta name=\"twitter:card\" content=\"summary_large_image\" \/>\n<script type=\"application\/ld+json\" class=\"yoast-schema-graph\">{\"@context\":\"https:\/\/schema.org\",\"@graph\":[{\"@type\":\"WebSite\",\"@id\":\"https:\/\/abrelivros.org.br\/site\/#website\",\"url\":\"https:\/\/abrelivros.org.br\/site\/\",\"name\":\"Abrelivros\",\"description\":\"\",\"potentialAction\":[{\"@type\":\"SearchAction\",\"target\":\"https:\/\/abrelivros.org.br\/site\/?s={search_term_string}\",\"query-input\":\"required name=search_term_string\"}],\"inLanguage\":\"pt-BR\"},{\"@type\":\"WebPage\",\"@id\":\"https:\/\/abrelivros.org.br\/site\/inscricoes-para-elaboradores-de-imagens-vao-ate-dia-24\/#webpage\",\"url\":\"https:\/\/abrelivros.org.br\/site\/inscricoes-para-elaboradores-de-imagens-vao-ate-dia-24\/\",\"name\":\"Inscri\\u00e7\\u00f5es para elaboradores de imagens v\\u00e3o at\\u00e9 dia 24 &raquo; Abrelivros\",\"isPartOf\":{\"@id\":\"https:\/\/abrelivros.org.br\/site\/#website\"},\"datePublished\":\"2021-01-21T16:30:38+00:00\",\"dateModified\":\"2021-01-21T16:31:14+00:00\",\"author\":{\"@id\":\"https:\/\/abrelivros.org.br\/site\/#\/schema\/person\/65db80e26409802ce15ac5feec6a15fd\"},\"breadcrumb\":{\"@id\":\"https:\/\/abrelivros.org.br\/site\/inscricoes-para-elaboradores-de-imagens-vao-ate-dia-24\/#breadcrumb\"},\"inLanguage\":\"pt-BR\",\"potentialAction\":[{\"@type\":\"ReadAction\",\"target\":[\"https:\/\/abrelivros.org.br\/site\/inscricoes-para-elaboradores-de-imagens-vao-ate-dia-24\/\"]}]},{\"@type\":\"BreadcrumbList\",\"@id\":\"https:\/\/abrelivros.org.br\/site\/inscricoes-para-elaboradores-de-imagens-vao-ate-dia-24\/#breadcrumb\",\"itemListElement\":[{\"@type\":\"ListItem\",\"position\":1,\"item\":{\"@type\":\"WebPage\",\"@id\":\"https:\/\/abrelivros.org.br\/site\/\",\"url\":\"https:\/\/abrelivros.org.br\/site\/\",\"name\":\"In\\u00edcio\"}},{\"@type\":\"ListItem\",\"position\":2,\"item\":{\"@type\":\"WebPage\",\"@id\":\"https:\/\/abrelivros.org.br\/site\/category\/noticias\/\",\"url\":\"https:\/\/abrelivros.org.br\/site\/category\/noticias\/\",\"name\":\"Not\\u00edcias\"}},{\"@type\":\"ListItem\",\"position\":3,\"item\":{\"@type\":\"WebPage\",\"@id\":\"https:\/\/abrelivros.org.br\/site\/category\/noticias\/noticias-da-imprensa\/\",\"url\":\"https:\/\/abrelivros.org.br\/site\/category\/noticias\/noticias-da-imprensa\/\",\"name\":\"Not\\u00edcias da imprensa\"}},{\"@type\":\"ListItem\",\"position\":4,\"item\":{\"@type\":\"WebPage\",\"@id\":\"https:\/\/abrelivros.org.br\/site\/inscricoes-para-elaboradores-de-imagens-vao-ate-dia-24\/\",\"url\":\"https:\/\/abrelivros.org.br\/site\/inscricoes-para-elaboradores-de-imagens-vao-ate-dia-24\/\",\"name\":\"Inscri\\u00e7\\u00f5es para elaboradores de imagens v\\u00e3o at\\u00e9 dia 24\"}}]},{\"@type\":\"Person\",\"@id\":\"https:\/\/abrelivros.org.br\/site\/#\/schema\/person\/65db80e26409802ce15ac5feec6a15fd\",\"name\":\"Reda\\u00e7\\u00e3o Abrelivros\",\"image\":{\"@type\":\"ImageObject\",\"@id\":\"https:\/\/abrelivros.org.br\/site\/#personlogo\",\"inLanguage\":\"pt-BR\",\"url\":\"https:\/\/secure.gravatar.com\/avatar\/c4e57f9c7e3482965bd428192061218520756c39080b1d1820b679fa5e9af192?s=96&d=mm&r=g\",\"caption\":\"Reda\\u00e7\\u00e3o Abrelivros\"}}]}<\/script>\n<!-- \/ Yoast SEO plugin. -->","_links":{"self":[{"href":"https:\/\/abrelivros.org.br\/site\/wp-json\/wp\/v2\/posts\/13022","targetHints":{"allow":["GET"]}}],"collection":[{"href":"https:\/\/abrelivros.org.br\/site\/wp-json\/wp\/v2\/posts"}],"about":[{"href":"https:\/\/abrelivros.org.br\/site\/wp-json\/wp\/v2\/types\/post"}],"author":[{"embeddable":true,"href":"https:\/\/abrelivros.org.br\/site\/wp-json\/wp\/v2\/users\/4"}],"replies":[{"embeddable":true,"href":"https:\/\/abrelivros.org.br\/site\/wp-json\/wp\/v2\/comments?post=13022"}],"version-history":[{"count":2,"href":"https:\/\/abrelivros.org.br\/site\/wp-json\/wp\/v2\/posts\/13022\/revisions"}],"predecessor-version":[{"id":13024,"href":"https:\/\/abrelivros.org.br\/site\/wp-json\/wp\/v2\/posts\/13022\/revisions\/13024"}],"wp:attachment":[{"href":"https:\/\/abrelivros.org.br\/site\/wp-json\/wp\/v2\/media?parent=13022"}],"wp:term":[{"taxonomy":"category","embeddable":true,"href":"https:\/\/abrelivros.org.br\/site\/wp-json\/wp\/v2\/categories?post=13022"},{"taxonomy":"post_tag","embeddable":true,"href":"https:\/\/abrelivros.org.br\/site\/wp-json\/wp\/v2\/tags?post=13022"}],"curies":[{"name":"wp","href":"https:\/\/api.w.org\/{rel}","templated":true}]}}