{"id":13015,"date":"2021-01-20T14:55:41","date_gmt":"2021-01-20T17:55:41","guid":{"rendered":"https:\/\/abrelivros.org.br\/site\/?p=13015"},"modified":"2021-01-20T14:55:41","modified_gmt":"2021-01-20T17:55:41","slug":"uma-nova-formacao-para-um-novo-ensino-medio","status":"publish","type":"post","link":"https:\/\/abrelivros.org.br\/site\/uma-nova-formacao-para-um-novo-ensino-medio\/","title":{"rendered":"Uma nova forma\u00e7\u00e3o para um novo Ensino M\u00e9dio"},"content":{"rendered":"<p>SM Educa\u00e7\u00e3o lan\u00e7a em parceria com a Universidade Cruzeiro do Sul uma trilha gratuita de aprendizagem cont\u00ednua para gestores e educadores que tem como objetivo promover a\u00e7\u00f5es de atualiza\u00e7\u00e3o pr\u00e1tica para educadores e gestores.<!--more--><\/p>\n<p>A SM Educa\u00e7\u00e3o lan\u00e7ou, em parceria com a Universidade Cruzeiro do Sul, uma solu\u00e7\u00e3o para que professores possam acompanhar as altera\u00e7\u00f5es na Base Nacional Comum Curricular (BNCC). O Na pr\u00e1tica, \u00e9 uma trilha de forma\u00e7\u00e3o continuada que tem como objetivo promover a\u00e7\u00f5es de atualiza\u00e7\u00e3o pr\u00e1tica para educadores e gestores, com foco na compreens\u00e3o dos aspectos legais, estruturais e pedag\u00f3gicos nos quais se baseiam a proposta do Novo Ensino M\u00e9dio.<\/p>\n<p>Com as novas mudan\u00e7as, alunos e professores ter\u00e3o que se acostumar com a ideia de entender as disciplinas como parte integrante de quatro grandes \u00e1reas do conhecimento: Matem\u00e1tica, Linguagens, Ci\u00eancias Humanas e Ci\u00eancias da Natureza. A trilha \u00e9 dividida em sete etapas formativas, chamadas Esta\u00e7\u00f5es de Aprendizagem, com elementos que gestores e educadores podem aprender e refletir sobre as melhores pr\u00e1ticas para o novo Ensino M\u00e9dio. Cada Esta\u00e7\u00e3o tem carga hor\u00e1ria de 20h e o participante dever\u00e1 trilhar no m\u00ednimo 60h nas Esta\u00e7\u00f5es obrigat\u00f3rias 1, 2 e 3 para receber um certificado de conclus\u00e3o emitido pela Universidade Cruzeiro do Sul.<\/p>\n<p>Para se inscrever \u00e9 s\u00f3 <a href=\"https:\/\/www.smeducacao.com.br\/napratica\/?utm_campaign=na-pratica&amp;utm_content=cta&amp;utm_medium=email&amp;utm_source=rd-station&amp;utm_term=base-generica-sm\">clicar aqui<\/a>.<\/p>\n","protected":false},"excerpt":{"rendered":"<p>SM Educa\u00e7\u00e3o lan\u00e7a em parceria com a Universidade Cruzeiro do Sul uma trilha gratuita de aprendizagem cont\u00ednua para gestores e educadores que tem como objetivo promover a\u00e7\u00f5es de atualiza\u00e7\u00e3o pr\u00e1tica para educadores e gestores.<\/p>\n","protected":false},"author":4,"featured_media":0,"comment_status":"closed","ping_status":"closed","sticky":false,"template":"","format":"standard","meta":{"footnotes":"","_links_to":"","_links_to_target":""},"categories":[9,14],"tags":[],"class_list":["post-13015","post","type-post","status-publish","format-standard","hentry","category-noticias-da-imprensa","category-noticias-das-editoras"],"yoast_head":"<!-- This site is optimized with the Yoast SEO plugin v15.1 - https:\/\/yoast.com\/wordpress\/plugins\/seo\/ -->\n<title>Uma nova forma\u00e7\u00e3o para um novo Ensino M\u00e9dio &raquo; Abrelivros<\/title>\n<meta name=\"robots\" content=\"index, follow, max-snippet:-1, max-image-preview:large, max-video-preview:-1\" \/>\n<link rel=\"canonical\" href=\"https:\/\/abrelivros.org.br\/site\/uma-nova-formacao-para-um-novo-ensino-medio\/\" \/>\n<meta property=\"og:locale\" content=\"pt_BR\" \/>\n<meta property=\"og:type\" content=\"article\" \/>\n<meta property=\"og:title\" content=\"Uma nova forma\u00e7\u00e3o para um novo Ensino M\u00e9dio &raquo; Abrelivros\" \/>\n<meta property=\"og:description\" content=\"SM Educa\u00e7\u00e3o lan\u00e7a em parceria com a Universidade Cruzeiro do Sul uma trilha gratuita de aprendizagem cont\u00ednua para gestores e educadores que tem como objetivo promover a\u00e7\u00f5es de atualiza\u00e7\u00e3o pr\u00e1tica para educadores e gestores.\" \/>\n<meta property=\"og:url\" content=\"https:\/\/abrelivros.org.br\/site\/uma-nova-formacao-para-um-novo-ensino-medio\/\" \/>\n<meta property=\"og:site_name\" content=\"Abrelivros\" \/>\n<meta property=\"article:published_time\" content=\"2021-01-20T17:55:41+00:00\" \/>\n<meta name=\"twitter:card\" content=\"summary_large_image\" \/>\n<script type=\"application\/ld+json\" class=\"yoast-schema-graph\">{\"@context\":\"https:\/\/schema.org\",\"@graph\":[{\"@type\":\"WebSite\",\"@id\":\"https:\/\/abrelivros.org.br\/site\/#website\",\"url\":\"https:\/\/abrelivros.org.br\/site\/\",\"name\":\"Abrelivros\",\"description\":\"\",\"potentialAction\":[{\"@type\":\"SearchAction\",\"target\":\"https:\/\/abrelivros.org.br\/site\/?s={search_term_string}\",\"query-input\":\"required name=search_term_string\"}],\"inLanguage\":\"pt-BR\"},{\"@type\":\"WebPage\",\"@id\":\"https:\/\/abrelivros.org.br\/site\/uma-nova-formacao-para-um-novo-ensino-medio\/#webpage\",\"url\":\"https:\/\/abrelivros.org.br\/site\/uma-nova-formacao-para-um-novo-ensino-medio\/\",\"name\":\"Uma nova forma\\u00e7\\u00e3o para um novo Ensino M\\u00e9dio &raquo; Abrelivros\",\"isPartOf\":{\"@id\":\"https:\/\/abrelivros.org.br\/site\/#website\"},\"datePublished\":\"2021-01-20T17:55:41+00:00\",\"dateModified\":\"2021-01-20T17:55:41+00:00\",\"author\":{\"@id\":\"https:\/\/abrelivros.org.br\/site\/#\/schema\/person\/65db80e26409802ce15ac5feec6a15fd\"},\"breadcrumb\":{\"@id\":\"https:\/\/abrelivros.org.br\/site\/uma-nova-formacao-para-um-novo-ensino-medio\/#breadcrumb\"},\"inLanguage\":\"pt-BR\",\"potentialAction\":[{\"@type\":\"ReadAction\",\"target\":[\"https:\/\/abrelivros.org.br\/site\/uma-nova-formacao-para-um-novo-ensino-medio\/\"]}]},{\"@type\":\"BreadcrumbList\",\"@id\":\"https:\/\/abrelivros.org.br\/site\/uma-nova-formacao-para-um-novo-ensino-medio\/#breadcrumb\",\"itemListElement\":[{\"@type\":\"ListItem\",\"position\":1,\"item\":{\"@type\":\"WebPage\",\"@id\":\"https:\/\/abrelivros.org.br\/site\/\",\"url\":\"https:\/\/abrelivros.org.br\/site\/\",\"name\":\"In\\u00edcio\"}},{\"@type\":\"ListItem\",\"position\":2,\"item\":{\"@type\":\"WebPage\",\"@id\":\"https:\/\/abrelivros.org.br\/site\/category\/noticias\/\",\"url\":\"https:\/\/abrelivros.org.br\/site\/category\/noticias\/\",\"name\":\"Not\\u00edcias\"}},{\"@type\":\"ListItem\",\"position\":3,\"item\":{\"@type\":\"WebPage\",\"@id\":\"https:\/\/abrelivros.org.br\/site\/category\/noticias\/noticias-da-imprensa\/\",\"url\":\"https:\/\/abrelivros.org.br\/site\/category\/noticias\/noticias-da-imprensa\/\",\"name\":\"Not\\u00edcias da imprensa\"}},{\"@type\":\"ListItem\",\"position\":4,\"item\":{\"@type\":\"WebPage\",\"@id\":\"https:\/\/abrelivros.org.br\/site\/uma-nova-formacao-para-um-novo-ensino-medio\/\",\"url\":\"https:\/\/abrelivros.org.br\/site\/uma-nova-formacao-para-um-novo-ensino-medio\/\",\"name\":\"Uma nova forma\\u00e7\\u00e3o para um novo Ensino M\\u00e9dio\"}}]},{\"@type\":\"Person\",\"@id\":\"https:\/\/abrelivros.org.br\/site\/#\/schema\/person\/65db80e26409802ce15ac5feec6a15fd\",\"name\":\"Reda\\u00e7\\u00e3o Abrelivros\",\"image\":{\"@type\":\"ImageObject\",\"@id\":\"https:\/\/abrelivros.org.br\/site\/#personlogo\",\"inLanguage\":\"pt-BR\",\"url\":\"https:\/\/secure.gravatar.com\/avatar\/c4e57f9c7e3482965bd428192061218520756c39080b1d1820b679fa5e9af192?s=96&d=mm&r=g\",\"caption\":\"Reda\\u00e7\\u00e3o Abrelivros\"}}]}<\/script>\n<!-- \/ Yoast SEO plugin. -->","_links":{"self":[{"href":"https:\/\/abrelivros.org.br\/site\/wp-json\/wp\/v2\/posts\/13015","targetHints":{"allow":["GET"]}}],"collection":[{"href":"https:\/\/abrelivros.org.br\/site\/wp-json\/wp\/v2\/posts"}],"about":[{"href":"https:\/\/abrelivros.org.br\/site\/wp-json\/wp\/v2\/types\/post"}],"author":[{"embeddable":true,"href":"https:\/\/abrelivros.org.br\/site\/wp-json\/wp\/v2\/users\/4"}],"replies":[{"embeddable":true,"href":"https:\/\/abrelivros.org.br\/site\/wp-json\/wp\/v2\/comments?post=13015"}],"version-history":[{"count":1,"href":"https:\/\/abrelivros.org.br\/site\/wp-json\/wp\/v2\/posts\/13015\/revisions"}],"predecessor-version":[{"id":13016,"href":"https:\/\/abrelivros.org.br\/site\/wp-json\/wp\/v2\/posts\/13015\/revisions\/13016"}],"wp:attachment":[{"href":"https:\/\/abrelivros.org.br\/site\/wp-json\/wp\/v2\/media?parent=13015"}],"wp:term":[{"taxonomy":"category","embeddable":true,"href":"https:\/\/abrelivros.org.br\/site\/wp-json\/wp\/v2\/categories?post=13015"},{"taxonomy":"post_tag","embeddable":true,"href":"https:\/\/abrelivros.org.br\/site\/wp-json\/wp\/v2\/tags?post=13015"}],"curies":[{"name":"wp","href":"https:\/\/api.w.org\/{rel}","templated":true}]}}